{"id":43945,"date":"2021-06-07T18:28:51","date_gmt":"2021-06-07T18:28:51","guid":{"rendered":"https:\/\/gazetaregionalna.com\/?p=43945"},"modified":"2021-06-07T18:28:52","modified_gmt":"2021-06-07T18:28:52","slug":"eltrox-wlokniarz-po-wygranej-z-motorem-za-3-punkty-jest-juz-na-3-miejscu-w-pge-ekstralidze-tabela","status":"publish","type":"post","link":"https:\/\/gazetaregionalna.com\/?p=43945","title":{"rendered":"Eltrox W\u0142\u00f3kniarz po wygranej z Motorem za 3 punkty jest ju\u017c na 3. miejscu w PGE Ekstralidze  [TABELA]"},"content":{"rendered":"\n<p>Pierwsza kolejka rundy rewan\u017cowej u\u0142o\u017cy\u0142a si\u0119 bardzo dobrze dla \u017cu\u017clowc\u00f3w Eltrox W\u0142\u00f3kniarz Cz\u0119stochowa. \u201eLwy\u201d w meczu z Motorem Lublin zdoby\u0142y 3 punkty i awansowa\u0142y z 5. na 3. pozycj\u0119&#8230;<\/p>\n\n\n\n<p>Po pierwsze kolejce rundy rewan\u017cowej w PGE Ekstralidze dosz\u0142o w tabeli do sporych przetasowa\u0144. Eltrox W\u0142\u00f3kniarz z 5. miejsca awansowa\u0142 na 3. Lider Motror Lublin po pora\u017cce w Cz\u0119stochowie spad\u0142 z 1. na 4. pozycj\u0119. Nowym liderem zosta\u0142 Betard Sparta Wroc\u0142aw. Z czo\u0142owej czw\u00f3rki \u201ewypad\u0142a\u201d Fogo Unia Leszno, kt\u00f3ra w ostatnich latach \u201erz\u0105dzi\u0142a\u201d w polskiej ekstralidze&#8230; Fogo Unia przegra\u0142a w niedziel\u0119 w Gorzowie. Stal na mistrzu Polski zdoby\u0142a bezcenne 5 punkt\u00f3w&#8230;<\/p>\n\n\n\n<p>W kolejnym spotkaniu Eltrox W\u0142\u00f3kniarz ju\u017c w pi\u0105tek \u015bciga\u0107 si\u0119 b\u0119dzie w Lesznie z Fogo Uni\u0105. Cz\u0119stochowianie maj\u0105 na koncie cztery zwyci\u0119stwa z rz\u0119du w PGE Ekstralidze i do Leszna pojad\u0105 zrewan\u017cowa\u0107 si\u0119 za pora\u017ck\u0119 u siebie na pocz\u0105tku obecnego sezonu. Je\u015bli cz\u0119stochowianie wygraj\u0105 w Lesznie to b\u0119d\u0105 bardzo blisko pozostanie w czo\u0142owej czw\u00f3rce&#8230; Je\u015bli jednak wygra Unia to zdob\u0119dzie 3 punkty i wyprzedzi cz\u0119stochowian w tabeli PGE Ekstraligi&#8230;<\/p>\n\n\n\n<ol class=\"wp-block-list\"><li>Betard Sparta Wroc\u0142aw                 8 13 101<\/li><li>Moje Bermudy Stal Gorz\u00f3w           8 13 42<\/li><li>Eltrox W\u0142\u00f3kniarz Cz\u0119stochowa       8 11 28<\/li><li>Motor Lublin                                8 11 8<\/li><li>Fogo Unia Leszno                         8 8 20<\/li><li>Ewinner Apator Toru\u0144                   8 5 -20<\/li><li>Marwis.pl Falubaz Zielona G\u00f3ra     8 4 -68<\/li><li>DPV Logistic GKM Grudzi\u0105dz         8 3 -111<\/li><\/ol>\n\n\n\n<p>Foto: Gazeta Regionalna\/AK<\/p>\n\n\n\n<figure class=\"wp-block-image size-large\"><img decoding=\"async\" width=\"1024\" height=\"574\" data-src=\"https:\/\/gazetaregionalna.com\/wp-content\/uploads\/2021\/06\/CKM-Motor-4-1024x574.jpg\" alt=\"\" class=\"wp-image-43692 lazyload\" data-srcset=\"https:\/\/gazetaregionalna.com\/wp-content\/uploads\/2021\/06\/CKM-Motor-4-1024x574.jpg 1024w, https:\/\/gazetaregionalna.com\/wp-content\/uploads\/2021\/06\/CKM-Motor-4-300x168.jpg 300w, https:\/\/gazetaregionalna.com\/wp-content\/uploads\/2021\/06\/CKM-Motor-4-768x430.jpg 768w, https:\/\/gazetaregionalna.com\/wp-content\/uploads\/2021\/06\/CKM-Motor-4-1536x861.jpg 1536w, https:\/\/gazetaregionalna.com\/wp-content\/uploads\/2021\/06\/CKM-Motor-4-2048x1147.jpg 2048w, https:\/\/gazetaregionalna.com\/wp-content\/uploads\/2021\/06\/CKM-Motor-4-696x390.jpg 696w, https:\/\/gazetaregionalna.com\/wp-content\/uploads\/2021\/06\/CKM-Motor-4-1068x598.jpg 1068w, https:\/\/gazetaregionalna.com\/wp-content\/uploads\/2021\/06\/CKM-Motor-4-1920x1076.jpg 1920w, https:\/\/gazetaregionalna.com\/wp-content\/uploads\/2021\/06\/CKM-Motor-4-750x420.jpg 750w, https:\/\/gazetaregionalna.com\/wp-content\/uploads\/2021\/06\/CKM-Motor-4-scaled.jpg 1200w\" data-sizes=\"(max-width: 1024px) 100vw, 1024px\" src=\"data:image\/svg+xml;base64,PHN2ZyB3aWR0aD0iMSIgaGVpZ2h0PSIxIiB4bWxucz0iaHR0cDovL3d3dy53My5vcmcvMjAwMC9zdmciPjwvc3ZnPg==\" style=\"--smush-placeholder-width: 1024px; --smush-placeholder-aspect-ratio: 1024\/574;\" \/><\/figure>\n\n\n\n<figure class=\"wp-block-image size-large\"><img decoding=\"async\" width=\"1024\" height=\"597\" data-src=\"https:\/\/gazetaregionalna.com\/wp-content\/uploads\/2021\/06\/CKM-Motor-1-1024x597.jpg\" alt=\"\" class=\"wp-image-43689 lazyload\" data-srcset=\"https:\/\/gazetaregionalna.com\/wp-content\/uploads\/2021\/06\/CKM-Motor-1-1024x597.jpg 1024w, https:\/\/gazetaregionalna.com\/wp-content\/uploads\/2021\/06\/CKM-Motor-1-300x175.jpg 300w, https:\/\/gazetaregionalna.com\/wp-content\/uploads\/2021\/06\/CKM-Motor-1-768x448.jpg 768w, https:\/\/gazetaregionalna.com\/wp-content\/uploads\/2021\/06\/CKM-Motor-1-1536x895.jpg 1536w, https:\/\/gazetaregionalna.com\/wp-content\/uploads\/2021\/06\/CKM-Motor-1-2048x1194.jpg 2048w, https:\/\/gazetaregionalna.com\/wp-content\/uploads\/2021\/06\/CKM-Motor-1-696x406.jpg 696w, https:\/\/gazetaregionalna.com\/wp-content\/uploads\/2021\/06\/CKM-Motor-1-1068x623.jpg 1068w, https:\/\/gazetaregionalna.com\/wp-content\/uploads\/2021\/06\/CKM-Motor-1-1920x1119.jpg 1920w, https:\/\/gazetaregionalna.com\/wp-content\/uploads\/2021\/06\/CKM-Motor-1-720x420.jpg 720w, https:\/\/gazetaregionalna.com\/wp-content\/uploads\/2021\/06\/CKM-Motor-1-scaled.jpg 1200w\" data-sizes=\"(max-width: 1024px) 100vw, 1024px\" src=\"data:image\/svg+xml;base64,PHN2ZyB3aWR0aD0iMSIgaGVpZ2h0PSIxIiB4bWxucz0iaHR0cDovL3d3dy53My5vcmcvMjAwMC9zdmciPjwvc3ZnPg==\" style=\"--smush-placeholder-width: 1024px; --smush-placeholder-aspect-ratio: 1024\/597;\" \/><\/figure>\n\n\n\n<figure class=\"wp-block-image size-large\"><img decoding=\"async\" width=\"1024\" height=\"683\" data-src=\"https:\/\/gazetaregionalna.com\/wp-content\/uploads\/2021\/06\/CKM-Motor-2-1024x683.jpg\" alt=\"\" class=\"wp-image-43690 lazyload\" data-srcset=\"https:\/\/gazetaregionalna.com\/wp-content\/uploads\/2021\/06\/CKM-Motor-2-1024x683.jpg 1024w, https:\/\/gazetaregionalna.com\/wp-content\/uploads\/2021\/06\/CKM-Motor-2-300x200.jpg 300w, https:\/\/gazetaregionalna.com\/wp-content\/uploads\/2021\/06\/CKM-Motor-2-768x512.jpg 768w, https:\/\/gazetaregionalna.com\/wp-content\/uploads\/2021\/06\/CKM-Motor-2-1536x1024.jpg 1536w, https:\/\/gazetaregionalna.com\/wp-content\/uploads\/2021\/06\/CKM-Motor-2-2048x1365.jpg 2048w, https:\/\/gazetaregionalna.com\/wp-content\/uploads\/2021\/06\/CKM-Motor-2-696x464.jpg 696w, https:\/\/gazetaregionalna.com\/wp-content\/uploads\/2021\/06\/CKM-Motor-2-1068x712.jpg 1068w, https:\/\/gazetaregionalna.com\/wp-content\/uploads\/2021\/06\/CKM-Motor-2-1920x1280.jpg 1920w, https:\/\/gazetaregionalna.com\/wp-content\/uploads\/2021\/06\/CKM-Motor-2-630x420.jpg 630w, https:\/\/gazetaregionalna.com\/wp-content\/uploads\/2021\/06\/CKM-Motor-2-scaled.jpg 1200w\" data-sizes=\"(max-width: 1024px) 100vw, 1024px\" src=\"data:image\/svg+xml;base64,PHN2ZyB3aWR0aD0iMSIgaGVpZ2h0PSIxIiB4bWxucz0iaHR0cDovL3d3dy53My5vcmcvMjAwMC9zdmciPjwvc3ZnPg==\" style=\"--smush-placeholder-width: 1024px; --smush-placeholder-aspect-ratio: 1024\/683;\" \/><\/figure>\n","protected":false},"excerpt":{"rendered":"<p>Pierwsza kolejka rundy rewan\u017cowej u\u0142o\u017cy\u0142a si\u0119 bardzo dobrze dla \u017cu\u017clowc\u00f3w Eltrox W\u0142\u00f3kniarz Cz\u0119stochowa. \u201eLwy\u201d w meczu z Motorem Lublin zdoby\u0142y 3 punkty i awansowa\u0142y<\/p>\n","protected":false},"author":15,"featured_media":43688,"comment_status":"open","ping_status":"open","sticky":false,"template":"","format":"standard","meta":{"_monsterinsights_skip_tracking":false,"_monsterinsights_sitenote_active":false,"_monsterinsights_sitenote_note":"","_monsterinsights_sitenote_category":0,"_uf_show_specific_survey":0,"_uf_disable_surveys":false,"footnotes":""},"categories":[5,7],"tags":[],"class_list":["post-43945","post","type-post","status-publish","format-standard","has-post-thumbnail","hentry","category-sport","category-zuzel"],"_links":{"self":[{"href":"https:\/\/gazetaregionalna.com\/index.php?rest_route=\/wp\/v2\/posts\/43945","targetHints":{"allow":["GET"]}}],"collection":[{"href":"https:\/\/gazetaregionalna.com\/index.php?rest_route=\/wp\/v2\/posts"}],"about":[{"href":"https:\/\/gazetaregionalna.com\/index.php?rest_route=\/wp\/v2\/types\/post"}],"author":[{"embeddable":true,"href":"https:\/\/gazetaregionalna.com\/index.php?rest_route=\/wp\/v2\/users\/15"}],"replies":[{"embeddable":true,"href":"https:\/\/gazetaregionalna.com\/index.php?rest_route=%2Fwp%2Fv2%2Fcomments&post=43945"}],"version-history":[{"count":1,"href":"https:\/\/gazetaregionalna.com\/index.php?rest_route=\/wp\/v2\/posts\/43945\/revisions"}],"predecessor-version":[{"id":43946,"href":"https:\/\/gazetaregionalna.com\/index.php?rest_route=\/wp\/v2\/posts\/43945\/revisions\/43946"}],"wp:featuredmedia":[{"embeddable":true,"href":"https:\/\/gazetaregionalna.com\/index.php?rest_route=\/wp\/v2\/media\/43688"}],"wp:attachment":[{"href":"https:\/\/gazetaregionalna.com\/index.php?rest_route=%2Fwp%2Fv2%2Fmedia&parent=43945"}],"wp:term":[{"taxonomy":"category","embeddable":true,"href":"https:\/\/gazetaregionalna.com\/index.php?rest_route=%2Fwp%2Fv2%2Fcategories&post=43945"},{"taxonomy":"post_tag","embeddable":true,"href":"https:\/\/gazetaregionalna.com\/index.php?rest_route=%2Fwp%2Fv2%2Ftags&post=43945"}],"curies":[{"name":"wp","href":"https:\/\/api.w.org\/{rel}","templated":true}]}}