{"id":43933,"date":"2021-06-07T14:15:12","date_gmt":"2021-06-07T14:15:12","guid":{"rendered":"https:\/\/gazetaregionalna.com\/?p=43933"},"modified":"2021-06-07T14:15:14","modified_gmt":"2021-06-07T14:15:14","slug":"jutro-miejskie-autobusy-wracaja-w-aleje","status":"publish","type":"post","link":"https:\/\/gazetaregionalna.com\/?p=43933","title":{"rendered":"Jutro miejskie autobusy wracaj\u0105 w Aleje"},"content":{"rendered":"\n<h2 class=\"wp-block-heading\">Od jutra, w zwi\u0105zku z dzisiejszym otwarciem skrzy\u017cowania al.Wolno\u015bci z al.NMP, na swoje dawne trasy wracaj\u0105 autobusy cz\u0119stochowskiego MPK. Poniewa\u017c b\u0119d\u0105 ju\u017c mog\u0142y pokona\u0107 remontowane torowisko, nie musz\u0105 ju\u017c korzysta\u0107 z objazd\u00f3w.<\/h2>\n\n\n\n<figure class=\"wp-block-image size-large\"><img decoding=\"async\" width=\"1024\" height=\"768\" data-src=\"https:\/\/gazetaregionalna.com\/wp-content\/uploads\/2021\/06\/IMG_20210607_124919950_HDR-1024x768.jpg\" alt=\"\" class=\"wp-image-43938 lazyload\" data-srcset=\"https:\/\/gazetaregionalna.com\/wp-content\/uploads\/2021\/06\/IMG_20210607_124919950_HDR-1024x768.jpg 1024w, https:\/\/gazetaregionalna.com\/wp-content\/uploads\/2021\/06\/IMG_20210607_124919950_HDR-300x225.jpg 300w, https:\/\/gazetaregionalna.com\/wp-content\/uploads\/2021\/06\/IMG_20210607_124919950_HDR-768x576.jpg 768w, https:\/\/gazetaregionalna.com\/wp-content\/uploads\/2021\/06\/IMG_20210607_124919950_HDR-1536x1152.jpg 1536w, https:\/\/gazetaregionalna.com\/wp-content\/uploads\/2021\/06\/IMG_20210607_124919950_HDR-2048x1536.jpg 2048w, https:\/\/gazetaregionalna.com\/wp-content\/uploads\/2021\/06\/IMG_20210607_124919950_HDR-696x522.jpg 696w, https:\/\/gazetaregionalna.com\/wp-content\/uploads\/2021\/06\/IMG_20210607_124919950_HDR-1068x801.jpg 1068w, https:\/\/gazetaregionalna.com\/wp-content\/uploads\/2021\/06\/IMG_20210607_124919950_HDR-1920x1440.jpg 1920w, https:\/\/gazetaregionalna.com\/wp-content\/uploads\/2021\/06\/IMG_20210607_124919950_HDR-560x420.jpg 560w, https:\/\/gazetaregionalna.com\/wp-content\/uploads\/2021\/06\/IMG_20210607_124919950_HDR-80x60.jpg 80w, https:\/\/gazetaregionalna.com\/wp-content\/uploads\/2021\/06\/IMG_20210607_124919950_HDR-265x198.jpg 265w, https:\/\/gazetaregionalna.com\/wp-content\/uploads\/2021\/06\/IMG_20210607_124919950_HDR-scaled.jpg 1200w\" data-sizes=\"(max-width: 1024px) 100vw, 1024px\" src=\"data:image\/svg+xml;base64,PHN2ZyB3aWR0aD0iMSIgaGVpZ2h0PSIxIiB4bWxucz0iaHR0cDovL3d3dy53My5vcmcvMjAwMC9zdmciPjwvc3ZnPg==\" style=\"--smush-placeholder-width: 1024px; --smush-placeholder-aspect-ratio: 1024\/768;\" \/><\/figure>\n\n\n\n<p>Jak przekaza\u0142o w swoim komunikacie miasto, organizacja komunikacji b\u0119dzie wygl\u0105da\u0107 nast\u0119puj\u0105co:<\/p>\n\n\n\n<p><strong>Wtorek, 8 czerwca<\/strong><\/p>\n\n\n\n<ol class=\"wp-block-list\"><li><strong>Zostaje wznowiony przejazd dla autobus\u00f3w MPK przez torowisko tramwajowe w II Alei Naj\u015bwi\u0119tszej Maryi Panny<\/strong>, dlatego linie nr&nbsp;<strong>10, 11, 12, 13, 14, 17, 21, 23, 26, 27, 31, 32, 33&nbsp;<\/strong>i<strong>&nbsp;37<\/strong>powracaj\u0105 na swoje sta\u0142e trasy i zostaj\u0105 wycofane z trasy objazdowej przez Alej\u0119 Jana Paw\u0142a II i Rondo Trzech Krzy\u017cy.<\/li><li><strong>W zwi\u0105zku z utrudnieniami w ruchu w Alei Jana Paw\u0142a II<\/strong>&nbsp;(przebudowa torowiska tramwajowego), w celu zapewnienia bezpiecznego przejazdu dla autobus\u00f3w,&nbsp;<strong>linie nr 24&nbsp;<\/strong>i<strong>&nbsp;28<\/strong>&nbsp;zostaj\u0105 skierowane w obu kierunkach na tras\u0119 objazdow\u0105 przez Alej\u0119 Ko\u015bciuszki oraz II i I Alej\u0119 Naj\u015bwi\u0119tszej Maryi Panny do Placu Daszy\u0144skiego. Tym samym linie nr 24 i 28 nie b\u0119d\u0105 kursowa\u0107 przez Alej\u0119 Jana Paw\u0142a II oraz ulice Warszawsk\u0105, Nadrzeczn\u0105 i Spadek.<\/li><\/ol>\n\n\n\n<p><strong>Objazdy obowi\u0105zuj\u0105 do odwo\u0142ania.<\/strong><br><br><strong>Uwaga!<\/strong>&nbsp;Autobusy linii nr&nbsp;<strong>24&nbsp;<\/strong>i&nbsp;<strong>28<\/strong>&nbsp;w kierunku Kukuczki oraz Parkitki, b\u0119d\u0105 zatrzymywa\u0142y si\u0119 na Placu Daszy\u0144skiego, natomiast linia nr 24 w kierunku Jesiennej b\u0119dzie korzysta\u0142a z przystanku w I Alei Naj\u015bwi\u0119tszej Maryi Panny. R\u00f3wnie\u017c na tym samym przystanku b\u0119dzie zatrzymywa\u0142 si\u0119 autobus linii nr 28, a nast\u0119pnie na przystanku \u201eStary Rynek\u201d na ulicy Mirowskiej.<\/p>\n","protected":false},"excerpt":{"rendered":"<p>Od jutra, w zwi\u0105zku z dzisiejszym otwarciem skrzy\u017cowania al.Wolno\u015bci z al.NMP, na swoje dawne trasy wracaj\u0105 autobusy cz\u0119stochowskiego MPK. Poniewa\u017c b\u0119d\u0105 ju\u017c mog\u0142y pokona\u0107<\/p>\n","protected":false},"author":7,"featured_media":43939,"comment_status":"open","ping_status":"open","sticky":false,"template":"","format":"standard","meta":{"_monsterinsights_skip_tracking":false,"_monsterinsights_sitenote_active":false,"_monsterinsights_sitenote_note":"","_monsterinsights_sitenote_category":0,"_uf_show_specific_survey":0,"_uf_disable_surveys":false,"footnotes":""},"categories":[94,3,2],"tags":[],"class_list":["post-43933","post","type-post","status-publish","format-standard","has-post-thumbnail","hentry","category-polecane","category-czestochowa-informacje","category-wiadomosci"],"_links":{"self":[{"href":"https:\/\/gazetaregionalna.com\/index.php?rest_route=\/wp\/v2\/posts\/43933","targetHints":{"allow":["GET"]}}],"collection":[{"href":"https:\/\/gazetaregionalna.com\/index.php?rest_route=\/wp\/v2\/posts"}],"about":[{"href":"https:\/\/gazetaregionalna.com\/index.php?rest_route=\/wp\/v2\/types\/post"}],"author":[{"embeddable":true,"href":"https:\/\/gazetaregionalna.com\/index.php?rest_route=\/wp\/v2\/users\/7"}],"replies":[{"embeddable":true,"href":"https:\/\/gazetaregionalna.com\/index.php?rest_route=%2Fwp%2Fv2%2Fcomments&post=43933"}],"version-history":[{"count":5,"href":"https:\/\/gazetaregionalna.com\/index.php?rest_route=\/wp\/v2\/posts\/43933\/revisions"}],"predecessor-version":[{"id":43941,"href":"https:\/\/gazetaregionalna.com\/index.php?rest_route=\/wp\/v2\/posts\/43933\/revisions\/43941"}],"wp:featuredmedia":[{"embeddable":true,"href":"https:\/\/gazetaregionalna.com\/index.php?rest_route=\/wp\/v2\/media\/43939"}],"wp:attachment":[{"href":"https:\/\/gazetaregionalna.com\/index.php?rest_route=%2Fwp%2Fv2%2Fmedia&parent=43933"}],"wp:term":[{"taxonomy":"category","embeddable":true,"href":"https:\/\/gazetaregionalna.com\/index.php?rest_route=%2Fwp%2Fv2%2Fcategories&post=43933"},{"taxonomy":"post_tag","embeddable":true,"href":"https:\/\/gazetaregionalna.com\/index.php?rest_route=%2Fwp%2Fv2%2Ftags&post=43933"}],"curies":[{"name":"wp","href":"https:\/\/api.w.org\/{rel}","templated":true}]}}