{"id":4374,"date":"2019-07-15T13:12:14","date_gmt":"2019-07-15T13:12:14","guid":{"rendered":"https:\/\/gazetaregionalna.com\/?p=4374"},"modified":"2019-07-15T13:12:16","modified_gmt":"2019-07-15T13:12:16","slug":"lubliniec-swieto-policji-w-lublinieckim-garnizonie","status":"publish","type":"post","link":"https:\/\/gazetaregionalna.com\/?p=4374","title":{"rendered":"Lubliniec. \u015awi\u0119to Policji w lublinieckim garnizonie"},"content":{"rendered":"\n<h3 class=\"wp-block-heading\"><strong>W Kosz\u0119cinie na terenie Zespo\u0142u Pa\u0142acowo Parkowego Pie\u015bni i Ta\u0144ca &#8221; \u015al\u0105sk&#8221; im. Stanis\u0142awa Hadyny odby\u0142y si\u0119 powiatowe uroczysto\u015bci zwi\u0105zane z obchodami \u015awi\u0119ta Policji. Obchody te mia\u0142y szczeg\u00f3lny wymiar, gdy\u017c przypada\u0142y w 100- tn\u0105 rocznic\u0119 powo\u0142ania Policji Pa\u0144stwowej.<\/strong><\/h3>\n\n\n\n<p>W uroczystej zbi\u00f3rce, pr\u00f3cz policjant\u00f3w z lublinieckiej komendy, uczestniczy\u0142 reprezentuj\u0105cy Komendanta Wojew\u00f3dzkiego Policji w Katowicach nadinsp. Krzysztofa Justy\u0144skiego, m\u0142. insp. Pawe\u0142 Dratwi\u0144ski Naczelnik Wydzia\u0142u Bezpiecze\u0144stwa Informacji tej\u017ce komendy. W\u015br\u00f3d zaproszonych go\u015bci w uroczysto\u015bci uczestniczyli Pose\u0142 na Sejm Rzeczypospolitej Polskiej Andrzej Gawron, Starosta Lubliniecki Joachim Smy\u0142a, samorz\u0105dowcy ziemi lublinieckiej, przedstawiciele zwi\u0105zku zawodowego Policjant\u00f3w i pracownik\u00f3w cywilnych Policji, stowarzyszenia emeryt\u00f3w i rencist\u00f3w, przedstawiciele innych s\u0142u\u017cb mundurowych, duchowie\u0144stwa, a tak\u017ce rodziny Policjant\u00f3w.<\/p>\n\n\n\n<figure class=\"wp-block-image\"><img decoding=\"async\" width=\"900\" height=\"600\" data-src=\"https:\/\/gazetaregionalna.com\/wp-content\/uploads\/2019\/07\/48-568991.jpg\" alt=\"\" class=\"wp-image-4376 lazyload\" data-srcset=\"https:\/\/gazetaregionalna.com\/wp-content\/uploads\/2019\/07\/48-568991.jpg 900w, https:\/\/gazetaregionalna.com\/wp-content\/uploads\/2019\/07\/48-568991-300x200.jpg 300w, https:\/\/gazetaregionalna.com\/wp-content\/uploads\/2019\/07\/48-568991-768x512.jpg 768w\" data-sizes=\"(max-width: 900px) 100vw, 900px\" src=\"data:image\/svg+xml;base64,PHN2ZyB3aWR0aD0iMSIgaGVpZ2h0PSIxIiB4bWxucz0iaHR0cDovL3d3dy53My5vcmcvMjAwMC9zdmciPjwvc3ZnPg==\" style=\"--smush-placeholder-width: 900px; --smush-placeholder-aspect-ratio: 900\/600;\" \/><\/figure>\n\n\n\n<p>W miniony czwartek odby\u0142y si\u0119 powiatowe obchody z okazji \u015awi\u0119ta Policji, \u015bwi\u0119ta maj\u0105cego szczeg\u00f3lny wymiar z okazji przypadaj\u0105cej 100- tnej rocznicy powo\u0142ania Policji Pa\u0144stwowej, kt\u00f3ra to formacja odegra\u0142a wa\u017cn\u0105 rol\u0119 w odradzaj\u0105cym si\u0119, po odzyskaniu Niepodleg\u0142o\u015bci, Pa\u0144stwie Polskim. Przemawiaj\u0105cy Komendant Powiatowy Policji w Lubli\u0144cu podinsp. Dariusz Kiedrzyn w swoich s\u0142owach nawi\u0105za\u0142 do tradycji, etosu i zada\u0144 tamtej formacji, kt\u00f3re pomimo up\u0142ywu wielu lat s\u0105 nadal aktualne. Komendant przytoczy\u0142 s\u0142owa roty \u015blubowania, wskazuj\u0105c na konieczno\u015b\u0107 post\u0119powania przez podleg\u0142ych mu policjant\u00f3w zgodnie z prawem i zasadami etyki zawodowej, zar\u00f3wno w s\u0142u\u017cbie jak i poza ni\u0105. Wyrazi\u0142 dum\u0119 i du\u017ce wyrazy uznania dla swoich podw\u0142adnych, kt\u00f3rym \u017cyczy\u0142 wiele rado\u015bci i satysfakcji z s\u0142u\u017cby oraz sukces\u00f3w zar\u00f3wno w \u017cyciu zawodowym jak i prywatnym.<\/p>\n\n\n\n<p>Akty mianowania na wy\u017csze stopnie policyjne z r\u0105k Komendanta Powiatowego w Lubli\u0144cu podinsp. Dariusza Kiedrzyna w asy\u015bcie Naczelnika Wydzia\u0142u Bezpiecze\u0144stwa Komendy Wojew\u00f3dzkiej Policji w Katowicach m\u0142. Insp. Paw\u0142a Dratwi\u0144skiego, odebra\u0142o \u0142\u0105cznie 24 funkcjonariuszy, w tym trzech oficer\u00f3w kadry kierowniczej. \u0141\u0105cznie nominacj\u0119 na wy\u017csze stopnie s\u0142u\u017cbowe w Komendzie Policji w Lubli\u0144cu otrzyma\u0142o 36- ciu funkcjonariuszy.<\/p>\n\n\n\n<div class=\"wp-block-image\"><figure class=\"aligncenter\"><img decoding=\"async\" width=\"900\" height=\"600\" data-src=\"https:\/\/gazetaregionalna.com\/wp-content\/uploads\/2019\/07\/48-568995.jpg\" alt=\"\" class=\"wp-image-4377 lazyload\" data-srcset=\"https:\/\/gazetaregionalna.com\/wp-content\/uploads\/2019\/07\/48-568995.jpg 900w, https:\/\/gazetaregionalna.com\/wp-content\/uploads\/2019\/07\/48-568995-300x200.jpg 300w, https:\/\/gazetaregionalna.com\/wp-content\/uploads\/2019\/07\/48-568995-768x512.jpg 768w\" data-sizes=\"(max-width: 900px) 100vw, 900px\" src=\"data:image\/svg+xml;base64,PHN2ZyB3aWR0aD0iMSIgaGVpZ2h0PSIxIiB4bWxucz0iaHR0cDovL3d3dy53My5vcmcvMjAwMC9zdmciPjwvc3ZnPg==\" style=\"--smush-placeholder-width: 900px; --smush-placeholder-aspect-ratio: 900\/600;\" \/><\/figure><\/div>\n\n\n\n<p>Uroczysto\u015bci rozpocz\u0119\u0142y si\u0119 punktualnie o godzinie 10.00 od z\u0142o\u017cenia meldunku Komendantowi Powiatowemu Policji w Lubli\u0144cu podinsp. Dariuszowi Kiedrzynowi. Po odegraniu hymnu pa\u0144stwowego, delegacja Policjant\u00f3w, z\u0142o\u017cy\u0142a kwiaty pod tablic\u0105 pami\u0105tkow\u0105 na kosz\u0119ci\u0144skim cmentarzu, upami\u0119tniaj\u0105c\u0105 bestialsko zamordowanych Polskich Policjant\u00f3w w 1940 roku w Ostaszkowie.<\/p>\n\n\n\n<p>Pr\u00f3cz mianowania funkcjonariuszy na wy\u017csze stopnie policyjne, mia\u0142o miejsce te\u017c uhonorowanie medalami zwi\u0105zkowymi os\u00f3b dzia\u0142aj\u0105cych na rzecz Niezale\u017cnego Samorz\u0105dnego Zwi\u0105zku Zawodowego Policjant\u00f3w, gdzie pr\u00f3cz odznaczonych funkcjonariuszy znalaz\u0142a si\u0119 r\u00f3wnie\u017c W\u00f3jt Gminy Herby Pani Iwona Burek. Medale wr\u0119czy\u0142 wiceprzewodnicz\u0105cy Zarz\u0105du Wojew\u00f3dzkiego NSZZP asp. sztab. Jacek Bry\u0142a.<\/p>\n\n\n\n<figure class=\"wp-block-image\"><img decoding=\"async\" width=\"900\" height=\"600\" data-src=\"https:\/\/gazetaregionalna.com\/wp-content\/uploads\/2019\/07\/48-568993.jpg\" alt=\"\" class=\"wp-image-4378 lazyload\" data-srcset=\"https:\/\/gazetaregionalna.com\/wp-content\/uploads\/2019\/07\/48-568993.jpg 900w, https:\/\/gazetaregionalna.com\/wp-content\/uploads\/2019\/07\/48-568993-300x200.jpg 300w, https:\/\/gazetaregionalna.com\/wp-content\/uploads\/2019\/07\/48-568993-768x512.jpg 768w\" data-sizes=\"(max-width: 900px) 100vw, 900px\" src=\"data:image\/svg+xml;base64,PHN2ZyB3aWR0aD0iMSIgaGVpZ2h0PSIxIiB4bWxucz0iaHR0cDovL3d3dy53My5vcmcvMjAwMC9zdmciPjwvc3ZnPg==\" style=\"--smush-placeholder-width: 900px; --smush-placeholder-aspect-ratio: 900\/600;\" \/><\/figure>\n\n\n\n<p>Za zaanga\u017cowanie w popraw\u0119 bezpiecze\u0144stwa, wsp\u00f3\u0142prac\u0119 i dzia\u0142ania profilaktyczne medalami pami\u0105tkowymi lublinieckiej Policji, uhonorowano: Micha\u0142a Aloszko \u2013 Burmistrza Miasta Wo\u017aniki, pp\u0142k Wojciecha Danisiewicz \u2013 Zast\u0119pc\u0119 Dow\u00f3dcy Jednostki Wojskowej Komandos\u00f3w w Lubli\u0144cu, Zbigniewa Znojek Nadle\u015bniczego Nadle\u015bnictwa Lubliniec, Adama Chudzik Nadle\u015bniczego Nadle\u015bnictwa Kosz\u0119cin, Roberta Gorzelak Nadle\u015bniczego Nadle\u015bnictwa Herby oraz Zbigniewa Cierniak \u2013 Dyrektora Zespo\u0142u Pie\u015bni i Ta\u0144ca \u015al\u0105sk im. Stanis\u0142awa Hadyny w Kosz\u0119cinie.<\/p>\n\n\n\n<p>Za wielkie zaanga\u017cowanie w realizacji zada\u0144 s\u0142u\u017cbowych wspieraj\u0105cych s\u0142u\u017cb\u0119 policjant\u00f3w, listami gratulacyjnym wyr\u00f3\u017cniono sze\u015bciu pracownik\u00f3w cywilnych lublinieckiej komendy. Po okoliczno\u015bciowych przem\u00f3wieniach cz\u0119\u015b\u0107 oficjalna uroczysto\u015bci zako\u0144czy\u0142a si\u0119.<\/p>\n\n\n\n<p>Uroczysto\u015b\u0107 u\u015bwietni\u0142a orkiestra Komendy Wojew\u00f3dzkiej Policji w Katowicach pod batut\u0105 sier\u017c. sztab. Daniela Grodzi\u0144skiego.<\/p>\n\n\n\n<p>(red.)<\/p>\n","protected":false},"excerpt":{"rendered":"<p>W Kosz\u0119cinie na terenie Zespo\u0142u Pa\u0142acowo Parkowego Pie\u015bni i Ta\u0144ca &#8221; \u015al\u0105sk&#8221; im. Stanis\u0142awa Hadyny odby\u0142y si\u0119 powiatowe uroczysto\u015bci zwi\u0105zane z obchodami \u015awi\u0119ta Policji.<\/p>\n","protected":false},"author":3,"featured_media":4375,"comment_status":"open","ping_status":"open","sticky":false,"template":"","format":"standard","meta":{"_monsterinsights_skip_tracking":false,"_monsterinsights_sitenote_active":false,"_monsterinsights_sitenote_note":"","_monsterinsights_sitenote_category":0,"_uf_show_specific_survey":0,"_uf_disable_surveys":false,"footnotes":""},"categories":[44,25,4,2,13],"tags":[],"class_list":["post-4374","post","type-post","status-publish","format-standard","has-post-thumbnail","hentry","category-bezpieczenstwo","category-lubliniec","category-region","category-wiadomosci","category-wydarzenia"],"_links":{"self":[{"href":"https:\/\/gazetaregionalna.com\/index.php?rest_route=\/wp\/v2\/posts\/4374","targetHints":{"allow":["GET"]}}],"collection":[{"href":"https:\/\/gazetaregionalna.com\/index.php?rest_route=\/wp\/v2\/posts"}],"about":[{"href":"https:\/\/gazetaregionalna.com\/index.php?rest_route=\/wp\/v2\/types\/post"}],"author":[{"embeddable":true,"href":"https:\/\/gazetaregionalna.com\/index.php?rest_route=\/wp\/v2\/users\/3"}],"replies":[{"embeddable":true,"href":"https:\/\/gazetaregionalna.com\/index.php?rest_route=%2Fwp%2Fv2%2Fcomments&post=4374"}],"version-history":[{"count":1,"href":"https:\/\/gazetaregionalna.com\/index.php?rest_route=\/wp\/v2\/posts\/4374\/revisions"}],"predecessor-version":[{"id":4379,"href":"https:\/\/gazetaregionalna.com\/index.php?rest_route=\/wp\/v2\/posts\/4374\/revisions\/4379"}],"wp:featuredmedia":[{"embeddable":true,"href":"https:\/\/gazetaregionalna.com\/index.php?rest_route=\/wp\/v2\/media\/4375"}],"wp:attachment":[{"href":"https:\/\/gazetaregionalna.com\/index.php?rest_route=%2Fwp%2Fv2%2Fmedia&parent=4374"}],"wp:term":[{"taxonomy":"category","embeddable":true,"href":"https:\/\/gazetaregionalna.com\/index.php?rest_route=%2Fwp%2Fv2%2Fcategories&post=4374"},{"taxonomy":"post_tag","embeddable":true,"href":"https:\/\/gazetaregionalna.com\/index.php?rest_route=%2Fwp%2Fv2%2Ftags&post=4374"}],"curies":[{"name":"wp","href":"https:\/\/api.w.org\/{rel}","templated":true}]}}