{"id":4369,"date":"2019-07-15T13:04:54","date_gmt":"2019-07-15T13:04:54","guid":{"rendered":"https:\/\/gazetaregionalna.com\/?p=4369"},"modified":"2019-07-15T13:04:56","modified_gmt":"2019-07-15T13:04:56","slug":"swiatowy-zuzel-ponownie-na-slaskim","status":"publish","type":"post","link":"https:\/\/gazetaregionalna.com\/?p=4369","title":{"rendered":"\u015awiatowy \u017cu\u017cel ponownie na \u015al\u0105skim"},"content":{"rendered":"\n<p><strong> Ju\u017c po raz kolejny Stadion \u015al\u0105ski, miejsce legendarne dla fan\u00f3w polskiego \u017cu\u017cla, stanie si\u0119 aren\u0105, na kt\u00f3rej rozegrany zostanie fina\u0142 Indywidualnych Mistrzostw Europy na \u017cu\u017clu.<\/strong><\/p>\n\n\n\n<p>Po raz kolejny r\u00f3wnie\u017c cykl TAURON SEC zorganizowany zostanie ze wsparciem sponsora tytularnego. 8 lipca podczas konferencji prasowej og\u0142oszone zosta\u0142o podpisanie umowy sponsoringowej mi\u0119dzy organizatorem rozgrywek \u2013 firm\u0105 One Sport i TAURONEM. W spotkaniu wzi\u0119li udzia\u0142 m.in. Jakub Che\u0142stowski, marsza\u0142ek wojew\u00f3dztwa \u015bl\u0105skiego oraz wicemarsza\u0142ek Wojciech Ka\u0142u\u017ca.<\/p>\n\n\n\n<p>\u201eStadion \u015al\u0105ski po raz kolejny udowadnia \u017ce jest jedn\u0105 z najlepszych aren sportowych w Polsce. Najlepsi \u017cu\u017clowcy \u015bwiata zagoszcz\u0105 na tym obiekcie ju\u017c we wrze\u015bniu. Liczymy na to ze stadion \u015bl\u0105ski zape\u0142ni si\u0119 kibicami speedwaya po brzegi\u201d powiedzia\u0142 marsza\u0142ek Jakub Che\u0142stowski<\/p>\n\n\n\n<p>Stadion \u015al\u0105ski to miejsce wa\u017cne dla \u017cu\u017cla w Polsce. To na nim najwi\u0119ksze sukcesy odnosili polscy \u017cu\u017clowcy \u2013 Jerzy Szczakiel w 1973 roku zdoby\u0142 dla Polski pierwszy tytu\u0142 Indywidulanego Mistrza \u015awiata, a Zenon Plech \u2013 poza dwoma indywidualnymi medalami Mistrzostw \u015awiata \u2013 poprowadzi\u0142 reprezentacj\u0119 Polski do medali w Mistrzostwach \u015awiata Par i Dru\u017cynowych Mistrzostw \u015awiata. W zesz\u0142ym roku, po 45 latach od zwyci\u0119stwa Jerzego Szczakiela \u2013 sport ten powr\u00f3ci\u0142 na Stadion \u015al\u0105ski.<\/p>\n\n\n\n<p>&#8211; Dzi\u0119ki wsparciu firmy TAURON w 2018 roku zrobili\u015bmy co\u015b, co niekt\u00f3rym wydawa\u0142o si\u0119 niemo\u017cliwe. U\u0142o\u017cyli\u015bmy sztuczny tor na Stadionie \u015al\u0105skim i \u017cu\u017cel powr\u00f3ci\u0142 do \u201ekot\u0142a czarownic\u201d. Najpierw w ramach testu rozegrany zosta\u0142 mecz, w kt\u00f3rym Reprezentacja Polski pokona\u0142a Reszt\u0119 \u015awiata. Dwa tygodnie p\u00f3\u017aniej kibice licznie zgromadzeni na trybunach w Chorzowie mogli zobaczy\u0107 fina\u0142 Indywidualnych Mistrzostw Europy na \u017bu\u017clu. Wtedy to Polak, Jaros\u0142aw Hampel, stan\u0105\u0142 na drugim stopniu podium. Oba spotkania rozegrane w ramach projektu \u201e\u017bu\u017cel na \u015al\u0105skim\u201d by\u0142y wielkim \u015bwi\u0119tem kibic\u00f3w \u201eczarnego sportu\u201d. Jestem przekonany, \u017ce tak b\u0119dzie r\u00f3wnie\u017c w tym roku \u2013 m\u00f3wi Karol Lejman, prezes zarz\u0105du One Sport Sp. Z o.o.<\/p>\n\n\n\n<p>Aby fina\u0142 tegorocznej edycji TAURON Speedway Euro Championship by\u0142 jeszcze bardziej emocjonuj\u0105cy, podczas budowy toru wprowadzone zostan\u0105 pewne modyfikacje. W por\u00f3wnaniu do zesz\u0142ego roku, tor b\u0119dzie poszerzony na prostych o 1,5\u20132 metry. \u0141uki b\u0119d\u0105 bardziej wyprofilowane, wysypane zostanie tak\u017ce wi\u0119cej nawierzchni. Zmianie ulegnie tak\u017ce geometria toru \u2013 inaczej wyprofilowany b\u0119dzie drugi \u0142uk. Wszystko po to, by zawodnicy mogli je\u017adzi\u0107 po ca\u0142ym torze, a nie tylko przy kraw\u0119\u017cniku.<\/p>\n\n\n\n<p>Po ubieg\u0142orocznych do\u015bwiadczeniach, kiedy to po raz pierwszy powstawa\u0142 tor \u017cu\u017clowy na Stadionie \u015al\u0105skim, kibice mog\u0105 by\u0107 pewni, \u017ce organizatorzy wydarzenia w\u0142o\u017c\u0105 jeszcze wi\u0119cej pracy, \u017ceby podczas tegorocznego fina\u0142u rozgrywanego w legendarnym dla polskiego \u017cu\u017cla miejscu, by\u0142o nie tylko bezpiecznie, ale niezwykle emocjonuj\u0105co, \u017ceby by\u0142o \u015bciganie. We wrze\u015bniu na Stadionie \u015al\u0105skim kibice \u017cu\u017cla mog\u0105 liczy\u0107 na wielkie show i sporo emocji. Zawody maj\u0105 by\u0107 prawdziwym \u015bwi\u0119tem kibic\u00f3w \u2013 organizatorzy spodziewaj\u0105 si\u0119 kompletu widz\u00f3w.<\/p>\n\n\n\n<p>\u2013 Anga\u017cujemy si\u0119 w takie projekty, jak TAURON Speedway Euro Championship, konsekwentnie przyczyniaj\u0105c si\u0119 do promocji \u017cu\u017cla w Polsce, bo wierzymy, \u017ce sport ma istotny wp\u0142yw na rozw\u00f3j przysz\u0142ych pokole\u0144 \u2013 m\u00f3wi Filip Grzegorczyk, Prezes Zarz\u0105du TAURON Polska Energia S.A. \u2013 Poprzedni cykl o tytu\u0142 Indywidualnego Mistrza Europy na \u017cu\u017clu dostarczy\u0142 kibicom wielu niezapomnianych emocji, a jego pi\u0119knym zwie\u0144czeniem by\u0142 wielki fina\u0142 na Stadionie \u015al\u0105skim. Jestem przekonany, \u017ce r\u00f3wnie\u017c w tym roku kibice b\u0119d\u0105 \u015bwiadkami sportowych zmaga\u0144 na najwy\u017cszym poziomie \u2013 wyja\u015bnia prezes Filip Grzegorczyk.<\/p>\n\n\n\n<p>Na tegoroczny cykl TAURON Speedway Euro Championship sk\u0142adaj\u0105 si\u0119 cztery spotkania. Pierwsze z nich ju\u017c 13 lipca odb\u0119dzie si\u0119 w niemieckim G\u00fcstrow. Dwa tygodnie p\u00f3\u017aniej \u2013 27 lipca w Toruniu na Motoarenie rozegrana zostanie II runda cyklu. 10 sierpnia \u017cu\u017clowcy \u015bciga\u0107 b\u0119d\u0105 si\u0119 w du\u0144skim Vojens. Natomiast 28 wrze\u015bnia na Stadionie \u015al\u0105skim w Chorzowie rozegrany zostanie wielki fina\u0142 TAURON Speedway Euro Championship.<\/p>\n\n\n\n<p>W tegorocznych zawodach o tytu\u0142 Indywidualnego Mistrza Europy na \u017bu\u017clu powalcz\u0105: Leon Madsen, kt\u00f3ry po ubieg\u0142orocznym zwyci\u0119stwie w cyklu b\u0119dzie broni\u0142 tytu\u0142u Indywidualnego Mistrza Europy, Nicki Pedersen, Grigorij Laguta, Jaros\u0142aw Hampel, Kai Huckenbeck, Robert Lambert, Michael J. Jensen, Antonio Lindbaeck, Mikkel Michelsen, Vaclav Milik, Pawe\u0142 Przedpe\u0142ski, Kacper Woryna, Bartosz Smekta\u0142a, David Bellego i Anders Thomsen.<\/p>\n\n\n\n<p>(www.slaskie.pl)<\/p>\n","protected":false},"excerpt":{"rendered":"<p>Ju\u017c po raz kolejny Stadion \u015al\u0105ski, miejsce legendarne dla fan\u00f3w polskiego \u017cu\u017cla, stanie si\u0119 aren\u0105, na kt\u00f3rej rozegrany zostanie fina\u0142 Indywidualnych Mistrzostw Europy na<\/p>\n","protected":false},"author":3,"featured_media":4370,"comment_status":"open","ping_status":"open","sticky":false,"template":"","format":"standard","meta":{"_monsterinsights_skip_tracking":false,"_monsterinsights_sitenote_active":false,"_monsterinsights_sitenote_note":"","_monsterinsights_sitenote_category":0,"_uf_show_specific_survey":0,"_uf_disable_surveys":false,"footnotes":""},"categories":[4,5,13,7],"tags":[],"class_list":["post-4369","post","type-post","status-publish","format-standard","has-post-thumbnail","hentry","category-region","category-sport","category-wydarzenia","category-zuzel"],"_links":{"self":[{"href":"https:\/\/gazetaregionalna.com\/index.php?rest_route=\/wp\/v2\/posts\/4369","targetHints":{"allow":["GET"]}}],"collection":[{"href":"https:\/\/gazetaregionalna.com\/index.php?rest_route=\/wp\/v2\/posts"}],"about":[{"href":"https:\/\/gazetaregionalna.com\/index.php?rest_route=\/wp\/v2\/types\/post"}],"author":[{"embeddable":true,"href":"https:\/\/gazetaregionalna.com\/index.php?rest_route=\/wp\/v2\/users\/3"}],"replies":[{"embeddable":true,"href":"https:\/\/gazetaregionalna.com\/index.php?rest_route=%2Fwp%2Fv2%2Fcomments&post=4369"}],"version-history":[{"count":1,"href":"https:\/\/gazetaregionalna.com\/index.php?rest_route=\/wp\/v2\/posts\/4369\/revisions"}],"predecessor-version":[{"id":4371,"href":"https:\/\/gazetaregionalna.com\/index.php?rest_route=\/wp\/v2\/posts\/4369\/revisions\/4371"}],"wp:featuredmedia":[{"embeddable":true,"href":"https:\/\/gazetaregionalna.com\/index.php?rest_route=\/wp\/v2\/media\/4370"}],"wp:attachment":[{"href":"https:\/\/gazetaregionalna.com\/index.php?rest_route=%2Fwp%2Fv2%2Fmedia&parent=4369"}],"wp:term":[{"taxonomy":"category","embeddable":true,"href":"https:\/\/gazetaregionalna.com\/index.php?rest_route=%2Fwp%2Fv2%2Fcategories&post=4369"},{"taxonomy":"post_tag","embeddable":true,"href":"https:\/\/gazetaregionalna.com\/index.php?rest_route=%2Fwp%2Fv2%2Ftags&post=4369"}],"curies":[{"name":"wp","href":"https:\/\/api.w.org\/{rel}","templated":true}]}}