{"id":43614,"date":"2021-06-04T07:56:43","date_gmt":"2021-06-04T07:56:43","guid":{"rendered":"https:\/\/gazetaregionalna.com\/?p=43614"},"modified":"2021-06-04T07:56:44","modified_gmt":"2021-06-04T07:56:44","slug":"przy-klobuckim-zespole-szkol-nr-1-powstanie-hala-sportowa","status":"publish","type":"post","link":"https:\/\/gazetaregionalna.com\/?p=43614","title":{"rendered":"Przy k\u0142obuckim Zespole Szk\u00f3\u0142 nr 1 powstanie hala sportowa"},"content":{"rendered":"\n<h2 class=\"wp-block-heading\">Przy k\u0142obuckim Zespole Szk\u00f3\u0142 nr 1 powstanie hala sportowa. Tak\u0105 decyzj\u0119 podj\u0119\u0142o Starostwo Powiatowe w K\u0142obucku, kt\u00f3remu podlega szko\u0142a.<\/h2>\n\n\n\n<figure class=\"wp-block-gallery columns-2 is-cropped wp-block-gallery-1 is-layout-flex wp-block-gallery-is-layout-flex\"><ul class=\"blocks-gallery-grid\"><li class=\"blocks-gallery-item\"><figure><a href=\"https:\/\/gazetaregionalna.com\/wp-content\/uploads\/2021\/06\/01.jpg\"><img decoding=\"async\" width=\"1024\" height=\"683\" data-src=\"https:\/\/gazetaregionalna.com\/wp-content\/uploads\/2021\/06\/01.jpg\" alt=\"\" data-id=\"43617\" data-full-url=\"https:\/\/gazetaregionalna.com\/wp-content\/uploads\/2021\/06\/01.jpg\" data-link=\"https:\/\/gazetaregionalna.com\/?attachment_id=43617\" class=\"wp-image-43617 lazyload\" data-srcset=\"https:\/\/gazetaregionalna.com\/wp-content\/uploads\/2021\/06\/01.jpg 1024w, https:\/\/gazetaregionalna.com\/wp-content\/uploads\/2021\/06\/01-300x200.jpg 300w, https:\/\/gazetaregionalna.com\/wp-content\/uploads\/2021\/06\/01-768x512.jpg 768w, https:\/\/gazetaregionalna.com\/wp-content\/uploads\/2021\/06\/01-696x464.jpg 696w, https:\/\/gazetaregionalna.com\/wp-content\/uploads\/2021\/06\/01-630x420.jpg 630w\" data-sizes=\"(max-width: 1024px) 100vw, 1024px\" src=\"data:image\/svg+xml;base64,PHN2ZyB3aWR0aD0iMSIgaGVpZ2h0PSIxIiB4bWxucz0iaHR0cDovL3d3dy53My5vcmcvMjAwMC9zdmciPjwvc3ZnPg==\" style=\"--smush-placeholder-width: 1024px; --smush-placeholder-aspect-ratio: 1024\/683;\" \/><\/a><\/figure><\/li><li class=\"blocks-gallery-item\"><figure><a href=\"https:\/\/gazetaregionalna.com\/wp-content\/uploads\/2021\/06\/03.jpg\"><img decoding=\"async\" width=\"1024\" height=\"683\" data-src=\"https:\/\/gazetaregionalna.com\/wp-content\/uploads\/2021\/06\/03.jpg\" alt=\"\" data-id=\"43618\" data-full-url=\"https:\/\/gazetaregionalna.com\/wp-content\/uploads\/2021\/06\/03.jpg\" data-link=\"https:\/\/gazetaregionalna.com\/?attachment_id=43618\" class=\"wp-image-43618 lazyload\" data-srcset=\"https:\/\/gazetaregionalna.com\/wp-content\/uploads\/2021\/06\/03.jpg 1024w, https:\/\/gazetaregionalna.com\/wp-content\/uploads\/2021\/06\/03-300x200.jpg 300w, https:\/\/gazetaregionalna.com\/wp-content\/uploads\/2021\/06\/03-768x512.jpg 768w, https:\/\/gazetaregionalna.com\/wp-content\/uploads\/2021\/06\/03-696x464.jpg 696w, https:\/\/gazetaregionalna.com\/wp-content\/uploads\/2021\/06\/03-630x420.jpg 630w\" data-sizes=\"(max-width: 1024px) 100vw, 1024px\" src=\"data:image\/svg+xml;base64,PHN2ZyB3aWR0aD0iMSIgaGVpZ2h0PSIxIiB4bWxucz0iaHR0cDovL3d3dy53My5vcmcvMjAwMC9zdmciPjwvc3ZnPg==\" style=\"--smush-placeholder-width: 1024px; --smush-placeholder-aspect-ratio: 1024\/683;\" \/><\/a><\/figure><\/li><li class=\"blocks-gallery-item\"><figure><a href=\"https:\/\/gazetaregionalna.com\/wp-content\/uploads\/2021\/06\/04.jpg\"><img decoding=\"async\" width=\"1024\" height=\"683\" data-src=\"https:\/\/gazetaregionalna.com\/wp-content\/uploads\/2021\/06\/04.jpg\" alt=\"\" data-id=\"43619\" data-full-url=\"https:\/\/gazetaregionalna.com\/wp-content\/uploads\/2021\/06\/04.jpg\" data-link=\"https:\/\/gazetaregionalna.com\/?attachment_id=43619\" class=\"wp-image-43619 lazyload\" data-srcset=\"https:\/\/gazetaregionalna.com\/wp-content\/uploads\/2021\/06\/04.jpg 1024w, https:\/\/gazetaregionalna.com\/wp-content\/uploads\/2021\/06\/04-300x200.jpg 300w, https:\/\/gazetaregionalna.com\/wp-content\/uploads\/2021\/06\/04-768x512.jpg 768w, https:\/\/gazetaregionalna.com\/wp-content\/uploads\/2021\/06\/04-696x464.jpg 696w, https:\/\/gazetaregionalna.com\/wp-content\/uploads\/2021\/06\/04-630x420.jpg 630w\" data-sizes=\"(max-width: 1024px) 100vw, 1024px\" src=\"data:image\/svg+xml;base64,PHN2ZyB3aWR0aD0iMSIgaGVpZ2h0PSIxIiB4bWxucz0iaHR0cDovL3d3dy53My5vcmcvMjAwMC9zdmciPjwvc3ZnPg==\" style=\"--smush-placeholder-width: 1024px; --smush-placeholder-aspect-ratio: 1024\/683;\" \/><\/a><\/figure><\/li><li class=\"blocks-gallery-item\"><figure><a href=\"https:\/\/gazetaregionalna.com\/wp-content\/uploads\/2021\/06\/06.jpg\"><img decoding=\"async\" width=\"1024\" height=\"683\" data-src=\"https:\/\/gazetaregionalna.com\/wp-content\/uploads\/2021\/06\/06.jpg\" alt=\"\" data-id=\"43620\" data-full-url=\"https:\/\/gazetaregionalna.com\/wp-content\/uploads\/2021\/06\/06.jpg\" data-link=\"https:\/\/gazetaregionalna.com\/?attachment_id=43620\" class=\"wp-image-43620 lazyload\" data-srcset=\"https:\/\/gazetaregionalna.com\/wp-content\/uploads\/2021\/06\/06.jpg 1024w, https:\/\/gazetaregionalna.com\/wp-content\/uploads\/2021\/06\/06-300x200.jpg 300w, https:\/\/gazetaregionalna.com\/wp-content\/uploads\/2021\/06\/06-768x512.jpg 768w, https:\/\/gazetaregionalna.com\/wp-content\/uploads\/2021\/06\/06-696x464.jpg 696w, https:\/\/gazetaregionalna.com\/wp-content\/uploads\/2021\/06\/06-630x420.jpg 630w\" data-sizes=\"(max-width: 1024px) 100vw, 1024px\" src=\"data:image\/svg+xml;base64,PHN2ZyB3aWR0aD0iMSIgaGVpZ2h0PSIxIiB4bWxucz0iaHR0cDovL3d3dy53My5vcmcvMjAwMC9zdmciPjwvc3ZnPg==\" style=\"--smush-placeholder-width: 1024px; --smush-placeholder-aspect-ratio: 1024\/683;\" \/><\/a><\/figure><\/li><\/ul><figcaption class=\"blocks-gallery-caption\">(fot. www.powiatklobucki.pl)<\/figcaption><\/figure>\n\n\n\n<p>Wybrano ju\u017c wykonawc\u0119 tej inwestycji. B\u0119dzie nim firma AMB Budownictwo Krzysztof Prokop z Koziej Wsi ko\u0142o Krasocina. Umow\u0119 dotycz\u0105c\u0105 budowy podpisali: ze strony powiatu starosta Henryk Kiepura i wicestarosta Zdzis\u0142awa Kall, a ze strony wykonawcy w\u0142a\u015bciciel wybranej przez samorz\u0105d powiatowy firmy. W uroczystym podpisaniu umowy uczestniczyli ponadto, m.in. Przewodnicz\u0105cy Rady Powiatu Zbigniew Pil\u015bniak, Cz\u0142onek Zarz\u0105du Powiatu Maciej Biernacki oraz Dyrektor Zespo\u0142u Szk\u00f3\u0142 nr 1 w K\u0142obucku Anna Nowicka. \u00a0<\/p>\n\n\n\n<p><br>Jak informuje Starostwo Powiatowe w K\u0142obucku, dokonany w drodze przetargu nieograniczonego, zorganizowanego przez powiat, wyb\u00f3r wykonawcy hali, by\u0142 ostatnim etapem procesu poprzedzaj\u0105cego podpisanie umowy. Firm\u0119 realizuj\u0105c\u0105 budow\u0119 hali, zgodnej z opracowan\u0105 wcze\u015bniej dokumentacj\u0105 wybrano spo\u015br\u00f3d 12 ofert, kt\u00f3re zosta\u0142y z\u0142o\u017cone w przetargu.<\/p>\n\n\n\n<p>Obiekt, kt\u00f3re budowa ma ruszy\u0107 niebawem, ma pomie\u015bci\u0107 trzy boiska do siatk\u00f3wki oraz kompleks szatni. Ca\u0142o\u015b\u0107 ma zosta\u0107 oddana do u\u017cytku w grudniu 2022 roku. Koszt tej inwestycji wyniesie 9,2 mln z\u0142otych.<\/p>\n","protected":false},"excerpt":{"rendered":"<p>Przy k\u0142obuckim Zespole Szk\u00f3\u0142 nr 1 powstanie hala sportowa. Tak\u0105 decyzj\u0119 podj\u0119\u0142o Starostwo Powiatowe w K\u0142obucku, kt\u00f3remu podlega szko\u0142a. Wybrano ju\u017c wykonawc\u0119 tej inwestycji.<\/p>\n","protected":false},"author":7,"featured_media":43620,"comment_status":"open","ping_status":"open","sticky":false,"template":"","format":"standard","meta":{"_monsterinsights_skip_tracking":false,"_monsterinsights_sitenote_active":false,"_monsterinsights_sitenote_note":"","_monsterinsights_sitenote_category":0,"_uf_show_specific_survey":0,"_uf_disable_surveys":false,"footnotes":""},"categories":[41,27,4,2],"tags":[],"class_list":["post-43614","post","type-post","status-publish","format-standard","has-post-thumbnail","hentry","category-edukacja","category-klobuck-informacje","category-region","category-wiadomosci"],"_links":{"self":[{"href":"https:\/\/gazetaregionalna.com\/index.php?rest_route=\/wp\/v2\/posts\/43614","targetHints":{"allow":["GET"]}}],"collection":[{"href":"https:\/\/gazetaregionalna.com\/index.php?rest_route=\/wp\/v2\/posts"}],"about":[{"href":"https:\/\/gazetaregionalna.com\/index.php?rest_route=\/wp\/v2\/types\/post"}],"author":[{"embeddable":true,"href":"https:\/\/gazetaregionalna.com\/index.php?rest_route=\/wp\/v2\/users\/7"}],"replies":[{"embeddable":true,"href":"https:\/\/gazetaregionalna.com\/index.php?rest_route=%2Fwp%2Fv2%2Fcomments&post=43614"}],"version-history":[{"count":3,"href":"https:\/\/gazetaregionalna.com\/index.php?rest_route=\/wp\/v2\/posts\/43614\/revisions"}],"predecessor-version":[{"id":43621,"href":"https:\/\/gazetaregionalna.com\/index.php?rest_route=\/wp\/v2\/posts\/43614\/revisions\/43621"}],"wp:featuredmedia":[{"embeddable":true,"href":"https:\/\/gazetaregionalna.com\/index.php?rest_route=\/wp\/v2\/media\/43620"}],"wp:attachment":[{"href":"https:\/\/gazetaregionalna.com\/index.php?rest_route=%2Fwp%2Fv2%2Fmedia&parent=43614"}],"wp:term":[{"taxonomy":"category","embeddable":true,"href":"https:\/\/gazetaregionalna.com\/index.php?rest_route=%2Fwp%2Fv2%2Fcategories&post=43614"},{"taxonomy":"post_tag","embeddable":true,"href":"https:\/\/gazetaregionalna.com\/index.php?rest_route=%2Fwp%2Fv2%2Ftags&post=43614"}],"curies":[{"name":"wp","href":"https:\/\/api.w.org\/{rel}","templated":true}]}}