{"id":43608,"date":"2021-06-04T07:41:12","date_gmt":"2021-06-04T07:41:12","guid":{"rendered":"https:\/\/gazetaregionalna.com\/?p=43608"},"modified":"2021-06-04T07:41:14","modified_gmt":"2021-06-04T07:41:14","slug":"gmina-kozieglowy-zaprasza-jutro-na-wystawe-psow-podziwiac-bedzie-mozna-owczarki-niemieckie","status":"publish","type":"post","link":"https:\/\/gazetaregionalna.com\/?p=43608","title":{"rendered":"Gmina Kozieg\u0142owy zaprasza jutro na wystaw\u0119 ps\u00f3w. Podziwia\u0107 b\u0119dzie mo\u017cna owczarki niemieckie"},"content":{"rendered":"\n<p>Jutro. 5 czerwca, w miejscowo\u015bci Gniazd\u00f3w, ko\u0142o Kozieg\u0142\u00f3w, odb\u0119dzie si\u0119 I Krajowa Wystawa Owczark\u00f3w Niemieckich. Te pi\u0119kne i niezwykle m\u0105dre psy podziwia\u0107 b\u0119dzie mo\u017cna na stadionie Gminnego O\u015brodka Sportu i Rekreacji. Start o godzinie 9.30.<\/p>\n\n\n\n<figure class=\"wp-block-image size-large\"><img decoding=\"async\" width=\"724\" height=\"1024\" data-src=\"https:\/\/gazetaregionalna.com\/wp-content\/uploads\/2021\/06\/195780760_877777643093401_5911000309706674088_n-724x1024.jpg\" alt=\"\" class=\"wp-image-43609 lazyload\" data-srcset=\"https:\/\/gazetaregionalna.com\/wp-content\/uploads\/2021\/06\/195780760_877777643093401_5911000309706674088_n-724x1024.jpg 724w, https:\/\/gazetaregionalna.com\/wp-content\/uploads\/2021\/06\/195780760_877777643093401_5911000309706674088_n-212x300.jpg 212w, https:\/\/gazetaregionalna.com\/wp-content\/uploads\/2021\/06\/195780760_877777643093401_5911000309706674088_n-768x1086.jpg 768w, https:\/\/gazetaregionalna.com\/wp-content\/uploads\/2021\/06\/195780760_877777643093401_5911000309706674088_n-1086x1536.jpg 1086w, https:\/\/gazetaregionalna.com\/wp-content\/uploads\/2021\/06\/195780760_877777643093401_5911000309706674088_n-1449x2048.jpg 1449w, https:\/\/gazetaregionalna.com\/wp-content\/uploads\/2021\/06\/195780760_877777643093401_5911000309706674088_n-696x984.jpg 696w, https:\/\/gazetaregionalna.com\/wp-content\/uploads\/2021\/06\/195780760_877777643093401_5911000309706674088_n-1068x1510.jpg 1068w, https:\/\/gazetaregionalna.com\/wp-content\/uploads\/2021\/06\/195780760_877777643093401_5911000309706674088_n-1920x2714.jpg 1920w, https:\/\/gazetaregionalna.com\/wp-content\/uploads\/2021\/06\/195780760_877777643093401_5911000309706674088_n-297x420.jpg 297w, https:\/\/gazetaregionalna.com\/wp-content\/uploads\/2021\/06\/195780760_877777643093401_5911000309706674088_n-scaled.jpg 1132w\" data-sizes=\"(max-width: 724px) 100vw, 724px\" src=\"data:image\/svg+xml;base64,PHN2ZyB3aWR0aD0iMSIgaGVpZ2h0PSIxIiB4bWxucz0iaHR0cDovL3d3dy53My5vcmcvMjAwMC9zdmciPjwvc3ZnPg==\" style=\"--smush-placeholder-width: 724px; --smush-placeholder-aspect-ratio: 724\/1024;\" \/><\/figure>\n\n\n\n<p>(zdj\u0119cie ilustracyjne pixabay.com)<\/p>\n","protected":false},"excerpt":{"rendered":"<p>Jutro. 5 czerwca, w miejscowo\u015bci Gniazd\u00f3w, ko\u0142o Kozieg\u0142\u00f3w, odb\u0119dzie si\u0119 I Krajowa Wystawa Owczark\u00f3w Niemieckich. Te pi\u0119kne i niezwykle m\u0105dre psy podziwia\u0107 b\u0119dzie mo\u017cna<\/p>\n","protected":false},"author":7,"featured_media":43611,"comment_status":"open","ping_status":"open","sticky":false,"template":"","format":"standard","meta":{"_monsterinsights_skip_tracking":false,"_monsterinsights_sitenote_active":false,"_monsterinsights_sitenote_note":"","_monsterinsights_sitenote_category":0,"_uf_show_specific_survey":0,"_uf_disable_surveys":false,"footnotes":""},"categories":[94,26,4,2],"tags":[],"class_list":["post-43608","post","type-post","status-publish","format-standard","has-post-thumbnail","hentry","category-polecane","category-myszkow","category-region","category-wiadomosci"],"_links":{"self":[{"href":"https:\/\/gazetaregionalna.com\/index.php?rest_route=\/wp\/v2\/posts\/43608","targetHints":{"allow":["GET"]}}],"collection":[{"href":"https:\/\/gazetaregionalna.com\/index.php?rest_route=\/wp\/v2\/posts"}],"about":[{"href":"https:\/\/gazetaregionalna.com\/index.php?rest_route=\/wp\/v2\/types\/post"}],"author":[{"embeddable":true,"href":"https:\/\/gazetaregionalna.com\/index.php?rest_route=\/wp\/v2\/users\/7"}],"replies":[{"embeddable":true,"href":"https:\/\/gazetaregionalna.com\/index.php?rest_route=%2Fwp%2Fv2%2Fcomments&post=43608"}],"version-history":[{"count":2,"href":"https:\/\/gazetaregionalna.com\/index.php?rest_route=\/wp\/v2\/posts\/43608\/revisions"}],"predecessor-version":[{"id":43612,"href":"https:\/\/gazetaregionalna.com\/index.php?rest_route=\/wp\/v2\/posts\/43608\/revisions\/43612"}],"wp:featuredmedia":[{"embeddable":true,"href":"https:\/\/gazetaregionalna.com\/index.php?rest_route=\/wp\/v2\/media\/43611"}],"wp:attachment":[{"href":"https:\/\/gazetaregionalna.com\/index.php?rest_route=%2Fwp%2Fv2%2Fmedia&parent=43608"}],"wp:term":[{"taxonomy":"category","embeddable":true,"href":"https:\/\/gazetaregionalna.com\/index.php?rest_route=%2Fwp%2Fv2%2Fcategories&post=43608"},{"taxonomy":"post_tag","embeddable":true,"href":"https:\/\/gazetaregionalna.com\/index.php?rest_route=%2Fwp%2Fv2%2Ftags&post=43608"}],"curies":[{"name":"wp","href":"https:\/\/api.w.org\/{rel}","templated":true}]}}