{"id":43498,"date":"2021-06-03T08:28:01","date_gmt":"2021-06-03T08:28:01","guid":{"rendered":"https:\/\/gazetaregionalna.com\/?p=43498"},"modified":"2021-06-03T08:28:02","modified_gmt":"2021-06-03T08:28:02","slug":"noga-z-gazu-policja-przez-caly-dlugi-weekend-zwieksza-kontrole-na-drogach","status":"publish","type":"post","link":"https:\/\/gazetaregionalna.com\/?p=43498","title":{"rendered":"Noga z gazu, policja przez ca\u0142y d\u0142ugi weekend zwi\u0119ksza kontrole na drogach"},"content":{"rendered":"\n<h3 class=\"wp-block-heading\">W zwi\u0105zku z d\u0142ugim weekendem, na drogach ca\u0142ego kraju mo\u017cna si\u0119 spodziewa\u0107 wzmo\u017conych kontroli drog\u00f3wki. Policjanci b\u0119d\u0105 sprawdza\u0107 nie tylko pr\u0119dko\u015b\u0107, z jak\u0105 jad\u0105 samochody, ale tak\u017ce trze\u017awo\u015b\u0107 kierowc\u00f3w oraz stan techniczny pojazd\u00f3w.<\/h3>\n\n\n\n<figure class=\"wp-block-gallery columns-2 is-cropped wp-block-gallery-1 is-layout-flex wp-block-gallery-is-layout-flex\"><ul class=\"blocks-gallery-grid\"><li class=\"blocks-gallery-item\"><figure><a href=\"https:\/\/gazetaregionalna.com\/wp-content\/uploads\/2021\/06\/35-658069.jpg\"><img decoding=\"async\" width=\"1024\" height=\"768\" data-src=\"https:\/\/gazetaregionalna.com\/wp-content\/uploads\/2021\/06\/35-658069-1024x768.jpg\" alt=\"\" data-id=\"43501\" data-full-url=\"https:\/\/gazetaregionalna.com\/wp-content\/uploads\/2021\/06\/35-658069.jpg\" data-link=\"https:\/\/gazetaregionalna.com\/?attachment_id=43501\" class=\"wp-image-43501 lazyload\" data-srcset=\"https:\/\/gazetaregionalna.com\/wp-content\/uploads\/2021\/06\/35-658069-1024x768.jpg 1024w, https:\/\/gazetaregionalna.com\/wp-content\/uploads\/2021\/06\/35-658069-300x225.jpg 300w, https:\/\/gazetaregionalna.com\/wp-content\/uploads\/2021\/06\/35-658069-768x576.jpg 768w, https:\/\/gazetaregionalna.com\/wp-content\/uploads\/2021\/06\/35-658069-696x522.jpg 696w, https:\/\/gazetaregionalna.com\/wp-content\/uploads\/2021\/06\/35-658069-1068x801.jpg 1068w, https:\/\/gazetaregionalna.com\/wp-content\/uploads\/2021\/06\/35-658069-560x420.jpg 560w, https:\/\/gazetaregionalna.com\/wp-content\/uploads\/2021\/06\/35-658069-80x60.jpg 80w, https:\/\/gazetaregionalna.com\/wp-content\/uploads\/2021\/06\/35-658069-265x198.jpg 265w, https:\/\/gazetaregionalna.com\/wp-content\/uploads\/2021\/06\/35-658069.jpg 1200w\" data-sizes=\"(max-width: 1024px) 100vw, 1024px\" src=\"data:image\/svg+xml;base64,PHN2ZyB3aWR0aD0iMSIgaGVpZ2h0PSIxIiB4bWxucz0iaHR0cDovL3d3dy53My5vcmcvMjAwMC9zdmciPjwvc3ZnPg==\" style=\"--smush-placeholder-width: 1024px; --smush-placeholder-aspect-ratio: 1024\/768;\" \/><\/a><\/figure><\/li><li class=\"blocks-gallery-item\"><figure><a href=\"https:\/\/gazetaregionalna.com\/wp-content\/uploads\/2021\/06\/35-658071.jpg\"><img decoding=\"async\" width=\"1024\" height=\"768\" data-src=\"https:\/\/gazetaregionalna.com\/wp-content\/uploads\/2021\/06\/35-658071-1024x768.jpg\" alt=\"\" data-id=\"43503\" data-full-url=\"https:\/\/gazetaregionalna.com\/wp-content\/uploads\/2021\/06\/35-658071.jpg\" data-link=\"https:\/\/gazetaregionalna.com\/?attachment_id=43503\" class=\"wp-image-43503 lazyload\" data-srcset=\"https:\/\/gazetaregionalna.com\/wp-content\/uploads\/2021\/06\/35-658071-1024x768.jpg 1024w, https:\/\/gazetaregionalna.com\/wp-content\/uploads\/2021\/06\/35-658071-300x225.jpg 300w, https:\/\/gazetaregionalna.com\/wp-content\/uploads\/2021\/06\/35-658071-768x576.jpg 768w, https:\/\/gazetaregionalna.com\/wp-content\/uploads\/2021\/06\/35-658071-696x522.jpg 696w, https:\/\/gazetaregionalna.com\/wp-content\/uploads\/2021\/06\/35-658071-1068x801.jpg 1068w, https:\/\/gazetaregionalna.com\/wp-content\/uploads\/2021\/06\/35-658071-560x420.jpg 560w, https:\/\/gazetaregionalna.com\/wp-content\/uploads\/2021\/06\/35-658071-80x60.jpg 80w, https:\/\/gazetaregionalna.com\/wp-content\/uploads\/2021\/06\/35-658071-265x198.jpg 265w, https:\/\/gazetaregionalna.com\/wp-content\/uploads\/2021\/06\/35-658071.jpg 1200w\" data-sizes=\"(max-width: 1024px) 100vw, 1024px\" src=\"data:image\/svg+xml;base64,PHN2ZyB3aWR0aD0iMSIgaGVpZ2h0PSIxIiB4bWxucz0iaHR0cDovL3d3dy53My5vcmcvMjAwMC9zdmciPjwvc3ZnPg==\" style=\"--smush-placeholder-width: 1024px; --smush-placeholder-aspect-ratio: 1024\/768;\" \/><\/a><\/figure><\/li><li class=\"blocks-gallery-item\"><figure><a href=\"https:\/\/gazetaregionalna.com\/wp-content\/uploads\/2021\/06\/35-658072.jpg\"><img decoding=\"async\" width=\"1024\" height=\"768\" data-src=\"https:\/\/gazetaregionalna.com\/wp-content\/uploads\/2021\/06\/35-658072-1024x768.jpg\" alt=\"\" data-id=\"43504\" data-full-url=\"https:\/\/gazetaregionalna.com\/wp-content\/uploads\/2021\/06\/35-658072.jpg\" data-link=\"https:\/\/gazetaregionalna.com\/?attachment_id=43504\" class=\"wp-image-43504 lazyload\" data-srcset=\"https:\/\/gazetaregionalna.com\/wp-content\/uploads\/2021\/06\/35-658072-1024x768.jpg 1024w, https:\/\/gazetaregionalna.com\/wp-content\/uploads\/2021\/06\/35-658072-300x225.jpg 300w, https:\/\/gazetaregionalna.com\/wp-content\/uploads\/2021\/06\/35-658072-768x576.jpg 768w, https:\/\/gazetaregionalna.com\/wp-content\/uploads\/2021\/06\/35-658072-696x522.jpg 696w, https:\/\/gazetaregionalna.com\/wp-content\/uploads\/2021\/06\/35-658072-1068x801.jpg 1068w, https:\/\/gazetaregionalna.com\/wp-content\/uploads\/2021\/06\/35-658072-560x420.jpg 560w, https:\/\/gazetaregionalna.com\/wp-content\/uploads\/2021\/06\/35-658072-80x60.jpg 80w, https:\/\/gazetaregionalna.com\/wp-content\/uploads\/2021\/06\/35-658072-265x198.jpg 265w, https:\/\/gazetaregionalna.com\/wp-content\/uploads\/2021\/06\/35-658072.jpg 1200w\" data-sizes=\"(max-width: 1024px) 100vw, 1024px\" src=\"data:image\/svg+xml;base64,PHN2ZyB3aWR0aD0iMSIgaGVpZ2h0PSIxIiB4bWxucz0iaHR0cDovL3d3dy53My5vcmcvMjAwMC9zdmciPjwvc3ZnPg==\" style=\"--smush-placeholder-width: 1024px; --smush-placeholder-aspect-ratio: 1024\/768;\" \/><\/a><\/figure><\/li><li class=\"blocks-gallery-item\"><figure><a href=\"https:\/\/gazetaregionalna.com\/wp-content\/uploads\/2021\/06\/35-658073.jpg\"><img decoding=\"async\" width=\"1024\" height=\"768\" data-src=\"https:\/\/gazetaregionalna.com\/wp-content\/uploads\/2021\/06\/35-658073-1024x768.jpg\" alt=\"\" data-id=\"43505\" data-full-url=\"https:\/\/gazetaregionalna.com\/wp-content\/uploads\/2021\/06\/35-658073.jpg\" data-link=\"https:\/\/gazetaregionalna.com\/?attachment_id=43505\" class=\"wp-image-43505 lazyload\" data-srcset=\"https:\/\/gazetaregionalna.com\/wp-content\/uploads\/2021\/06\/35-658073-1024x768.jpg 1024w, https:\/\/gazetaregionalna.com\/wp-content\/uploads\/2021\/06\/35-658073-300x225.jpg 300w, https:\/\/gazetaregionalna.com\/wp-content\/uploads\/2021\/06\/35-658073-768x576.jpg 768w, https:\/\/gazetaregionalna.com\/wp-content\/uploads\/2021\/06\/35-658073-696x522.jpg 696w, https:\/\/gazetaregionalna.com\/wp-content\/uploads\/2021\/06\/35-658073-1068x801.jpg 1068w, https:\/\/gazetaregionalna.com\/wp-content\/uploads\/2021\/06\/35-658073-560x420.jpg 560w, https:\/\/gazetaregionalna.com\/wp-content\/uploads\/2021\/06\/35-658073-80x60.jpg 80w, https:\/\/gazetaregionalna.com\/wp-content\/uploads\/2021\/06\/35-658073-265x198.jpg 265w, https:\/\/gazetaregionalna.com\/wp-content\/uploads\/2021\/06\/35-658073.jpg 1200w\" data-sizes=\"(max-width: 1024px) 100vw, 1024px\" src=\"data:image\/svg+xml;base64,PHN2ZyB3aWR0aD0iMSIgaGVpZ2h0PSIxIiB4bWxucz0iaHR0cDovL3d3dy53My5vcmcvMjAwMC9zdmciPjwvc3ZnPg==\" style=\"--smush-placeholder-width: 1024px; --smush-placeholder-aspect-ratio: 1024\/768;\" \/><\/a><\/figure><\/li><\/ul><\/figure>\n\n\n\n<p>Takie dzia\u0142ania maj\u0105 zapewni\u0107 bezpiecze\u0144stwo na drogach w sytuacji, gdy korzystaj\u0105c z \u0142adnej pogody i dni wolnych od pracy wiele os\u00f3b zdecyduje si\u0119 na wyjazd poza miasto.<\/p>\n\n\n\n<p>Na drogach mo\u017cna si\u0119 spodziewa\u0107 tzw. kaskadowych pomiar\u00f3w pr\u0119dko\u015bci, czyli rozmieszczenia kilku patroli policyjnych na wybranym odcinku drogi. Policjanci z ruchu drogowego maj\u0105 tak\u017ce zadba\u0107 o bezpiecze\u0144stwo pieszych oraz rowerzyst\u00f3w, kt\u00f3rych w tych dniach z pewno\u015bci\u0105 tak\u017ce na drogach przyb\u0119dzie.<\/p>\n","protected":false},"excerpt":{"rendered":"<p>W zwi\u0105zku z d\u0142ugim weekendem, na drogach ca\u0142ego kraju mo\u017cna si\u0119 spodziewa\u0107 wzmo\u017conych kontroli drog\u00f3wki. Policjanci b\u0119d\u0105 sprawdza\u0107 nie tylko pr\u0119dko\u015b\u0107, z jak\u0105 jad\u0105<\/p>\n","protected":false},"author":7,"featured_media":43502,"comment_status":"open","ping_status":"open","sticky":false,"template":"","format":"standard","meta":{"_monsterinsights_skip_tracking":false,"_monsterinsights_sitenote_active":false,"_monsterinsights_sitenote_note":"","_monsterinsights_sitenote_category":0,"_uf_show_specific_survey":0,"_uf_disable_surveys":false,"footnotes":""},"categories":[94,2],"tags":[],"class_list":["post-43498","post","type-post","status-publish","format-standard","has-post-thumbnail","hentry","category-polecane","category-wiadomosci"],"_links":{"self":[{"href":"https:\/\/gazetaregionalna.com\/index.php?rest_route=\/wp\/v2\/posts\/43498","targetHints":{"allow":["GET"]}}],"collection":[{"href":"https:\/\/gazetaregionalna.com\/index.php?rest_route=\/wp\/v2\/posts"}],"about":[{"href":"https:\/\/gazetaregionalna.com\/index.php?rest_route=\/wp\/v2\/types\/post"}],"author":[{"embeddable":true,"href":"https:\/\/gazetaregionalna.com\/index.php?rest_route=\/wp\/v2\/users\/7"}],"replies":[{"embeddable":true,"href":"https:\/\/gazetaregionalna.com\/index.php?rest_route=%2Fwp%2Fv2%2Fcomments&post=43498"}],"version-history":[{"count":4,"href":"https:\/\/gazetaregionalna.com\/index.php?rest_route=\/wp\/v2\/posts\/43498\/revisions"}],"predecessor-version":[{"id":43507,"href":"https:\/\/gazetaregionalna.com\/index.php?rest_route=\/wp\/v2\/posts\/43498\/revisions\/43507"}],"wp:featuredmedia":[{"embeddable":true,"href":"https:\/\/gazetaregionalna.com\/index.php?rest_route=\/wp\/v2\/media\/43502"}],"wp:attachment":[{"href":"https:\/\/gazetaregionalna.com\/index.php?rest_route=%2Fwp%2Fv2%2Fmedia&parent=43498"}],"wp:term":[{"taxonomy":"category","embeddable":true,"href":"https:\/\/gazetaregionalna.com\/index.php?rest_route=%2Fwp%2Fv2%2Fcategories&post=43498"},{"taxonomy":"post_tag","embeddable":true,"href":"https:\/\/gazetaregionalna.com\/index.php?rest_route=%2Fwp%2Fv2%2Ftags&post=43498"}],"curies":[{"name":"wp","href":"https:\/\/api.w.org\/{rel}","templated":true}]}}