{"id":43495,"date":"2021-06-03T08:15:30","date_gmt":"2021-06-03T08:15:30","guid":{"rendered":"https:\/\/gazetaregionalna.com\/?p=43495"},"modified":"2021-06-03T08:17:07","modified_gmt":"2021-06-03T08:17:07","slug":"juniorzy-bocar-wlokniarz-po-raz-kolejny-wygrali-w-opolu","status":"publish","type":"post","link":"https:\/\/gazetaregionalna.com\/?p=43495","title":{"rendered":"Juniorzy Bocar W\u0142\u00f3kniarz po raz kolejny wygrali w Opolu"},"content":{"rendered":"\n<p>\u017bu\u017clowcy Bocar W\u0142\u00f3kniarz bardzo dobrze prezentuj\u0105 si\u0119 w Dru\u017cynowych Mistrzostwach Polski Junior\u00f3w. Po raz drugi wygrali w Opolu.<\/p>\n\n\n\n<p>W \u015brod\u0119 cz\u0119stochowianie zdobyli 46 punkt\u00f3w. Do zwyci\u0119stwa Bocar W\u0142\u00f3kniarz poprowadzi\u0142 Bart\u0142omiej Kowalski, kt\u00f3ry zdoby\u0142 13 punkt\u00f3w (3,2,3,3,2). 12 punkt\u00f3w wywalczy\u0142 Mateusz \u015awidnicki (3,3,3,1,2), 11 punkt\u00f3w do\u0142o\u017cy\u0142 Franciszek Karczewski (3,2,3,0,3), a 10 punkt\u00f3w zdoby\u0142 Kajetan Kupiec (1,3,2,2,2).<\/p>\n\n\n\n<p>Drugie miejsce wywalczyli juniorzy WTS Sparty Wroc\u0142aw (39 punkt\u00f3w). Na 3. miejscu uplasowa\u0142 si\u0119 ROW Rybnik (26 punkt\u00f3w), a na 4. pozycji Kolejarz Opole (9 punkt\u00f3w).<\/p>\n\n\n\n<p>Foto: Gazeta Regionalna\/AK<\/p>\n\n\n\n<figure class=\"wp-block-image size-large\"><img decoding=\"async\" width=\"1024\" height=\"672\" data-src=\"https:\/\/gazetaregionalna.com\/wp-content\/uploads\/2021\/05\/CKM-Sparta-12-1024x672.jpg\" alt=\"\" class=\"wp-image-41017 lazyload\" data-srcset=\"https:\/\/gazetaregionalna.com\/wp-content\/uploads\/2021\/05\/CKM-Sparta-12-1024x672.jpg 1024w, https:\/\/gazetaregionalna.com\/wp-content\/uploads\/2021\/05\/CKM-Sparta-12-300x197.jpg 300w, https:\/\/gazetaregionalna.com\/wp-content\/uploads\/2021\/05\/CKM-Sparta-12-768x504.jpg 768w, https:\/\/gazetaregionalna.com\/wp-content\/uploads\/2021\/05\/CKM-Sparta-12-1536x1008.jpg 1536w, https:\/\/gazetaregionalna.com\/wp-content\/uploads\/2021\/05\/CKM-Sparta-12-2048x1344.jpg 2048w, https:\/\/gazetaregionalna.com\/wp-content\/uploads\/2021\/05\/CKM-Sparta-12-696x457.jpg 696w, https:\/\/gazetaregionalna.com\/wp-content\/uploads\/2021\/05\/CKM-Sparta-12-1068x701.jpg 1068w, https:\/\/gazetaregionalna.com\/wp-content\/uploads\/2021\/05\/CKM-Sparta-12-1920x1260.jpg 1920w, https:\/\/gazetaregionalna.com\/wp-content\/uploads\/2021\/05\/CKM-Sparta-12-640x420.jpg 640w, https:\/\/gazetaregionalna.com\/wp-content\/uploads\/2021\/05\/CKM-Sparta-12-741x486.jpg 741w, https:\/\/gazetaregionalna.com\/wp-content\/uploads\/2021\/05\/CKM-Sparta-12-scaled.jpg 1200w\" data-sizes=\"(max-width: 1024px) 100vw, 1024px\" src=\"data:image\/svg+xml;base64,PHN2ZyB3aWR0aD0iMSIgaGVpZ2h0PSIxIiB4bWxucz0iaHR0cDovL3d3dy53My5vcmcvMjAwMC9zdmciPjwvc3ZnPg==\" style=\"--smush-placeholder-width: 1024px; --smush-placeholder-aspect-ratio: 1024\/672;\" \/><\/figure>\n\n\n\n<figure class=\"wp-block-image size-large\"><img decoding=\"async\" width=\"1024\" height=\"644\" data-src=\"https:\/\/gazetaregionalna.com\/wp-content\/uploads\/2021\/05\/CKM-Sparta-75-1024x644.jpg\" alt=\"\" class=\"wp-image-41030 lazyload\" data-srcset=\"https:\/\/gazetaregionalna.com\/wp-content\/uploads\/2021\/05\/CKM-Sparta-75-1024x644.jpg 1024w, https:\/\/gazetaregionalna.com\/wp-content\/uploads\/2021\/05\/CKM-Sparta-75-300x189.jpg 300w, https:\/\/gazetaregionalna.com\/wp-content\/uploads\/2021\/05\/CKM-Sparta-75-768x483.jpg 768w, https:\/\/gazetaregionalna.com\/wp-content\/uploads\/2021\/05\/CKM-Sparta-75-1536x965.jpg 1536w, https:\/\/gazetaregionalna.com\/wp-content\/uploads\/2021\/05\/CKM-Sparta-75-2048x1287.jpg 2048w, https:\/\/gazetaregionalna.com\/wp-content\/uploads\/2021\/05\/CKM-Sparta-75-696x437.jpg 696w, https:\/\/gazetaregionalna.com\/wp-content\/uploads\/2021\/05\/CKM-Sparta-75-1068x671.jpg 1068w, https:\/\/gazetaregionalna.com\/wp-content\/uploads\/2021\/05\/CKM-Sparta-75-1920x1207.jpg 1920w, https:\/\/gazetaregionalna.com\/wp-content\/uploads\/2021\/05\/CKM-Sparta-75-668x420.jpg 668w, https:\/\/gazetaregionalna.com\/wp-content\/uploads\/2021\/05\/CKM-Sparta-75-scaled.jpg 1200w\" data-sizes=\"(max-width: 1024px) 100vw, 1024px\" src=\"data:image\/svg+xml;base64,PHN2ZyB3aWR0aD0iMSIgaGVpZ2h0PSIxIiB4bWxucz0iaHR0cDovL3d3dy53My5vcmcvMjAwMC9zdmciPjwvc3ZnPg==\" style=\"--smush-placeholder-width: 1024px; --smush-placeholder-aspect-ratio: 1024\/644;\" \/><\/figure>\n\n\n\n<figure class=\"wp-block-image size-large\"><img decoding=\"async\" width=\"1024\" height=\"683\" data-src=\"https:\/\/gazetaregionalna.com\/wp-content\/uploads\/2021\/05\/CKM-Sparta-3-1024x683.jpg\" alt=\"\" class=\"wp-image-41013 lazyload\" data-srcset=\"https:\/\/gazetaregionalna.com\/wp-content\/uploads\/2021\/05\/CKM-Sparta-3-1024x683.jpg 1024w, https:\/\/gazetaregionalna.com\/wp-content\/uploads\/2021\/05\/CKM-Sparta-3-300x200.jpg 300w, https:\/\/gazetaregionalna.com\/wp-content\/uploads\/2021\/05\/CKM-Sparta-3-768x512.jpg 768w, https:\/\/gazetaregionalna.com\/wp-content\/uploads\/2021\/05\/CKM-Sparta-3-1536x1024.jpg 1536w, https:\/\/gazetaregionalna.com\/wp-content\/uploads\/2021\/05\/CKM-Sparta-3-2048x1365.jpg 2048w, https:\/\/gazetaregionalna.com\/wp-content\/uploads\/2021\/05\/CKM-Sparta-3-696x464.jpg 696w, https:\/\/gazetaregionalna.com\/wp-content\/uploads\/2021\/05\/CKM-Sparta-3-1068x712.jpg 1068w, https:\/\/gazetaregionalna.com\/wp-content\/uploads\/2021\/05\/CKM-Sparta-3-1920x1280.jpg 1920w, https:\/\/gazetaregionalna.com\/wp-content\/uploads\/2021\/05\/CKM-Sparta-3-630x420.jpg 630w, https:\/\/gazetaregionalna.com\/wp-content\/uploads\/2021\/05\/CKM-Sparta-3-scaled.jpg 1200w\" data-sizes=\"(max-width: 1024px) 100vw, 1024px\" src=\"data:image\/svg+xml;base64,PHN2ZyB3aWR0aD0iMSIgaGVpZ2h0PSIxIiB4bWxucz0iaHR0cDovL3d3dy53My5vcmcvMjAwMC9zdmciPjwvc3ZnPg==\" style=\"--smush-placeholder-width: 1024px; --smush-placeholder-aspect-ratio: 1024\/683;\" \/><\/figure>\n\n\n\n<figure class=\"wp-block-image size-large\"><img decoding=\"async\" width=\"1024\" height=\"582\" data-src=\"https:\/\/gazetaregionalna.com\/wp-content\/uploads\/2021\/05\/CKM-Sparta-30-1024x582.jpg\" alt=\"\" class=\"wp-image-41021 lazyload\" data-srcset=\"https:\/\/gazetaregionalna.com\/wp-content\/uploads\/2021\/05\/CKM-Sparta-30-1024x582.jpg 1024w, https:\/\/gazetaregionalna.com\/wp-content\/uploads\/2021\/05\/CKM-Sparta-30-300x170.jpg 300w, https:\/\/gazetaregionalna.com\/wp-content\/uploads\/2021\/05\/CKM-Sparta-30-768x436.jpg 768w, https:\/\/gazetaregionalna.com\/wp-content\/uploads\/2021\/05\/CKM-Sparta-30-1536x873.jpg 1536w, https:\/\/gazetaregionalna.com\/wp-content\/uploads\/2021\/05\/CKM-Sparta-30-2048x1164.jpg 2048w, https:\/\/gazetaregionalna.com\/wp-content\/uploads\/2021\/05\/CKM-Sparta-30-696x396.jpg 696w, https:\/\/gazetaregionalna.com\/wp-content\/uploads\/2021\/05\/CKM-Sparta-30-1068x607.jpg 1068w, https:\/\/gazetaregionalna.com\/wp-content\/uploads\/2021\/05\/CKM-Sparta-30-1920x1091.jpg 1920w, https:\/\/gazetaregionalna.com\/wp-content\/uploads\/2021\/05\/CKM-Sparta-30-739x420.jpg 739w, https:\/\/gazetaregionalna.com\/wp-content\/uploads\/2021\/05\/CKM-Sparta-30-scaled.jpg 1200w\" data-sizes=\"(max-width: 1024px) 100vw, 1024px\" src=\"data:image\/svg+xml;base64,PHN2ZyB3aWR0aD0iMSIgaGVpZ2h0PSIxIiB4bWxucz0iaHR0cDovL3d3dy53My5vcmcvMjAwMC9zdmciPjwvc3ZnPg==\" style=\"--smush-placeholder-width: 1024px; --smush-placeholder-aspect-ratio: 1024\/582;\" \/><\/figure>\n","protected":false},"excerpt":{"rendered":"<p>\u017bu\u017clowcy Bocar W\u0142\u00f3kniarz bardzo dobrze prezentuj\u0105 si\u0119 w Dru\u017cynowych Mistrzostwach Polski Junior\u00f3w. Po raz drugi wygrali w Opolu. W \u015brod\u0119 cz\u0119stochowianie zdobyli 46 punkt\u00f3w.<\/p>\n","protected":false},"author":15,"featured_media":41025,"comment_status":"open","ping_status":"open","sticky":false,"template":"","format":"standard","meta":{"_monsterinsights_skip_tracking":false,"_monsterinsights_sitenote_active":false,"_monsterinsights_sitenote_note":"","_monsterinsights_sitenote_category":0,"_uf_show_specific_survey":0,"_uf_disable_surveys":false,"footnotes":""},"categories":[5,7],"tags":[],"class_list":["post-43495","post","type-post","status-publish","format-standard","has-post-thumbnail","hentry","category-sport","category-zuzel"],"_links":{"self":[{"href":"https:\/\/gazetaregionalna.com\/index.php?rest_route=\/wp\/v2\/posts\/43495","targetHints":{"allow":["GET"]}}],"collection":[{"href":"https:\/\/gazetaregionalna.com\/index.php?rest_route=\/wp\/v2\/posts"}],"about":[{"href":"https:\/\/gazetaregionalna.com\/index.php?rest_route=\/wp\/v2\/types\/post"}],"author":[{"embeddable":true,"href":"https:\/\/gazetaregionalna.com\/index.php?rest_route=\/wp\/v2\/users\/15"}],"replies":[{"embeddable":true,"href":"https:\/\/gazetaregionalna.com\/index.php?rest_route=%2Fwp%2Fv2%2Fcomments&post=43495"}],"version-history":[{"count":1,"href":"https:\/\/gazetaregionalna.com\/index.php?rest_route=\/wp\/v2\/posts\/43495\/revisions"}],"predecessor-version":[{"id":43496,"href":"https:\/\/gazetaregionalna.com\/index.php?rest_route=\/wp\/v2\/posts\/43495\/revisions\/43496"}],"wp:featuredmedia":[{"embeddable":true,"href":"https:\/\/gazetaregionalna.com\/index.php?rest_route=\/wp\/v2\/media\/41025"}],"wp:attachment":[{"href":"https:\/\/gazetaregionalna.com\/index.php?rest_route=%2Fwp%2Fv2%2Fmedia&parent=43495"}],"wp:term":[{"taxonomy":"category","embeddable":true,"href":"https:\/\/gazetaregionalna.com\/index.php?rest_route=%2Fwp%2Fv2%2Fcategories&post=43495"},{"taxonomy":"post_tag","embeddable":true,"href":"https:\/\/gazetaregionalna.com\/index.php?rest_route=%2Fwp%2Fv2%2Ftags&post=43495"}],"curies":[{"name":"wp","href":"https:\/\/api.w.org\/{rel}","templated":true}]}}