{"id":43484,"date":"2021-06-03T08:04:05","date_gmt":"2021-06-03T08:04:05","guid":{"rendered":"https:\/\/gazetaregionalna.com\/?p=43484"},"modified":"2021-06-03T08:04:06","modified_gmt":"2021-06-03T08:04:06","slug":"plot-wokol-merkurego-znowu-przy-samej-alei-tym-razem-jest-w-innym-kolorze","status":"publish","type":"post","link":"https:\/\/gazetaregionalna.com\/?p=43484","title":{"rendered":"P\u0142ot wok\u00f3\u0142 \u201eMerkurego\u201d znowu przy samej Alei. Tym razem jest w innym kolorze"},"content":{"rendered":"\n<h2 class=\"wp-block-heading\">W\u0142a\u015bciciele dawnego domu handlowego \u201eMerkury\u201d ponownie otoczyli budynek p\u0142otem, kt\u00f3ry stan\u0105\u0142 tu\u017c przy kraw\u0119dzi chodnikach w Alei. Tym razem ogrodzenie jest w innej, spokojniejsze barwie wsp\u00f3\u0142graj\u0105cej z kolorystyk\u0105 Alei. Jego usytuowanie uzgodniono tak\u017ce z konserwatorem zabytk\u00f3w.<\/h2>\n\n\n\n<figure class=\"wp-block-gallery columns-2 is-cropped wp-block-gallery-1 is-layout-flex wp-block-gallery-is-layout-flex\"><ul class=\"blocks-gallery-grid\"><li class=\"blocks-gallery-item\"><figure><a href=\"https:\/\/gazetaregionalna.com\/wp-content\/uploads\/2021\/06\/p1-1-scaled.jpg\"><img decoding=\"async\" width=\"1024\" height=\"768\" data-src=\"https:\/\/gazetaregionalna.com\/wp-content\/uploads\/2021\/06\/p1-1-1024x768.jpg\" alt=\"\" data-id=\"43489\" data-full-url=\"https:\/\/gazetaregionalna.com\/wp-content\/uploads\/2021\/06\/p1-1-scaled.jpg\" data-link=\"https:\/\/gazetaregionalna.com\/?attachment_id=43489\" class=\"wp-image-43489 lazyload\" data-srcset=\"https:\/\/gazetaregionalna.com\/wp-content\/uploads\/2021\/06\/p1-1-1024x768.jpg 1024w, https:\/\/gazetaregionalna.com\/wp-content\/uploads\/2021\/06\/p1-1-300x225.jpg 300w, https:\/\/gazetaregionalna.com\/wp-content\/uploads\/2021\/06\/p1-1-768x576.jpg 768w, https:\/\/gazetaregionalna.com\/wp-content\/uploads\/2021\/06\/p1-1-1536x1152.jpg 1536w, https:\/\/gazetaregionalna.com\/wp-content\/uploads\/2021\/06\/p1-1-2048x1536.jpg 2048w, https:\/\/gazetaregionalna.com\/wp-content\/uploads\/2021\/06\/p1-1-696x522.jpg 696w, https:\/\/gazetaregionalna.com\/wp-content\/uploads\/2021\/06\/p1-1-1068x801.jpg 1068w, https:\/\/gazetaregionalna.com\/wp-content\/uploads\/2021\/06\/p1-1-1920x1440.jpg 1920w, https:\/\/gazetaregionalna.com\/wp-content\/uploads\/2021\/06\/p1-1-560x420.jpg 560w, https:\/\/gazetaregionalna.com\/wp-content\/uploads\/2021\/06\/p1-1-80x60.jpg 80w, https:\/\/gazetaregionalna.com\/wp-content\/uploads\/2021\/06\/p1-1-265x198.jpg 265w, https:\/\/gazetaregionalna.com\/wp-content\/uploads\/2021\/06\/p1-1-scaled.jpg 1200w\" data-sizes=\"(max-width: 1024px) 100vw, 1024px\" src=\"data:image\/svg+xml;base64,PHN2ZyB3aWR0aD0iMSIgaGVpZ2h0PSIxIiB4bWxucz0iaHR0cDovL3d3dy53My5vcmcvMjAwMC9zdmciPjwvc3ZnPg==\" style=\"--smush-placeholder-width: 1024px; --smush-placeholder-aspect-ratio: 1024\/768;\" \/><\/a><\/figure><\/li><li class=\"blocks-gallery-item\"><figure><a href=\"https:\/\/gazetaregionalna.com\/wp-content\/uploads\/2021\/06\/p2-1-scaled.jpg\"><img decoding=\"async\" width=\"1024\" height=\"768\" data-src=\"https:\/\/gazetaregionalna.com\/wp-content\/uploads\/2021\/06\/p2-1-1024x768.jpg\" alt=\"\" data-id=\"43490\" data-full-url=\"https:\/\/gazetaregionalna.com\/wp-content\/uploads\/2021\/06\/p2-1-scaled.jpg\" data-link=\"https:\/\/gazetaregionalna.com\/?attachment_id=43490\" class=\"wp-image-43490 lazyload\" data-srcset=\"https:\/\/gazetaregionalna.com\/wp-content\/uploads\/2021\/06\/p2-1-1024x768.jpg 1024w, https:\/\/gazetaregionalna.com\/wp-content\/uploads\/2021\/06\/p2-1-300x225.jpg 300w, https:\/\/gazetaregionalna.com\/wp-content\/uploads\/2021\/06\/p2-1-768x576.jpg 768w, https:\/\/gazetaregionalna.com\/wp-content\/uploads\/2021\/06\/p2-1-1536x1152.jpg 1536w, https:\/\/gazetaregionalna.com\/wp-content\/uploads\/2021\/06\/p2-1-2048x1536.jpg 2048w, https:\/\/gazetaregionalna.com\/wp-content\/uploads\/2021\/06\/p2-1-696x522.jpg 696w, https:\/\/gazetaregionalna.com\/wp-content\/uploads\/2021\/06\/p2-1-1068x801.jpg 1068w, https:\/\/gazetaregionalna.com\/wp-content\/uploads\/2021\/06\/p2-1-1920x1440.jpg 1920w, https:\/\/gazetaregionalna.com\/wp-content\/uploads\/2021\/06\/p2-1-560x420.jpg 560w, https:\/\/gazetaregionalna.com\/wp-content\/uploads\/2021\/06\/p2-1-80x60.jpg 80w, https:\/\/gazetaregionalna.com\/wp-content\/uploads\/2021\/06\/p2-1-265x198.jpg 265w, https:\/\/gazetaregionalna.com\/wp-content\/uploads\/2021\/06\/p2-1-scaled.jpg 1200w\" data-sizes=\"(max-width: 1024px) 100vw, 1024px\" src=\"data:image\/svg+xml;base64,PHN2ZyB3aWR0aD0iMSIgaGVpZ2h0PSIxIiB4bWxucz0iaHR0cDovL3d3dy53My5vcmcvMjAwMC9zdmciPjwvc3ZnPg==\" style=\"--smush-placeholder-width: 1024px; --smush-placeholder-aspect-ratio: 1024\/768;\" \/><\/a><\/figure><\/li><li class=\"blocks-gallery-item\"><figure><a href=\"https:\/\/gazetaregionalna.com\/wp-content\/uploads\/2021\/06\/p3-1-scaled.jpg\"><img decoding=\"async\" width=\"1024\" height=\"768\" data-src=\"https:\/\/gazetaregionalna.com\/wp-content\/uploads\/2021\/06\/p3-1-1024x768.jpg\" alt=\"\" data-id=\"43491\" data-full-url=\"https:\/\/gazetaregionalna.com\/wp-content\/uploads\/2021\/06\/p3-1-scaled.jpg\" data-link=\"https:\/\/gazetaregionalna.com\/?attachment_id=43491\" class=\"wp-image-43491 lazyload\" data-srcset=\"https:\/\/gazetaregionalna.com\/wp-content\/uploads\/2021\/06\/p3-1-1024x768.jpg 1024w, https:\/\/gazetaregionalna.com\/wp-content\/uploads\/2021\/06\/p3-1-300x225.jpg 300w, https:\/\/gazetaregionalna.com\/wp-content\/uploads\/2021\/06\/p3-1-768x576.jpg 768w, https:\/\/gazetaregionalna.com\/wp-content\/uploads\/2021\/06\/p3-1-1536x1152.jpg 1536w, https:\/\/gazetaregionalna.com\/wp-content\/uploads\/2021\/06\/p3-1-2048x1536.jpg 2048w, https:\/\/gazetaregionalna.com\/wp-content\/uploads\/2021\/06\/p3-1-696x522.jpg 696w, https:\/\/gazetaregionalna.com\/wp-content\/uploads\/2021\/06\/p3-1-1068x801.jpg 1068w, https:\/\/gazetaregionalna.com\/wp-content\/uploads\/2021\/06\/p3-1-1920x1440.jpg 1920w, https:\/\/gazetaregionalna.com\/wp-content\/uploads\/2021\/06\/p3-1-560x420.jpg 560w, https:\/\/gazetaregionalna.com\/wp-content\/uploads\/2021\/06\/p3-1-80x60.jpg 80w, https:\/\/gazetaregionalna.com\/wp-content\/uploads\/2021\/06\/p3-1-265x198.jpg 265w, https:\/\/gazetaregionalna.com\/wp-content\/uploads\/2021\/06\/p3-1-scaled.jpg 1200w\" data-sizes=\"(max-width: 1024px) 100vw, 1024px\" src=\"data:image\/svg+xml;base64,PHN2ZyB3aWR0aD0iMSIgaGVpZ2h0PSIxIiB4bWxucz0iaHR0cDovL3d3dy53My5vcmcvMjAwMC9zdmciPjwvc3ZnPg==\" style=\"--smush-placeholder-width: 1024px; --smush-placeholder-aspect-ratio: 1024\/768;\" \/><\/a><\/figure><\/li><li class=\"blocks-gallery-item\"><figure><a href=\"https:\/\/gazetaregionalna.com\/wp-content\/uploads\/2021\/06\/p5-scaled.jpg\"><img decoding=\"async\" width=\"1024\" height=\"768\" data-src=\"https:\/\/gazetaregionalna.com\/wp-content\/uploads\/2021\/06\/p5-1024x768.jpg\" alt=\"\" data-id=\"43492\" data-full-url=\"https:\/\/gazetaregionalna.com\/wp-content\/uploads\/2021\/06\/p5-scaled.jpg\" data-link=\"https:\/\/gazetaregionalna.com\/?attachment_id=43492\" class=\"wp-image-43492 lazyload\" data-srcset=\"https:\/\/gazetaregionalna.com\/wp-content\/uploads\/2021\/06\/p5-1024x768.jpg 1024w, https:\/\/gazetaregionalna.com\/wp-content\/uploads\/2021\/06\/p5-300x225.jpg 300w, https:\/\/gazetaregionalna.com\/wp-content\/uploads\/2021\/06\/p5-768x576.jpg 768w, https:\/\/gazetaregionalna.com\/wp-content\/uploads\/2021\/06\/p5-1536x1152.jpg 1536w, https:\/\/gazetaregionalna.com\/wp-content\/uploads\/2021\/06\/p5-2048x1536.jpg 2048w, https:\/\/gazetaregionalna.com\/wp-content\/uploads\/2021\/06\/p5-696x522.jpg 696w, https:\/\/gazetaregionalna.com\/wp-content\/uploads\/2021\/06\/p5-1068x801.jpg 1068w, https:\/\/gazetaregionalna.com\/wp-content\/uploads\/2021\/06\/p5-1920x1440.jpg 1920w, https:\/\/gazetaregionalna.com\/wp-content\/uploads\/2021\/06\/p5-560x420.jpg 560w, https:\/\/gazetaregionalna.com\/wp-content\/uploads\/2021\/06\/p5-80x60.jpg 80w, https:\/\/gazetaregionalna.com\/wp-content\/uploads\/2021\/06\/p5-265x198.jpg 265w, https:\/\/gazetaregionalna.com\/wp-content\/uploads\/2021\/06\/p5-scaled.jpg 1200w\" data-sizes=\"(max-width: 1024px) 100vw, 1024px\" src=\"data:image\/svg+xml;base64,PHN2ZyB3aWR0aD0iMSIgaGVpZ2h0PSIxIiB4bWxucz0iaHR0cDovL3d3dy53My5vcmcvMjAwMC9zdmciPjwvc3ZnPg==\" style=\"--smush-placeholder-width: 1024px; --smush-placeholder-aspect-ratio: 1024\/768;\" \/><\/a><\/figure><\/li><\/ul><figcaption class=\"blocks-gallery-caption\">(fot. IBS)<\/figcaption><\/figure>\n\n\n\n<p>Pierwszy raz budynek otoczono p\u0142otem w kwietniu. Wok\u00f3\u0142 \u201eMerkurego\u201d, tu\u017c przy chodniku stan\u0105\u0142 p\u0142ot w jaskrawym, niebieskim kolorze.<\/p>\n\n\n\n<p>Miasto interweniowa\u0142o w tej sprawie w Powiatowym Inspektoracie Nadzoru Budowlanego. Uznano, \u017ce niebieski p\u0142ot szpeci Aleje.<\/p>\n\n\n\n<p>Pisali\u015bmy io tym tutaj:<\/p>\n\n\n\n<figure class=\"wp-block-embed is-type-wp-embed is-provider-gazeta-regionalna wp-block-embed-gazeta-regionalna\"><div class=\"wp-block-embed__wrapper\">\n<div class=\"fitvids-video\"><blockquote class=\"wp-embedded-content\" data-secret=\"ggGRPx8wsu\"><a href=\"https:\/\/gazetaregionalna.com\/miasto-interweniuje-w-sprawie-plotu-wokol-merkurego-w-powiatowym-inspektoracie-nadzoru-budowlanego\/\">Miasto interweniuje w sprawie p\u0142otu wok\u00f3\u0142 Merkurego w Powiatowym Inspektoracie Nadzoru Budowlanego<\/a><\/blockquote><iframe class=\"wp-embedded-content lazyload\" sandbox=\"allow-scripts\" security=\"restricted\" style=\"position: absolute; clip: rect(1px, 1px, 1px, 1px);\" title=\"&#8222;Miasto interweniuje w sprawie p\u0142otu wok\u00f3\u0142 Merkurego w Powiatowym Inspektoracie Nadzoru Budowlanego&#8221; &#8212; Gazeta Regionalna\" data-src=\"https:\/\/gazetaregionalna.com\/miasto-interweniuje-w-sprawie-plotu-wokol-merkurego-w-powiatowym-inspektoracie-nadzoru-budowlanego\/embed\/#?secret=4eYaNoqWMj#?secret=ggGRPx8wsu\" data-secret=\"ggGRPx8wsu\" width=\"600\" height=\"338\" frameborder=\"0\" marginwidth=\"0\" marginheight=\"0\" scrolling=\"no\" src=\"data:image\/svg+xml;base64,PHN2ZyB3aWR0aD0iMSIgaGVpZ2h0PSIxIiB4bWxucz0iaHR0cDovL3d3dy53My5vcmcvMjAwMC9zdmciPjwvc3ZnPg==\" data-load-mode=\"1\"><\/iframe><\/div>\n<\/div><\/figure>\n\n\n\n<p>Ogrodzeniem zainteresowa\u0142 si\u0119 tak\u017ce konserwator zabytk\u00f3w. P\u0142ot w po\u0142owie maja cofni\u0119to do \u015bcian budynku, bo okaza\u0142o si\u0119, \u017ce grodzenie sta\u0142o pierwotnie bez pozwolenia w obj\u0119tej ochron\u0105 konserwatorsk\u0105 strefie. W rejestrze zabytk\u00f3w figuruj\u0105 ca\u0142e Aleje, wi\u0119c p\u0142ot postawiony przez w\u0142a\u015bciciela \u201eMerkurego\u201d przy poprzedniej lokalizacji narusza\u0142 t\u0119 stref\u0119.<\/p>\n\n\n\n<p>Teraz ogrodzenie wr\u00f3ci\u0142o na pierwsz\u0105, kwietniow\u0105 lokalizacj\u0119 i mo\u017ce tam pozosta\u0107, bo tym razem wszystko zosta\u0142o uzgodnione z ochron\u0105 zabytk\u00f3w.<\/p>\n","protected":false},"excerpt":{"rendered":"<p>W\u0142a\u015bciciele dawnego domu handlowego \u201eMerkury\u201d ponownie otoczyli budynek p\u0142otem, kt\u00f3ry stan\u0105\u0142 tu\u017c przy kraw\u0119dzi chodnikach w Alei. Tym razem ogrodzenie jest w innej, spokojniejsze<\/p>\n","protected":false},"author":7,"featured_media":43494,"comment_status":"open","ping_status":"open","sticky":false,"template":"","format":"standard","meta":{"_monsterinsights_skip_tracking":false,"_monsterinsights_sitenote_active":false,"_monsterinsights_sitenote_note":"","_monsterinsights_sitenote_category":0,"_uf_show_specific_survey":0,"_uf_disable_surveys":false,"footnotes":""},"categories":[94,3,2],"tags":[],"class_list":["post-43484","post","type-post","status-publish","format-standard","has-post-thumbnail","hentry","category-polecane","category-czestochowa-informacje","category-wiadomosci"],"_links":{"self":[{"href":"https:\/\/gazetaregionalna.com\/index.php?rest_route=\/wp\/v2\/posts\/43484","targetHints":{"allow":["GET"]}}],"collection":[{"href":"https:\/\/gazetaregionalna.com\/index.php?rest_route=\/wp\/v2\/posts"}],"about":[{"href":"https:\/\/gazetaregionalna.com\/index.php?rest_route=\/wp\/v2\/types\/post"}],"author":[{"embeddable":true,"href":"https:\/\/gazetaregionalna.com\/index.php?rest_route=\/wp\/v2\/users\/7"}],"replies":[{"embeddable":true,"href":"https:\/\/gazetaregionalna.com\/index.php?rest_route=%2Fwp%2Fv2%2Fcomments&post=43484"}],"version-history":[{"count":4,"href":"https:\/\/gazetaregionalna.com\/index.php?rest_route=\/wp\/v2\/posts\/43484\/revisions"}],"predecessor-version":[{"id":43493,"href":"https:\/\/gazetaregionalna.com\/index.php?rest_route=\/wp\/v2\/posts\/43484\/revisions\/43493"}],"wp:featuredmedia":[{"embeddable":true,"href":"https:\/\/gazetaregionalna.com\/index.php?rest_route=\/wp\/v2\/media\/43494"}],"wp:attachment":[{"href":"https:\/\/gazetaregionalna.com\/index.php?rest_route=%2Fwp%2Fv2%2Fmedia&parent=43484"}],"wp:term":[{"taxonomy":"category","embeddable":true,"href":"https:\/\/gazetaregionalna.com\/index.php?rest_route=%2Fwp%2Fv2%2Fcategories&post=43484"},{"taxonomy":"post_tag","embeddable":true,"href":"https:\/\/gazetaregionalna.com\/index.php?rest_route=%2Fwp%2Fv2%2Ftags&post=43484"}],"curies":[{"name":"wp","href":"https:\/\/api.w.org\/{rel}","templated":true}]}}