{"id":43447,"date":"2021-06-02T12:26:40","date_gmt":"2021-06-02T12:26:40","guid":{"rendered":"https:\/\/gazetaregionalna.com\/?p=43447"},"modified":"2021-06-02T12:26:41","modified_gmt":"2021-06-02T12:26:41","slug":"izabela-macudzinska-salon","status":"publish","type":"post","link":"https:\/\/gazetaregionalna.com\/?p=43447","title":{"rendered":"Izabela Macudzi\u0144ska otworzy\u0142a w Cz\u0119stochowie sw\u00f3j salon Just Unique"},"content":{"rendered":"\n<h2 class=\"wp-block-heading\">Znana z &#8222;Kr\u00f3lowych \u017cycia&#8221; projektantka Izabela Macudzi\u0144ska otworzy\u0142a w Cz\u0119stochowie salon Just Unique. Butik mie\u015bci si\u0119 przy ul. Nadrzecznej 49.<\/h2>\n\n\n\n<p>Izabela Macudzi\u0144ska to jedna z bohaterek programu &#8222;Kr\u00f3lowe \u017cycia&#8221;. Propozycja ta na dobre zago\u015bci\u0142a ju\u017c w ram\u00f3wce TTV. Obecnie emitowany jest ju\u017c 10. sezon &#8222;Kr\u00f3lowych&#8221;.<\/p>\n\n\n\n<p>Sympati\u0119 widz\u00f3w od razu wzbudzi\u0142a Macudzi\u0144ska, kt\u00f3ra w programie wyst\u0119puje wraz z m\u0119\u017cem Patrykiem, c\u00f3reczk\u0105 i gromadk\u0105 czworonog\u00f3w. Obok \u017cycia bohater\u00f3w, uwag\u0119 przyci\u0105gaj\u0105 tak\u017ce stroje. Macudzi\u0144ska zawsze prezentowa\u0142a si\u0119 perfekcyjnie, stanowi\u0105c najlepsz\u0105 reklam\u0119 swojej marki. Mowa o Just Unique.<\/p>\n\n\n\n<p>&#8211; Just Unique \u2013 nasza marka powsta\u0142a z ch\u0119ci tworzenia zmys\u0142owych ubra\u0144, kt\u00f3re z ka\u017cdej kobiety wydoby\u0142yby to co najlepsze. Dzi\u0119ki wspania\u0142ym fasonom, doskona\u0142ej jako\u015bci materia\u0142om i ewidentnej wygodzie noszenia grono naszych klientek stale si\u0119 powi\u0119ksza. W ubraniach naszej marki kobiety mog\u0105 bowiem czu\u0107 si\u0119 wyj\u0105tkowo glamour &#8211; czytamy na stronie marki.<\/p>\n\n\n\n<figure class=\"wp-block-image size-large\"><img decoding=\"async\" width=\"758\" height=\"758\" data-src=\"https:\/\/gazetaregionalna.com\/wp-content\/uploads\/2021\/06\/Just2.jpg\" alt=\"\" class=\"wp-image-43450 lazyload\" data-srcset=\"https:\/\/gazetaregionalna.com\/wp-content\/uploads\/2021\/06\/Just2.jpg 758w, https:\/\/gazetaregionalna.com\/wp-content\/uploads\/2021\/06\/Just2-300x300.jpg 300w, https:\/\/gazetaregionalna.com\/wp-content\/uploads\/2021\/06\/Just2-150x150.jpg 150w, https:\/\/gazetaregionalna.com\/wp-content\/uploads\/2021\/06\/Just2-696x696.jpg 696w, https:\/\/gazetaregionalna.com\/wp-content\/uploads\/2021\/06\/Just2-420x420.jpg 420w\" data-sizes=\"(max-width: 758px) 100vw, 758px\" src=\"data:image\/svg+xml;base64,PHN2ZyB3aWR0aD0iMSIgaGVpZ2h0PSIxIiB4bWxucz0iaHR0cDovL3d3dy53My5vcmcvMjAwMC9zdmciPjwvc3ZnPg==\" style=\"--smush-placeholder-width: 758px; --smush-placeholder-aspect-ratio: 758\/758;\" \/><figcaption>Salon Just Unique (mat. Facebook)<\/figcaption><\/figure>\n\n\n\n<p>Just Unique chwali si\u0119 sukcesem  komercyjnym osi\u0105gni\u0119tym w wielu krajach poza Polsk\u0105. Kolekcje sprzedawane s\u0105 m.in. w Niemczech, Wielkiej Brytanii czy Irlandii. Just Unique zosta\u0142o te\u017c wyr\u00f3\u017cnione na modowych targach w Londynie.<\/p>\n\n\n\n<p>Oferta jest r\u00f3\u017cnorodna: od sukienek i sp\u00f3dniczek, poprzez koszule i bluzki, a\u017c do stroj\u00f3w k\u0105pielowych i kombinezon\u00f3w.<\/p>\n\n\n\n<p>W Polsce sklepy Just Unique mo\u017cna znale\u017a\u0107 np. w Poznaniu czy Szczecinie. Ostatnio jednak do tej listy do\u0142\u0105czy\u0142a Cz\u0119stochowa. W ostatni weekend maja projektantka otworzy\u0142a bowiem butik przy ul. Nadrzecznej 49.<\/p>\n\n\n\n<p>Salon czynny jest od poniedzia\u0142ku do pi\u0105tku od godz. 10 do 18, a w soboty &#8211; od godz. 10 do 14. Wszystkie informacje mo\u017cna znale\u017a\u0107 na stronie <a href=\"https:\/\/www.facebook.com\/JustUniqueCzestochowa\" class=\"rank-math-link\" target=\"_blank\" rel=\"noopener\">www.facebook.com\/JustUniqueCzestochowa<\/a><\/p>\n\n\n\n<p><strong>ZS<\/strong><\/p>\n","protected":false},"excerpt":{"rendered":"<p>Znana z &#8222;Kr\u00f3lowych \u017cycia&#8221; projektantka Izabela Macudzi\u0144ska otworzy\u0142a w Cz\u0119stochowie salon Just Unique. Butik mie\u015bci si\u0119 przy ul. Nadrzecznej 49. Izabela Macudzi\u0144ska to jedna<\/p>\n","protected":false},"author":18,"featured_media":43449,"comment_status":"open","ping_status":"open","sticky":true,"template":"","format":"standard","meta":{"_monsterinsights_skip_tracking":false,"_monsterinsights_sitenote_active":false,"_monsterinsights_sitenote_note":"","_monsterinsights_sitenote_category":0,"_uf_show_specific_survey":0,"_uf_disable_surveys":false,"footnotes":""},"categories":[94,43,12],"tags":[2060,2062,2061,2063],"class_list":["post-43447","post","type-post","status-publish","format-standard","has-post-thumbnail","hentry","category-polecane","category-biznes","category-kultura-i-rozrywka","tag-izabela-macudzinska","tag-just-unique","tag-krolowe-zycia","tag-salon"],"_links":{"self":[{"href":"https:\/\/gazetaregionalna.com\/index.php?rest_route=\/wp\/v2\/posts\/43447","targetHints":{"allow":["GET"]}}],"collection":[{"href":"https:\/\/gazetaregionalna.com\/index.php?rest_route=\/wp\/v2\/posts"}],"about":[{"href":"https:\/\/gazetaregionalna.com\/index.php?rest_route=\/wp\/v2\/types\/post"}],"author":[{"embeddable":true,"href":"https:\/\/gazetaregionalna.com\/index.php?rest_route=\/wp\/v2\/users\/18"}],"replies":[{"embeddable":true,"href":"https:\/\/gazetaregionalna.com\/index.php?rest_route=%2Fwp%2Fv2%2Fcomments&post=43447"}],"version-history":[{"count":2,"href":"https:\/\/gazetaregionalna.com\/index.php?rest_route=\/wp\/v2\/posts\/43447\/revisions"}],"predecessor-version":[{"id":43451,"href":"https:\/\/gazetaregionalna.com\/index.php?rest_route=\/wp\/v2\/posts\/43447\/revisions\/43451"}],"wp:featuredmedia":[{"embeddable":true,"href":"https:\/\/gazetaregionalna.com\/index.php?rest_route=\/wp\/v2\/media\/43449"}],"wp:attachment":[{"href":"https:\/\/gazetaregionalna.com\/index.php?rest_route=%2Fwp%2Fv2%2Fmedia&parent=43447"}],"wp:term":[{"taxonomy":"category","embeddable":true,"href":"https:\/\/gazetaregionalna.com\/index.php?rest_route=%2Fwp%2Fv2%2Fcategories&post=43447"},{"taxonomy":"post_tag","embeddable":true,"href":"https:\/\/gazetaregionalna.com\/index.php?rest_route=%2Fwp%2Fv2%2Ftags&post=43447"}],"curies":[{"name":"wp","href":"https:\/\/api.w.org\/{rel}","templated":true}]}}