{"id":43322,"date":"2021-06-01T09:45:09","date_gmt":"2021-06-01T09:45:09","guid":{"rendered":"https:\/\/gazetaregionalna.com\/?p=43322"},"modified":"2021-06-01T09:45:10","modified_gmt":"2021-06-01T09:45:10","slug":"w-myszkowie-jutro-stanie-mobilny-punkt-szczepien-przeciwko-covid-19","status":"publish","type":"post","link":"https:\/\/gazetaregionalna.com\/?p=43322","title":{"rendered":"W Myszkowie jutro stanie mobilny punkt szczepie\u0144 przeciwko COVID-19"},"content":{"rendered":"\n<h2 class=\"wp-block-heading\">Jak informuje Urz\u0105d Wojew\u00f3dzki w Katowicach, w wojew\u00f3dztwie w najbli\u017cszych dnia pojawi\u0105 si\u0119 dwa kolejne mobilne punkty szczepie\u0144 przeciwko COVID-19: w Wi\u015ble oraz Myszkowie.<\/h2>\n\n\n\n<p>W Myszkowie taki punkt b\u0119dzie dzia\u0142a\u0142 jutro, czyli 2 czerwca. Stanie on przy ul. Pu\u0142askiego 6. B\u0119dzie si\u0119 mo\u017cna w nim zaszczepi\u0107 od godziny 11 do 19. <\/p>\n\n\n\n<p>Wszyscy zainteresowani z aktywnym e-skierowaniem mog\u0105 przyj\u0105\u0107 w nim szczepionk\u0119 bez wcze\u015bniejszego umawiania si\u0119 \u2013 potrzebny jest tylko dow\u00f3d osobisty potwierdzaj\u0105cy to\u017csamo\u015b\u0107.<\/p>\n","protected":false},"excerpt":{"rendered":"<p>Jak informuje Urz\u0105d Wojew\u00f3dzki w Katowicach, w wojew\u00f3dztwie w najbli\u017cszych dnia pojawi\u0105 si\u0119 dwa kolejne mobilne punkty szczepie\u0144 przeciwko COVID-19: w Wi\u015ble oraz Myszkowie.<\/p>\n","protected":false},"author":7,"featured_media":31417,"comment_status":"open","ping_status":"open","sticky":false,"template":"","format":"standard","meta":{"_monsterinsights_skip_tracking":false,"_monsterinsights_sitenote_active":false,"_monsterinsights_sitenote_note":"","_monsterinsights_sitenote_category":0,"_uf_show_specific_survey":0,"_uf_disable_surveys":false,"footnotes":""},"categories":[94,26,4,2],"tags":[],"class_list":["post-43322","post","type-post","status-publish","format-standard","has-post-thumbnail","hentry","category-polecane","category-myszkow","category-region","category-wiadomosci"],"_links":{"self":[{"href":"https:\/\/gazetaregionalna.com\/index.php?rest_route=\/wp\/v2\/posts\/43322","targetHints":{"allow":["GET"]}}],"collection":[{"href":"https:\/\/gazetaregionalna.com\/index.php?rest_route=\/wp\/v2\/posts"}],"about":[{"href":"https:\/\/gazetaregionalna.com\/index.php?rest_route=\/wp\/v2\/types\/post"}],"author":[{"embeddable":true,"href":"https:\/\/gazetaregionalna.com\/index.php?rest_route=\/wp\/v2\/users\/7"}],"replies":[{"embeddable":true,"href":"https:\/\/gazetaregionalna.com\/index.php?rest_route=%2Fwp%2Fv2%2Fcomments&post=43322"}],"version-history":[{"count":3,"href":"https:\/\/gazetaregionalna.com\/index.php?rest_route=\/wp\/v2\/posts\/43322\/revisions"}],"predecessor-version":[{"id":43325,"href":"https:\/\/gazetaregionalna.com\/index.php?rest_route=\/wp\/v2\/posts\/43322\/revisions\/43325"}],"wp:featuredmedia":[{"embeddable":true,"href":"https:\/\/gazetaregionalna.com\/index.php?rest_route=\/wp\/v2\/media\/31417"}],"wp:attachment":[{"href":"https:\/\/gazetaregionalna.com\/index.php?rest_route=%2Fwp%2Fv2%2Fmedia&parent=43322"}],"wp:term":[{"taxonomy":"category","embeddable":true,"href":"https:\/\/gazetaregionalna.com\/index.php?rest_route=%2Fwp%2Fv2%2Fcategories&post=43322"},{"taxonomy":"post_tag","embeddable":true,"href":"https:\/\/gazetaregionalna.com\/index.php?rest_route=%2Fwp%2Fv2%2Ftags&post=43322"}],"curies":[{"name":"wp","href":"https:\/\/api.w.org\/{rel}","templated":true}]}}