{"id":43302,"date":"2021-06-01T07:09:58","date_gmt":"2021-06-01T07:09:58","guid":{"rendered":"https:\/\/gazetaregionalna.com\/?p=43302"},"modified":"2021-06-01T07:09:59","modified_gmt":"2021-06-01T07:09:59","slug":"miejscowy-plan-zagospodarowania-przestrzennego-dla-czestochowskiej-grabowki","status":"publish","type":"post","link":"https:\/\/gazetaregionalna.com\/?p=43302","title":{"rendered":"Miejscowy plan zagospodarowania przestrzennego dla cz\u0119stochowskiej Grab\u00f3wki"},"content":{"rendered":"\n<h2 class=\"wp-block-heading\">Radni miejscy uchwalili miejscowy plan zagospodarowania przestrzennego obszaru po\u0142o\u017conego w rejonie ulic Radomskiej i Ikara. Dotyczy on niezabudowanego obecnie obszaru o powierzchni ok.12 hektar\u00f3w znajduj\u0105cego si\u0119 w okolicach Cmentarza Komunalnego oraz s\u0105siednich budynk\u00f3w mieszkaniowych.<\/h2>\n\n\n\n<p>Jak informuje Urz\u0105d Miasta Cz\u0119stochowy, jego celem by\u0142o wprowadzenie sp\u00f3jnych i porz\u0105dkuj\u0105cych zasad dotycz\u0105cych zagospodarowania teren\u00f3w zgodnie z kierunkami wyznaczonymi w obowi\u0105zuj\u0105cym Studium Uwarunkowa\u0144 i Kierunk\u00f3w Zagospodarowania Przestrzennego Miasta Cz\u0119stochowy z 2019 roku.<\/p>\n\n\n\n<p>Zgodnie z decyzj\u0105 radnych, na wi\u0119kszo\u015bci obszaru obj\u0119tego planem przewiduje si\u0119 zabudow\u0119 mieszkaniowo-us\u0142ugow\u0105 z dopuszczeniem nieuci\u0105\u017cliwej dzia\u0142alno\u015bci wytw\u00f3rczej. W jego p\u00f3\u0142nocno-zachodniej cz\u0119\u015bci wydzielono teren zieleni, sportu i rekreacji, dla kt\u00f3rego pozostawiono przeznaczenie terenu z wcze\u015bniej obowi\u0105zuj\u0105cego planu miejscowego, ze wzgl\u0119du na wyst\u0119powanie licznych deformacji terenu (wyrobisk), oraz znajduj\u0105ce si\u0119 tam udokumentowane z\u0142o\u017ce surowc\u00f3w \u201eGrab\u00f3wka-Ikara\u201d wymagaj\u0105ce ochrony. Ponadto w obr\u0119bie tego terenu znajduje si\u0119 schron bojowy i stanowisko archeologiczne \u2013 uj\u0119te w ewidencji zabytk\u00f3w, chronione przepisami ustawy o ochronie zabytk\u00f3w i opiece nad zabytkami.<\/p>\n\n\n\n<p>Szczeg\u00f3\u0142y:<br><br><a href=\"https:\/\/bip.czestochowa.pl\/attachments\/download\/103749\" target=\"_blank\" rel=\"noopener\">Uchwa\u0142a w sprawie miejscowego planu zagospodarowania przestrzennego obszaru po\u0142o\u017conego w Cz\u0119stochowie w dzielnicy Grab\u00f3wka, w rejonie ulic: Radomskiej i Ikara<\/a><\/p>\n\n\n\n<p>Wejdzie on w \u017cycie po up\u0142ywie 14 dni od dnia jej og\u0142oszenia w Dzienniku Urz\u0119dowym Wojew\u00f3dztwa \u015al\u0105skiego.<\/p>\n","protected":false},"excerpt":{"rendered":"<p>Radni miejscy uchwalili miejscowy plan zagospodarowania przestrzennego obszaru po\u0142o\u017conego w rejonie ulic Radomskiej i Ikara. Dotyczy on niezabudowanego obecnie obszaru o powierzchni ok.12 hektar\u00f3w<\/p>\n","protected":false},"author":7,"featured_media":43304,"comment_status":"open","ping_status":"open","sticky":false,"template":"","format":"standard","meta":{"_monsterinsights_skip_tracking":false,"_monsterinsights_sitenote_active":false,"_monsterinsights_sitenote_note":"","_monsterinsights_sitenote_category":0,"_uf_show_specific_survey":0,"_uf_disable_surveys":false,"footnotes":""},"categories":[3,2],"tags":[],"class_list":["post-43302","post","type-post","status-publish","format-standard","has-post-thumbnail","hentry","category-czestochowa-informacje","category-wiadomosci"],"_links":{"self":[{"href":"https:\/\/gazetaregionalna.com\/index.php?rest_route=\/wp\/v2\/posts\/43302","targetHints":{"allow":["GET"]}}],"collection":[{"href":"https:\/\/gazetaregionalna.com\/index.php?rest_route=\/wp\/v2\/posts"}],"about":[{"href":"https:\/\/gazetaregionalna.com\/index.php?rest_route=\/wp\/v2\/types\/post"}],"author":[{"embeddable":true,"href":"https:\/\/gazetaregionalna.com\/index.php?rest_route=\/wp\/v2\/users\/7"}],"replies":[{"embeddable":true,"href":"https:\/\/gazetaregionalna.com\/index.php?rest_route=%2Fwp%2Fv2%2Fcomments&post=43302"}],"version-history":[{"count":1,"href":"https:\/\/gazetaregionalna.com\/index.php?rest_route=\/wp\/v2\/posts\/43302\/revisions"}],"predecessor-version":[{"id":43303,"href":"https:\/\/gazetaregionalna.com\/index.php?rest_route=\/wp\/v2\/posts\/43302\/revisions\/43303"}],"wp:featuredmedia":[{"embeddable":true,"href":"https:\/\/gazetaregionalna.com\/index.php?rest_route=\/wp\/v2\/media\/43304"}],"wp:attachment":[{"href":"https:\/\/gazetaregionalna.com\/index.php?rest_route=%2Fwp%2Fv2%2Fmedia&parent=43302"}],"wp:term":[{"taxonomy":"category","embeddable":true,"href":"https:\/\/gazetaregionalna.com\/index.php?rest_route=%2Fwp%2Fv2%2Fcategories&post=43302"},{"taxonomy":"post_tag","embeddable":true,"href":"https:\/\/gazetaregionalna.com\/index.php?rest_route=%2Fwp%2Fv2%2Ftags&post=43302"}],"curies":[{"name":"wp","href":"https:\/\/api.w.org\/{rel}","templated":true}]}}