{"id":43281,"date":"2021-05-31T17:15:33","date_gmt":"2021-05-31T17:15:33","guid":{"rendered":"https:\/\/gazetaregionalna.com\/?p=43281"},"modified":"2021-05-31T17:16:44","modified_gmt":"2021-05-31T17:16:44","slug":"juz-za-kilka-dni-otwarcie-branzy-wystawienniczej-rzad-rozwaza-taka-mozliwosc","status":"publish","type":"post","link":"https:\/\/gazetaregionalna.com\/?p=43281","title":{"rendered":"Ju\u017c za kilka dni otwarcie bran\u017cy wystawienniczej? Rz\u0105d rozwa\u017ca tak\u0105 mo\u017cliwo\u015b\u0107"},"content":{"rendered":"\n<h2 class=\"wp-block-heading\">Jak poda\u0142a stacja RMF FM, rz\u0105d rozwa\u017ca ponowne otwarcie bran\u017cy wystawienniczej i to by\u0107 mo\u017ce ju\u017c na pocz\u0105tku przysz\u0142ego tygodnia. Decyzja o kolejnych poluzowaniach obostrze\u0144 ma zosta\u0107 oficjalnie og\u0142oszona jutro.<\/h2>\n\n\n\n<p>Je\u017celi doniesienia dziennikarzy RMF-u potwierdz\u0105 si\u0119, oznacza\u0107 to b\u0119dzie, \u017ce po d\u0142ugiej przerwie b\u0119dzie mo\u017cna ponownie organizowa\u0107 m.in. du\u017ce wystawy i targi, np. motoryzacyjne czy \u015blubne. Powr\u00f3t tego typu imprez po roczne przerwie ma by\u0107 jednak obwarowany nakazami sanitarnymi, m.in. dotycz\u0105cymi liczby os\u00f3b mog\u0105cych w nich uczestniczy\u0107.<\/p>\n\n\n\n<p>(zdj\u0119cie ilustracyjne pixabay.com)<\/p>\n","protected":false},"excerpt":{"rendered":"<p>Jak poda\u0142a stacja RMF FM, rz\u0105d rozwa\u017ca ponowne otwarcie bran\u017cy wystawienniczej i to by\u0107 mo\u017ce ju\u017c na pocz\u0105tku przysz\u0142ego tygodnia. Decyzja o kolejnych poluzowaniach<\/p>\n","protected":false},"author":7,"featured_media":0,"comment_status":"open","ping_status":"open","sticky":false,"template":"","format":"standard","meta":{"_monsterinsights_skip_tracking":false,"_monsterinsights_sitenote_active":false,"_monsterinsights_sitenote_note":"","_monsterinsights_sitenote_category":0,"_uf_show_specific_survey":0,"_uf_disable_surveys":false,"footnotes":""},"categories":[94,2],"tags":[],"class_list":["post-43281","post","type-post","status-publish","format-standard","hentry","category-polecane","category-wiadomosci"],"_links":{"self":[{"href":"https:\/\/gazetaregionalna.com\/index.php?rest_route=\/wp\/v2\/posts\/43281","targetHints":{"allow":["GET"]}}],"collection":[{"href":"https:\/\/gazetaregionalna.com\/index.php?rest_route=\/wp\/v2\/posts"}],"about":[{"href":"https:\/\/gazetaregionalna.com\/index.php?rest_route=\/wp\/v2\/types\/post"}],"author":[{"embeddable":true,"href":"https:\/\/gazetaregionalna.com\/index.php?rest_route=\/wp\/v2\/users\/7"}],"replies":[{"embeddable":true,"href":"https:\/\/gazetaregionalna.com\/index.php?rest_route=%2Fwp%2Fv2%2Fcomments&post=43281"}],"version-history":[{"count":2,"href":"https:\/\/gazetaregionalna.com\/index.php?rest_route=\/wp\/v2\/posts\/43281\/revisions"}],"predecessor-version":[{"id":43284,"href":"https:\/\/gazetaregionalna.com\/index.php?rest_route=\/wp\/v2\/posts\/43281\/revisions\/43284"}],"wp:attachment":[{"href":"https:\/\/gazetaregionalna.com\/index.php?rest_route=%2Fwp%2Fv2%2Fmedia&parent=43281"}],"wp:term":[{"taxonomy":"category","embeddable":true,"href":"https:\/\/gazetaregionalna.com\/index.php?rest_route=%2Fwp%2Fv2%2Fcategories&post=43281"},{"taxonomy":"post_tag","embeddable":true,"href":"https:\/\/gazetaregionalna.com\/index.php?rest_route=%2Fwp%2Fv2%2Ftags&post=43281"}],"curies":[{"name":"wp","href":"https:\/\/api.w.org\/{rel}","templated":true}]}}