{"id":43266,"date":"2021-05-31T16:57:49","date_gmt":"2021-05-31T16:57:49","guid":{"rendered":"https:\/\/gazetaregionalna.com\/?p=43266"},"modified":"2021-05-31T16:57:50","modified_gmt":"2021-05-31T16:57:50","slug":"w-czestochowskiej-dzielnicy-dzbow-powstala-miejska-pasieka-pszczoly-juz-pracuja-wkrotce-wiec-mozna-spodziewac-sie-miodu","status":"publish","type":"post","link":"https:\/\/gazetaregionalna.com\/?p=43266","title":{"rendered":"W cz\u0119stochowskiej dzielnicy D\u017ab\u00f3w powsta\u0142a miejska pasieka. Pszczo\u0142y ju\u017c pracuj\u0105, wkr\u00f3tce wi\u0119c mo\u017cna spodziewa\u0107 si\u0119 miodu"},"content":{"rendered":"\n<h2 class=\"wp-block-heading\">Ekologiczna pasieka miejska powsta\u0142a w dzielnicy D\u017ab\u00f3w. To efekt udzia\u0142u Cz\u0119stochowy w og\u00f3lnopolskim projekcie &#8222;Elektryczne \u015bmieci&#8221;. W pierwszym jego etapie w ca\u0142ym mie\u015bcie ustawiono 32 czerwone pojemniki na tzw. elektro\u015bmieci, czyli m.in. zu\u017cyte baterie i ma\u0142y sprz\u0119t elektroniczny i AGD. Teraz przyszed\u0142 czas na drugi etap programu, w ramach kt\u00f3rego w mie\u015bcie stan\u0119\u0142y ule z recyklingu.<\/h2>\n\n\n\n<figure class=\"wp-block-gallery columns-2 is-cropped wp-block-gallery-1 is-layout-flex wp-block-gallery-is-layout-flex\"><ul class=\"blocks-gallery-grid\"><li class=\"blocks-gallery-item\"><figure><a href=\"https:\/\/gazetaregionalna.com\/wp-content\/uploads\/2021\/05\/img_1236-1.jpg\"><img decoding=\"async\" data-src=\"https:\/\/gazetaregionalna.com\/wp-content\/uploads\/2021\/05\/img_1236-1.jpg\" alt=\"\" data-id=\"43268\" data-full-url=\"https:\/\/gazetaregionalna.com\/wp-content\/uploads\/2021\/05\/img_1236-1.jpg\" data-link=\"https:\/\/gazetaregionalna.com\/?attachment_id=43268\" class=\"wp-image-43268 lazyload\" src=\"data:image\/svg+xml;base64,PHN2ZyB3aWR0aD0iMSIgaGVpZ2h0PSIxIiB4bWxucz0iaHR0cDovL3d3dy53My5vcmcvMjAwMC9zdmciPjwvc3ZnPg==\"><\/a><\/figure><\/li><li class=\"blocks-gallery-item\"><figure><a href=\"https:\/\/gazetaregionalna.com\/wp-content\/uploads\/2021\/05\/img_1239-1.jpg\"><img decoding=\"async\" data-src=\"https:\/\/gazetaregionalna.com\/wp-content\/uploads\/2021\/05\/img_1239-1.jpg\" alt=\"\" data-id=\"43269\" data-full-url=\"https:\/\/gazetaregionalna.com\/wp-content\/uploads\/2021\/05\/img_1239-1.jpg\" data-link=\"https:\/\/gazetaregionalna.com\/?attachment_id=43269\" class=\"wp-image-43269 lazyload\" src=\"data:image\/svg+xml;base64,PHN2ZyB3aWR0aD0iMSIgaGVpZ2h0PSIxIiB4bWxucz0iaHR0cDovL3d3dy53My5vcmcvMjAwMC9zdmciPjwvc3ZnPg==\"><\/a><\/figure><\/li><li class=\"blocks-gallery-item\"><figure><a href=\"https:\/\/gazetaregionalna.com\/wp-content\/uploads\/2021\/05\/img_1243-1.jpg\"><img decoding=\"async\" data-src=\"https:\/\/gazetaregionalna.com\/wp-content\/uploads\/2021\/05\/img_1243-1.jpg\" alt=\"\" data-id=\"43270\" data-full-url=\"https:\/\/gazetaregionalna.com\/wp-content\/uploads\/2021\/05\/img_1243-1.jpg\" data-link=\"https:\/\/gazetaregionalna.com\/?attachment_id=43270\" class=\"wp-image-43270 lazyload\" src=\"data:image\/svg+xml;base64,PHN2ZyB3aWR0aD0iMSIgaGVpZ2h0PSIxIiB4bWxucz0iaHR0cDovL3d3dy53My5vcmcvMjAwMC9zdmciPjwvc3ZnPg==\"><\/a><\/figure><\/li><li class=\"blocks-gallery-item\"><figure><a href=\"https:\/\/gazetaregionalna.com\/wp-content\/uploads\/2021\/05\/img_1254-1.jpg\"><img decoding=\"async\" width=\"1000\" height=\"667\" data-src=\"https:\/\/gazetaregionalna.com\/wp-content\/uploads\/2021\/05\/img_1254-1.jpg\" alt=\"\" data-id=\"43271\" data-full-url=\"https:\/\/gazetaregionalna.com\/wp-content\/uploads\/2021\/05\/img_1254-1.jpg\" data-link=\"https:\/\/gazetaregionalna.com\/?attachment_id=43271\" class=\"wp-image-43271 lazyload\" data-srcset=\"https:\/\/gazetaregionalna.com\/wp-content\/uploads\/2021\/05\/img_1254-1.jpg 1000w, https:\/\/gazetaregionalna.com\/wp-content\/uploads\/2021\/05\/img_1254-1-300x200.jpg 300w, https:\/\/gazetaregionalna.com\/wp-content\/uploads\/2021\/05\/img_1254-1-768x512.jpg 768w, https:\/\/gazetaregionalna.com\/wp-content\/uploads\/2021\/05\/img_1254-1-696x464.jpg 696w, https:\/\/gazetaregionalna.com\/wp-content\/uploads\/2021\/05\/img_1254-1-630x420.jpg 630w\" data-sizes=\"(max-width: 1000px) 100vw, 1000px\" src=\"data:image\/svg+xml;base64,PHN2ZyB3aWR0aD0iMSIgaGVpZ2h0PSIxIiB4bWxucz0iaHR0cDovL3d3dy53My5vcmcvMjAwMC9zdmciPjwvc3ZnPg==\" style=\"--smush-placeholder-width: 1000px; --smush-placeholder-aspect-ratio: 1000\/667;\" \/><\/a><\/figure><\/li><li class=\"blocks-gallery-item\"><figure><a href=\"https:\/\/gazetaregionalna.com\/wp-content\/uploads\/2021\/05\/img_1257-1.jpg\"><img decoding=\"async\" width=\"1000\" height=\"667\" data-src=\"https:\/\/gazetaregionalna.com\/wp-content\/uploads\/2021\/05\/img_1257-1.jpg\" alt=\"\" data-id=\"43272\" data-full-url=\"https:\/\/gazetaregionalna.com\/wp-content\/uploads\/2021\/05\/img_1257-1.jpg\" data-link=\"https:\/\/gazetaregionalna.com\/?attachment_id=43272\" class=\"wp-image-43272 lazyload\" data-srcset=\"https:\/\/gazetaregionalna.com\/wp-content\/uploads\/2021\/05\/img_1257-1.jpg 1000w, https:\/\/gazetaregionalna.com\/wp-content\/uploads\/2021\/05\/img_1257-1-300x200.jpg 300w, https:\/\/gazetaregionalna.com\/wp-content\/uploads\/2021\/05\/img_1257-1-768x512.jpg 768w, https:\/\/gazetaregionalna.com\/wp-content\/uploads\/2021\/05\/img_1257-1-696x464.jpg 696w, https:\/\/gazetaregionalna.com\/wp-content\/uploads\/2021\/05\/img_1257-1-630x420.jpg 630w\" data-sizes=\"(max-width: 1000px) 100vw, 1000px\" src=\"data:image\/svg+xml;base64,PHN2ZyB3aWR0aD0iMSIgaGVpZ2h0PSIxIiB4bWxucz0iaHR0cDovL3d3dy53My5vcmcvMjAwMC9zdmciPjwvc3ZnPg==\" style=\"--smush-placeholder-width: 1000px; --smush-placeholder-aspect-ratio: 1000\/667;\" \/><\/a><\/figure><\/li><li class=\"blocks-gallery-item\"><figure><a href=\"https:\/\/gazetaregionalna.com\/wp-content\/uploads\/2021\/05\/img_1259-1.jpg\"><img decoding=\"async\" width=\"1000\" height=\"667\" data-src=\"https:\/\/gazetaregionalna.com\/wp-content\/uploads\/2021\/05\/img_1259-1.jpg\" alt=\"\" data-id=\"43273\" data-full-url=\"https:\/\/gazetaregionalna.com\/wp-content\/uploads\/2021\/05\/img_1259-1.jpg\" data-link=\"https:\/\/gazetaregionalna.com\/?attachment_id=43273\" class=\"wp-image-43273 lazyload\" data-srcset=\"https:\/\/gazetaregionalna.com\/wp-content\/uploads\/2021\/05\/img_1259-1.jpg 1000w, https:\/\/gazetaregionalna.com\/wp-content\/uploads\/2021\/05\/img_1259-1-300x200.jpg 300w, https:\/\/gazetaregionalna.com\/wp-content\/uploads\/2021\/05\/img_1259-1-768x512.jpg 768w, https:\/\/gazetaregionalna.com\/wp-content\/uploads\/2021\/05\/img_1259-1-696x464.jpg 696w, https:\/\/gazetaregionalna.com\/wp-content\/uploads\/2021\/05\/img_1259-1-630x420.jpg 630w\" data-sizes=\"(max-width: 1000px) 100vw, 1000px\" src=\"data:image\/svg+xml;base64,PHN2ZyB3aWR0aD0iMSIgaGVpZ2h0PSIxIiB4bWxucz0iaHR0cDovL3d3dy53My5vcmcvMjAwMC9zdmciPjwvc3ZnPg==\" style=\"--smush-placeholder-width: 1000px; --smush-placeholder-aspect-ratio: 1000\/667;\" \/><\/a><\/figure><\/li><li class=\"blocks-gallery-item\"><figure><a href=\"https:\/\/gazetaregionalna.com\/wp-content\/uploads\/2021\/05\/img_1263-1.jpg\"><img decoding=\"async\" width=\"1000\" height=\"667\" data-src=\"https:\/\/gazetaregionalna.com\/wp-content\/uploads\/2021\/05\/img_1263-1.jpg\" alt=\"\" data-id=\"43274\" data-full-url=\"https:\/\/gazetaregionalna.com\/wp-content\/uploads\/2021\/05\/img_1263-1.jpg\" data-link=\"https:\/\/gazetaregionalna.com\/?attachment_id=43274\" class=\"wp-image-43274 lazyload\" data-srcset=\"https:\/\/gazetaregionalna.com\/wp-content\/uploads\/2021\/05\/img_1263-1.jpg 1000w, https:\/\/gazetaregionalna.com\/wp-content\/uploads\/2021\/05\/img_1263-1-300x200.jpg 300w, https:\/\/gazetaregionalna.com\/wp-content\/uploads\/2021\/05\/img_1263-1-768x512.jpg 768w, https:\/\/gazetaregionalna.com\/wp-content\/uploads\/2021\/05\/img_1263-1-696x464.jpg 696w, https:\/\/gazetaregionalna.com\/wp-content\/uploads\/2021\/05\/img_1263-1-630x420.jpg 630w\" data-sizes=\"(max-width: 1000px) 100vw, 1000px\" src=\"data:image\/svg+xml;base64,PHN2ZyB3aWR0aD0iMSIgaGVpZ2h0PSIxIiB4bWxucz0iaHR0cDovL3d3dy53My5vcmcvMjAwMC9zdmciPjwvc3ZnPg==\" style=\"--smush-placeholder-width: 1000px; --smush-placeholder-aspect-ratio: 1000\/667;\" \/><\/a><\/figure><\/li><li class=\"blocks-gallery-item\"><figure><a href=\"https:\/\/gazetaregionalna.com\/wp-content\/uploads\/2021\/05\/img_1264-1.jpg\"><img decoding=\"async\" width=\"1000\" height=\"667\" data-src=\"https:\/\/gazetaregionalna.com\/wp-content\/uploads\/2021\/05\/img_1264-1.jpg\" alt=\"\" data-id=\"43275\" data-full-url=\"https:\/\/gazetaregionalna.com\/wp-content\/uploads\/2021\/05\/img_1264-1.jpg\" data-link=\"https:\/\/gazetaregionalna.com\/?attachment_id=43275\" class=\"wp-image-43275 lazyload\" data-srcset=\"https:\/\/gazetaregionalna.com\/wp-content\/uploads\/2021\/05\/img_1264-1.jpg 1000w, https:\/\/gazetaregionalna.com\/wp-content\/uploads\/2021\/05\/img_1264-1-300x200.jpg 300w, https:\/\/gazetaregionalna.com\/wp-content\/uploads\/2021\/05\/img_1264-1-768x512.jpg 768w, https:\/\/gazetaregionalna.com\/wp-content\/uploads\/2021\/05\/img_1264-1-696x464.jpg 696w, https:\/\/gazetaregionalna.com\/wp-content\/uploads\/2021\/05\/img_1264-1-630x420.jpg 630w\" data-sizes=\"(max-width: 1000px) 100vw, 1000px\" src=\"data:image\/svg+xml;base64,PHN2ZyB3aWR0aD0iMSIgaGVpZ2h0PSIxIiB4bWxucz0iaHR0cDovL3d3dy53My5vcmcvMjAwMC9zdmciPjwvc3ZnPg==\" style=\"--smush-placeholder-width: 1000px; --smush-placeholder-aspect-ratio: 1000\/667;\" \/><\/a><\/figure><\/li><li class=\"blocks-gallery-item\"><figure><a href=\"https:\/\/gazetaregionalna.com\/wp-content\/uploads\/2021\/05\/img_1266-1.jpg\"><img decoding=\"async\" width=\"1000\" height=\"667\" data-src=\"https:\/\/gazetaregionalna.com\/wp-content\/uploads\/2021\/05\/img_1266-1.jpg\" alt=\"\" data-id=\"43276\" data-full-url=\"https:\/\/gazetaregionalna.com\/wp-content\/uploads\/2021\/05\/img_1266-1.jpg\" data-link=\"https:\/\/gazetaregionalna.com\/?attachment_id=43276\" class=\"wp-image-43276 lazyload\" data-srcset=\"https:\/\/gazetaregionalna.com\/wp-content\/uploads\/2021\/05\/img_1266-1.jpg 1000w, https:\/\/gazetaregionalna.com\/wp-content\/uploads\/2021\/05\/img_1266-1-300x200.jpg 300w, https:\/\/gazetaregionalna.com\/wp-content\/uploads\/2021\/05\/img_1266-1-768x512.jpg 768w, https:\/\/gazetaregionalna.com\/wp-content\/uploads\/2021\/05\/img_1266-1-696x464.jpg 696w, https:\/\/gazetaregionalna.com\/wp-content\/uploads\/2021\/05\/img_1266-1-630x420.jpg 630w\" data-sizes=\"(max-width: 1000px) 100vw, 1000px\" src=\"data:image\/svg+xml;base64,PHN2ZyB3aWR0aD0iMSIgaGVpZ2h0PSIxIiB4bWxucz0iaHR0cDovL3d3dy53My5vcmcvMjAwMC9zdmciPjwvc3ZnPg==\" style=\"--smush-placeholder-width: 1000px; --smush-placeholder-aspect-ratio: 1000\/667;\" \/><\/a><\/figure><\/li><li class=\"blocks-gallery-item\"><figure><a href=\"https:\/\/gazetaregionalna.com\/wp-content\/uploads\/2021\/05\/img_1286-1.jpg\"><img decoding=\"async\" width=\"1000\" height=\"667\" data-src=\"https:\/\/gazetaregionalna.com\/wp-content\/uploads\/2021\/05\/img_1286-1.jpg\" alt=\"\" data-id=\"43277\" data-full-url=\"https:\/\/gazetaregionalna.com\/wp-content\/uploads\/2021\/05\/img_1286-1.jpg\" data-link=\"https:\/\/gazetaregionalna.com\/?attachment_id=43277\" class=\"wp-image-43277 lazyload\" data-srcset=\"https:\/\/gazetaregionalna.com\/wp-content\/uploads\/2021\/05\/img_1286-1.jpg 1000w, https:\/\/gazetaregionalna.com\/wp-content\/uploads\/2021\/05\/img_1286-1-300x200.jpg 300w, https:\/\/gazetaregionalna.com\/wp-content\/uploads\/2021\/05\/img_1286-1-768x512.jpg 768w, https:\/\/gazetaregionalna.com\/wp-content\/uploads\/2021\/05\/img_1286-1-696x464.jpg 696w, https:\/\/gazetaregionalna.com\/wp-content\/uploads\/2021\/05\/img_1286-1-630x420.jpg 630w\" data-sizes=\"(max-width: 1000px) 100vw, 1000px\" src=\"data:image\/svg+xml;base64,PHN2ZyB3aWR0aD0iMSIgaGVpZ2h0PSIxIiB4bWxucz0iaHR0cDovL3d3dy53My5vcmcvMjAwMC9zdmciPjwvc3ZnPg==\" style=\"--smush-placeholder-width: 1000px; --smush-placeholder-aspect-ratio: 1000\/667;\" \/><\/a><\/figure><\/li><\/ul><figcaption class=\"blocks-gallery-caption\">(fot. UM Cz\u0119stochowa)<\/figcaption><\/figure>\n\n\n\n<p>W nowej pasiece w D\u017abowie ulokowano w sumie 100 tysi\u0119cy pszcz\u00f3\u0142. Te pracowite owady zamieszka\u0142y w pi\u0119ciu ulach zlokalizowanych przy ulicy Any\u017ckowej 2. Ich domki wybudowano z odzyskanych dzi\u0119ki zbi\u00f3rce elektro\u015bmieci cz\u0119\u015bci. Wykorzystano do tego celu, np. b\u0119bny od pralek. W ka\u017cdym w uli \u017cy\u0107 b\u0119dzie po oko\u0142o 20 tysi\u0119cy tzw. krainek, czyli pszcz\u00f3\u0142 miodnych, kt\u00f3re charakteryzuj\u0105 si\u0119 du\u017c\u0105 odporno\u015bci\u0105 i efektywno\u015bci\u0105, a przy tym s\u0105 \u0142agodne wobec ludzi.<\/p>\n\n\n\n<p>Jak informuje Urz\u0105d Miasta, pomys\u0142odawc\u0105 uli z recyklingu jest pszczelarz i grafik Tomasz Wa\u015bkiewicz. To on przez ponad rok pracowa\u0142 nad t\u0105 ide\u0105, projektuj\u0105c ekologiczne pasieki.<\/p>\n\n\n\n<p>To nie koniec proekologicznych dzia\u0142a\u0144 w mie\u015bcie. Jak zapowiada samorz\u0105d, wkr\u00f3tce w s\u0105siedztwie uli stan\u0105 donice z recyklingu oraz tablice edukacyjne dotycz\u0105ce potrzeby selektywnej zbi\u00f3rki zu\u017cytego sprz\u0119tu elektrycznego i elektronicznego oraz roli pszcz\u00f3\u0142. Nad utrzymaniem miejskiej pasieki b\u0119d\u0105 czuwa\u0142y: Centrum Us\u0142ug Komunalnych w Cz\u0119stochowie oraz Fundacja Odzyskaj \u015arodowisko.<\/p>\n\n\n\n<p>Ekologiczna pasieka zosta\u0142a zaprezentowana mieszka\u0144com i mediom dzisiaj. W spotkaniu, opr\u00f3cz przedstawicieli w\u0142adz miasta (prezydent Krzysztof Matyjaszczyk, wiceprzewodnicz\u0105cy Rady Miasta \u0141ukasz Kot i radny Sebastian Trzeszkowski), Centrum Us\u0142ug Komunalnych w Cz\u0119stochowie i Fundacji Odzyskaj \u015arodowisko, uczestniczy\u0142a grupa cz\u0119stochowskich przedszkolak\u00f3w i uczni\u00f3w, kt\u00f3rzy przy okazji wzi\u0119li udzia\u0142 w specjalnie przygotowanych dla nich warsztatach, zako\u0144czonych wr\u0119czeniem order\u00f3w: &#8222;Przyjaciel Pszcz\u00f3\u0142 oraz nasion \u0142\u0105ki kwietnej&#8221;.<\/p>\n","protected":false},"excerpt":{"rendered":"<p>Ekologiczna pasieka miejska powsta\u0142a w dzielnicy D\u017ab\u00f3w. To efekt udzia\u0142u Cz\u0119stochowy w og\u00f3lnopolskim projekcie &#8222;Elektryczne \u015bmieci&#8221;. W pierwszym jego etapie w ca\u0142ym mie\u015bcie ustawiono<\/p>\n","protected":false},"author":7,"featured_media":43271,"comment_status":"open","ping_status":"open","sticky":false,"template":"","format":"standard","meta":{"_monsterinsights_skip_tracking":false,"_monsterinsights_sitenote_active":false,"_monsterinsights_sitenote_note":"","_monsterinsights_sitenote_category":0,"_uf_show_specific_survey":0,"_uf_disable_surveys":false,"footnotes":""},"categories":[94,3,2],"tags":[],"class_list":["post-43266","post","type-post","status-publish","format-standard","has-post-thumbnail","hentry","category-polecane","category-czestochowa-informacje","category-wiadomosci"],"_links":{"self":[{"href":"https:\/\/gazetaregionalna.com\/index.php?rest_route=\/wp\/v2\/posts\/43266","targetHints":{"allow":["GET"]}}],"collection":[{"href":"https:\/\/gazetaregionalna.com\/index.php?rest_route=\/wp\/v2\/posts"}],"about":[{"href":"https:\/\/gazetaregionalna.com\/index.php?rest_route=\/wp\/v2\/types\/post"}],"author":[{"embeddable":true,"href":"https:\/\/gazetaregionalna.com\/index.php?rest_route=\/wp\/v2\/users\/7"}],"replies":[{"embeddable":true,"href":"https:\/\/gazetaregionalna.com\/index.php?rest_route=%2Fwp%2Fv2%2Fcomments&post=43266"}],"version-history":[{"count":2,"href":"https:\/\/gazetaregionalna.com\/index.php?rest_route=\/wp\/v2\/posts\/43266\/revisions"}],"predecessor-version":[{"id":43278,"href":"https:\/\/gazetaregionalna.com\/index.php?rest_route=\/wp\/v2\/posts\/43266\/revisions\/43278"}],"wp:featuredmedia":[{"embeddable":true,"href":"https:\/\/gazetaregionalna.com\/index.php?rest_route=\/wp\/v2\/media\/43271"}],"wp:attachment":[{"href":"https:\/\/gazetaregionalna.com\/index.php?rest_route=%2Fwp%2Fv2%2Fmedia&parent=43266"}],"wp:term":[{"taxonomy":"category","embeddable":true,"href":"https:\/\/gazetaregionalna.com\/index.php?rest_route=%2Fwp%2Fv2%2Fcategories&post=43266"},{"taxonomy":"post_tag","embeddable":true,"href":"https:\/\/gazetaregionalna.com\/index.php?rest_route=%2Fwp%2Fv2%2Ftags&post=43266"}],"curies":[{"name":"wp","href":"https:\/\/api.w.org\/{rel}","templated":true}]}}