{"id":43251,"date":"2021-05-31T14:18:54","date_gmt":"2021-05-31T14:18:54","guid":{"rendered":"https:\/\/gazetaregionalna.com\/?p=43251"},"modified":"2021-05-31T14:18:55","modified_gmt":"2021-05-31T14:18:55","slug":"piotr-gruszka-zostal-nowy-trenerem-1-ligowego-exact-systems-norwid-czestochowa","status":"publish","type":"post","link":"https:\/\/gazetaregionalna.com\/?p=43251","title":{"rendered":"Piotr Gruszka zosta\u0142 nowy trenerem 1-ligowego Exact Systems Norwid Cz\u0119stochowa!"},"content":{"rendered":"\n<p>Dzia\u0142acze Exact Systems Norwida wzmacniaj\u0105 dru\u017cyn\u0119 do walki o awans do Plus Ligi. W poniedzia\u0142ek na konferencji prasowej zosta\u0142 przedstawiony nowy trener, kt\u00f3rym jest Piotr Gruszka.<\/p>\n\n\n\n<p>Gruszka to absolwent liceum Norwida, a tak\u017ce by\u0142y siatkarz AZS-u Cz\u0119stochowa. Ma za sob\u0105 450 wyst\u0119p\u00f3w w reprezentacji Polski. Swoich si\u0142 jako trener pr\u00f3bowa\u0142 w BBTS-ei Bielsko-Bia\u0142a, GKS-ie Katowice oraz Resovii Rzesz\u00f3w.<\/p>\n\n\n\n<p>W poniedzia\u0142ek w hali Norwida odby\u0142a si\u0119 konferencja prasowa, podczas kt\u00f3rej dzia\u0142acze Exact Systems Norwida przedstawili nowego szkoleniowca. Piotr Gruszka zast\u0105pi\u0142 Piotra Lebiod\u0119, kt\u00f3ry teraz b\u0119dzie koordynatorem grup m\u0142odzie\u017cowych.<\/p>\n\n\n\n<p>W konferencji udzia\u0142 wzi\u0119li: prezes klubu Krzysztof Wachowiak, wiceprezes Les\u0142aw Walaszczyk, dyrektor sportowy Rados\u0142aw Panas oraz nowy trener Piotr Gruszka.<\/p>\n\n\n\n<p>&#8211; \u017bycie zatoczy\u0142o ko\u0142o &#8211; m\u00f3wi prezes Exact Systems Norwida i dyrektor IX LO im. C.K. Norwida Krzysztof Wachowiak. &#8211; Piotr \u0107wier\u0107 wieku temu ko\u0144czy\u0142 nasz\u0105 szko\u0142\u0119 i pisa\u0142 matur\u0119. By\u0142o to przed Igrzyskami Olimpijskimi w Atlancie. \u017byczy\u0142em mu wielu sukces\u00f3w sportowych. I te osi\u0105gn\u0105\u0142 jako zawodnik. Teraz Piotr wraca do nas w innej roli. Mamy przed sob\u0105 projekt, kt\u00f3ry ma na celu przywr\u00f3cenie Cz\u0119stochowie siatk\u00f3wki na najwy\u017cszym poziomie. W naszym klubie od 8 lat swoje do\u015bwiadczenie wykorzystuje Rados\u0142aw Panas, kt\u00f3ry by\u0142 trenerem, a teraz jest dyrektorem sportowym i prowadzi te\u017c m\u0142odzie\u017c. Mam nadziej\u0119, \u017ce to wsp\u00f3lne do\u015bwiadczenie zaowocuje Plus Lig\u0105.<\/p>\n\n\n\n<p>Z podpisania umowy z Piotrem Gruszk\u0105 jest te\u017c cz\u0142onek zarz\u0105du Exact Systems Norwida oraz g\u0142\u00f3wny sponsor Les\u0142aw Walaszczyk. &#8211; Ciesze si\u0119, \u017ce ten nasz projekt tak wygl\u0105da &#8211; m\u00f3wi Les\u0142aw Walaszczyk. &#8211; Rozwijamy nasz sztab szkoleniowy. Budujemy nasz klub i wzmacniamy najlepszymi. Stawiamy na najlepsz\u0105 jako\u015b\u0107. Chcemy si\u0119 rozwija\u0107. Dlatego zaprosili\u015bmy Piotra Gruszk\u0119 do wsp\u00f3\u0142pracy.<\/p>\n\n\n\n<p>Piotr Gruszka d\u0142ugo nie zastanawia\u0142 si\u0119 nad propozycj\u0105. Jest absolwentem Norwida, a jednym z powod\u00f3w podpisania umowy w Cz\u0119stochowie by\u0142 fakt, \u017ce b\u0119dzie pracowa\u0107 \u201ew domu\u201d i tym samym b\u0119dzie mia\u0142 wi\u0119cej czasu dla rodziny.<\/p>\n\n\n\n<p>&#8211; Dzi\u0119kuj\u0119 za mi\u0142e przywitanie &#8211; m\u00f3wi\u0142 Piotr Gruszka podczas briefingu prasowego. &#8211; Mam nadziej\u0119, \u017ce pomog\u0119 w klubie i klub b\u0119dzie si\u0119 nadal rozwija\u0142. Z du\u017cym sentymentem wracam do Norwida. Kiedy pojawi\u0142a si\u0119 propozycja? Stosunkowo niedawno. Aby by\u0142a jasno\u015b\u0107. Na pewno nie przed zako\u0144czeniem sezonu. Wszyscy widzieli, jak zesp\u00f3\u0142 dobrze gra\u0142 pod opiek\u0105 trenera Lebiody. Dosta\u0142em propozycje po zako\u0144czeniu sezonu 1-ligowego. P\u00f3\u017aniej zacz\u0119\u0142y si\u0119 rozmowy i szybko uda\u0142o si\u0119 je sfinalizowa\u0107.<\/p>\n\n\n\n<p>Jakie najbli\u017csze plany ma nowy trener Exact Systems Norwida Piotr Gruszka? &#8211; Chce si\u0119 jak najszybciej spotka\u0107 z zawodnikami &#8211; m\u00f3wi popularny \u201eGrucha\u201d. &#8211; To jest na dzi\u015b najwa\u017cniejsze. Musz\u0119 wiedzie\u0107 kim s\u0105, a oni musz\u0105 wiedzie\u0107, kim ja jestem i jaki mam plan na ten sezon.<\/p>\n\n\n\n<p>Wi\u0119cej zdj\u0119\u0107 z konferencji prasowej na stronie fb Gazety Regionalnej<\/p>\n\n\n\n<p>Foto: Gazeta Regionalna\/AK<\/p>\n\n\n\n<figure class=\"wp-block-image size-large\"><img decoding=\"async\" width=\"1024\" height=\"718\" data-src=\"https:\/\/gazetaregionalna.com\/wp-content\/uploads\/2021\/05\/Gruszka-5-1024x718.jpg\" alt=\"\" class=\"wp-image-43256 lazyload\" data-srcset=\"https:\/\/gazetaregionalna.com\/wp-content\/uploads\/2021\/05\/Gruszka-5-1024x718.jpg 1024w, https:\/\/gazetaregionalna.com\/wp-content\/uploads\/2021\/05\/Gruszka-5-300x210.jpg 300w, https:\/\/gazetaregionalna.com\/wp-content\/uploads\/2021\/05\/Gruszka-5-768x538.jpg 768w, https:\/\/gazetaregionalna.com\/wp-content\/uploads\/2021\/05\/Gruszka-5-1536x1077.jpg 1536w, https:\/\/gazetaregionalna.com\/wp-content\/uploads\/2021\/05\/Gruszka-5-2048x1436.jpg 2048w, https:\/\/gazetaregionalna.com\/wp-content\/uploads\/2021\/05\/Gruszka-5-696x488.jpg 696w, https:\/\/gazetaregionalna.com\/wp-content\/uploads\/2021\/05\/Gruszka-5-1068x749.jpg 1068w, https:\/\/gazetaregionalna.com\/wp-content\/uploads\/2021\/05\/Gruszka-5-1920x1346.jpg 1920w, https:\/\/gazetaregionalna.com\/wp-content\/uploads\/2021\/05\/Gruszka-5-599x420.jpg 599w, https:\/\/gazetaregionalna.com\/wp-content\/uploads\/2021\/05\/Gruszka-5-100x70.jpg 100w, https:\/\/gazetaregionalna.com\/wp-content\/uploads\/2021\/05\/Gruszka-5-scaled.jpg 1200w\" data-sizes=\"(max-width: 1024px) 100vw, 1024px\" src=\"data:image\/svg+xml;base64,PHN2ZyB3aWR0aD0iMSIgaGVpZ2h0PSIxIiB4bWxucz0iaHR0cDovL3d3dy53My5vcmcvMjAwMC9zdmciPjwvc3ZnPg==\" style=\"--smush-placeholder-width: 1024px; --smush-placeholder-aspect-ratio: 1024\/718;\" \/><\/figure>\n\n\n\n<figure class=\"wp-block-image size-large\"><img decoding=\"async\" width=\"1024\" height=\"659\" data-src=\"https:\/\/gazetaregionalna.com\/wp-content\/uploads\/2021\/05\/Gruszka-11-1024x659.jpg\" alt=\"\" class=\"wp-image-43257 lazyload\" data-srcset=\"https:\/\/gazetaregionalna.com\/wp-content\/uploads\/2021\/05\/Gruszka-11-1024x659.jpg 1024w, https:\/\/gazetaregionalna.com\/wp-content\/uploads\/2021\/05\/Gruszka-11-300x193.jpg 300w, https:\/\/gazetaregionalna.com\/wp-content\/uploads\/2021\/05\/Gruszka-11-768x494.jpg 768w, https:\/\/gazetaregionalna.com\/wp-content\/uploads\/2021\/05\/Gruszka-11-1536x989.jpg 1536w, https:\/\/gazetaregionalna.com\/wp-content\/uploads\/2021\/05\/Gruszka-11-2048x1318.jpg 2048w, https:\/\/gazetaregionalna.com\/wp-content\/uploads\/2021\/05\/Gruszka-11-696x448.jpg 696w, https:\/\/gazetaregionalna.com\/wp-content\/uploads\/2021\/05\/Gruszka-11-1068x687.jpg 1068w, https:\/\/gazetaregionalna.com\/wp-content\/uploads\/2021\/05\/Gruszka-11-1920x1236.jpg 1920w, https:\/\/gazetaregionalna.com\/wp-content\/uploads\/2021\/05\/Gruszka-11-652x420.jpg 652w, https:\/\/gazetaregionalna.com\/wp-content\/uploads\/2021\/05\/Gruszka-11-scaled.jpg 1200w\" data-sizes=\"(max-width: 1024px) 100vw, 1024px\" src=\"data:image\/svg+xml;base64,PHN2ZyB3aWR0aD0iMSIgaGVpZ2h0PSIxIiB4bWxucz0iaHR0cDovL3d3dy53My5vcmcvMjAwMC9zdmciPjwvc3ZnPg==\" style=\"--smush-placeholder-width: 1024px; --smush-placeholder-aspect-ratio: 1024\/659;\" \/><\/figure>\n\n\n\n<figure class=\"wp-block-image size-large\"><img decoding=\"async\" width=\"1024\" height=\"675\" data-src=\"https:\/\/gazetaregionalna.com\/wp-content\/uploads\/2021\/05\/Gruszka-6-1024x675.jpg\" alt=\"\" class=\"wp-image-43255 lazyload\" data-srcset=\"https:\/\/gazetaregionalna.com\/wp-content\/uploads\/2021\/05\/Gruszka-6-1024x675.jpg 1024w, https:\/\/gazetaregionalna.com\/wp-content\/uploads\/2021\/05\/Gruszka-6-300x198.jpg 300w, https:\/\/gazetaregionalna.com\/wp-content\/uploads\/2021\/05\/Gruszka-6-768x506.jpg 768w, https:\/\/gazetaregionalna.com\/wp-content\/uploads\/2021\/05\/Gruszka-6-1536x1012.jpg 1536w, https:\/\/gazetaregionalna.com\/wp-content\/uploads\/2021\/05\/Gruszka-6-2048x1350.jpg 2048w, https:\/\/gazetaregionalna.com\/wp-content\/uploads\/2021\/05\/Gruszka-6-696x459.jpg 696w, https:\/\/gazetaregionalna.com\/wp-content\/uploads\/2021\/05\/Gruszka-6-1068x704.jpg 1068w, https:\/\/gazetaregionalna.com\/wp-content\/uploads\/2021\/05\/Gruszka-6-1920x1265.jpg 1920w, https:\/\/gazetaregionalna.com\/wp-content\/uploads\/2021\/05\/Gruszka-6-637x420.jpg 637w, https:\/\/gazetaregionalna.com\/wp-content\/uploads\/2021\/05\/Gruszka-6-scaled.jpg 1200w\" data-sizes=\"(max-width: 1024px) 100vw, 1024px\" src=\"data:image\/svg+xml;base64,PHN2ZyB3aWR0aD0iMSIgaGVpZ2h0PSIxIiB4bWxucz0iaHR0cDovL3d3dy53My5vcmcvMjAwMC9zdmciPjwvc3ZnPg==\" style=\"--smush-placeholder-width: 1024px; --smush-placeholder-aspect-ratio: 1024\/675;\" \/><\/figure>\n\n\n\n<figure class=\"wp-block-image size-large\"><img decoding=\"async\" width=\"1024\" height=\"671\" data-src=\"https:\/\/gazetaregionalna.com\/wp-content\/uploads\/2021\/05\/Gruszka-3-1024x671.jpg\" alt=\"\" class=\"wp-image-43254 lazyload\" data-srcset=\"https:\/\/gazetaregionalna.com\/wp-content\/uploads\/2021\/05\/Gruszka-3-1024x671.jpg 1024w, https:\/\/gazetaregionalna.com\/wp-content\/uploads\/2021\/05\/Gruszka-3-300x197.jpg 300w, https:\/\/gazetaregionalna.com\/wp-content\/uploads\/2021\/05\/Gruszka-3-768x504.jpg 768w, https:\/\/gazetaregionalna.com\/wp-content\/uploads\/2021\/05\/Gruszka-3-1536x1007.jpg 1536w, https:\/\/gazetaregionalna.com\/wp-content\/uploads\/2021\/05\/Gruszka-3-2048x1343.jpg 2048w, https:\/\/gazetaregionalna.com\/wp-content\/uploads\/2021\/05\/Gruszka-3-696x456.jpg 696w, https:\/\/gazetaregionalna.com\/wp-content\/uploads\/2021\/05\/Gruszka-3-1068x700.jpg 1068w, https:\/\/gazetaregionalna.com\/wp-content\/uploads\/2021\/05\/Gruszka-3-1920x1259.jpg 1920w, https:\/\/gazetaregionalna.com\/wp-content\/uploads\/2021\/05\/Gruszka-3-641x420.jpg 641w, https:\/\/gazetaregionalna.com\/wp-content\/uploads\/2021\/05\/Gruszka-3-741x486.jpg 741w, https:\/\/gazetaregionalna.com\/wp-content\/uploads\/2021\/05\/Gruszka-3-scaled.jpg 1200w\" data-sizes=\"(max-width: 1024px) 100vw, 1024px\" src=\"data:image\/svg+xml;base64,PHN2ZyB3aWR0aD0iMSIgaGVpZ2h0PSIxIiB4bWxucz0iaHR0cDovL3d3dy53My5vcmcvMjAwMC9zdmciPjwvc3ZnPg==\" style=\"--smush-placeholder-width: 1024px; --smush-placeholder-aspect-ratio: 1024\/671;\" \/><\/figure>\n\n\n\n<figure class=\"wp-block-image size-large\"><img decoding=\"async\" width=\"1024\" height=\"583\" data-src=\"https:\/\/gazetaregionalna.com\/wp-content\/uploads\/2021\/05\/Gruszka-1-1024x583.jpg\" alt=\"\" class=\"wp-image-43253 lazyload\" data-srcset=\"https:\/\/gazetaregionalna.com\/wp-content\/uploads\/2021\/05\/Gruszka-1-1024x583.jpg 1024w, https:\/\/gazetaregionalna.com\/wp-content\/uploads\/2021\/05\/Gruszka-1-300x171.jpg 300w, https:\/\/gazetaregionalna.com\/wp-content\/uploads\/2021\/05\/Gruszka-1-768x437.jpg 768w, https:\/\/gazetaregionalna.com\/wp-content\/uploads\/2021\/05\/Gruszka-1-1536x874.jpg 1536w, https:\/\/gazetaregionalna.com\/wp-content\/uploads\/2021\/05\/Gruszka-1-2048x1165.jpg 2048w, https:\/\/gazetaregionalna.com\/wp-content\/uploads\/2021\/05\/Gruszka-1-696x396.jpg 696w, https:\/\/gazetaregionalna.com\/wp-content\/uploads\/2021\/05\/Gruszka-1-1068x608.jpg 1068w, https:\/\/gazetaregionalna.com\/wp-content\/uploads\/2021\/05\/Gruszka-1-1920x1092.jpg 1920w, https:\/\/gazetaregionalna.com\/wp-content\/uploads\/2021\/05\/Gruszka-1-738x420.jpg 738w, https:\/\/gazetaregionalna.com\/wp-content\/uploads\/2021\/05\/Gruszka-1-scaled.jpg 1200w\" data-sizes=\"(max-width: 1024px) 100vw, 1024px\" src=\"data:image\/svg+xml;base64,PHN2ZyB3aWR0aD0iMSIgaGVpZ2h0PSIxIiB4bWxucz0iaHR0cDovL3d3dy53My5vcmcvMjAwMC9zdmciPjwvc3ZnPg==\" style=\"--smush-placeholder-width: 1024px; --smush-placeholder-aspect-ratio: 1024\/583;\" \/><\/figure>\n\n\n\n<figure class=\"wp-block-image size-large\"><img decoding=\"async\" width=\"1024\" height=\"671\" data-src=\"https:\/\/gazetaregionalna.com\/wp-content\/uploads\/2021\/05\/Gruszka-18-1024x671.jpg\" alt=\"\" class=\"wp-image-43258 lazyload\" data-srcset=\"https:\/\/gazetaregionalna.com\/wp-content\/uploads\/2021\/05\/Gruszka-18-1024x671.jpg 1024w, https:\/\/gazetaregionalna.com\/wp-content\/uploads\/2021\/05\/Gruszka-18-300x196.jpg 300w, https:\/\/gazetaregionalna.com\/wp-content\/uploads\/2021\/05\/Gruszka-18-768x503.jpg 768w, https:\/\/gazetaregionalna.com\/wp-content\/uploads\/2021\/05\/Gruszka-18-1536x1006.jpg 1536w, https:\/\/gazetaregionalna.com\/wp-content\/uploads\/2021\/05\/Gruszka-18-2048x1341.jpg 2048w, https:\/\/gazetaregionalna.com\/wp-content\/uploads\/2021\/05\/Gruszka-18-696x456.jpg 696w, https:\/\/gazetaregionalna.com\/wp-content\/uploads\/2021\/05\/Gruszka-18-1068x700.jpg 1068w, https:\/\/gazetaregionalna.com\/wp-content\/uploads\/2021\/05\/Gruszka-18-1920x1258.jpg 1920w, https:\/\/gazetaregionalna.com\/wp-content\/uploads\/2021\/05\/Gruszka-18-641x420.jpg 641w, https:\/\/gazetaregionalna.com\/wp-content\/uploads\/2021\/05\/Gruszka-18-741x486.jpg 741w, https:\/\/gazetaregionalna.com\/wp-content\/uploads\/2021\/05\/Gruszka-18-scaled.jpg 1200w\" data-sizes=\"(max-width: 1024px) 100vw, 1024px\" src=\"data:image\/svg+xml;base64,PHN2ZyB3aWR0aD0iMSIgaGVpZ2h0PSIxIiB4bWxucz0iaHR0cDovL3d3dy53My5vcmcvMjAwMC9zdmciPjwvc3ZnPg==\" style=\"--smush-placeholder-width: 1024px; --smush-placeholder-aspect-ratio: 1024\/671;\" \/><\/figure>\n\n\n\n<figure class=\"wp-block-image size-large\"><img decoding=\"async\" width=\"1024\" height=\"683\" data-src=\"https:\/\/gazetaregionalna.com\/wp-content\/uploads\/2021\/05\/Gruszka-0-1024x683.jpg\" alt=\"\" class=\"wp-image-43252 lazyload\" data-srcset=\"https:\/\/gazetaregionalna.com\/wp-content\/uploads\/2021\/05\/Gruszka-0-1024x683.jpg 1024w, https:\/\/gazetaregionalna.com\/wp-content\/uploads\/2021\/05\/Gruszka-0-300x200.jpg 300w, https:\/\/gazetaregionalna.com\/wp-content\/uploads\/2021\/05\/Gruszka-0-768x512.jpg 768w, https:\/\/gazetaregionalna.com\/wp-content\/uploads\/2021\/05\/Gruszka-0-1536x1024.jpg 1536w, https:\/\/gazetaregionalna.com\/wp-content\/uploads\/2021\/05\/Gruszka-0-2048x1365.jpg 2048w, https:\/\/gazetaregionalna.com\/wp-content\/uploads\/2021\/05\/Gruszka-0-696x464.jpg 696w, https:\/\/gazetaregionalna.com\/wp-content\/uploads\/2021\/05\/Gruszka-0-1068x712.jpg 1068w, https:\/\/gazetaregionalna.com\/wp-content\/uploads\/2021\/05\/Gruszka-0-1920x1280.jpg 1920w, https:\/\/gazetaregionalna.com\/wp-content\/uploads\/2021\/05\/Gruszka-0-630x420.jpg 630w, https:\/\/gazetaregionalna.com\/wp-content\/uploads\/2021\/05\/Gruszka-0-scaled.jpg 1200w\" data-sizes=\"(max-width: 1024px) 100vw, 1024px\" src=\"data:image\/svg+xml;base64,PHN2ZyB3aWR0aD0iMSIgaGVpZ2h0PSIxIiB4bWxucz0iaHR0cDovL3d3dy53My5vcmcvMjAwMC9zdmciPjwvc3ZnPg==\" style=\"--smush-placeholder-width: 1024px; --smush-placeholder-aspect-ratio: 1024\/683;\" \/><\/figure>\n","protected":false},"excerpt":{"rendered":"<p>Dzia\u0142acze Exact Systems Norwida wzmacniaj\u0105 dru\u017cyn\u0119 do walki o awans do Plus Ligi. W poniedzia\u0142ek na konferencji prasowej zosta\u0142 przedstawiony nowy trener, kt\u00f3rym jest<\/p>\n","protected":false},"author":15,"featured_media":43252,"comment_status":"open","ping_status":"open","sticky":false,"template":"","format":"standard","meta":{"_monsterinsights_skip_tracking":false,"_monsterinsights_sitenote_active":false,"_monsterinsights_sitenote_note":"","_monsterinsights_sitenote_category":0,"_uf_show_specific_survey":0,"_uf_disable_surveys":false,"footnotes":""},"categories":[94,8,5],"tags":[],"class_list":["post-43251","post","type-post","status-publish","format-standard","has-post-thumbnail","hentry","category-polecane","category-siatkowka","category-sport"],"_links":{"self":[{"href":"https:\/\/gazetaregionalna.com\/index.php?rest_route=\/wp\/v2\/posts\/43251","targetHints":{"allow":["GET"]}}],"collection":[{"href":"https:\/\/gazetaregionalna.com\/index.php?rest_route=\/wp\/v2\/posts"}],"about":[{"href":"https:\/\/gazetaregionalna.com\/index.php?rest_route=\/wp\/v2\/types\/post"}],"author":[{"embeddable":true,"href":"https:\/\/gazetaregionalna.com\/index.php?rest_route=\/wp\/v2\/users\/15"}],"replies":[{"embeddable":true,"href":"https:\/\/gazetaregionalna.com\/index.php?rest_route=%2Fwp%2Fv2%2Fcomments&post=43251"}],"version-history":[{"count":1,"href":"https:\/\/gazetaregionalna.com\/index.php?rest_route=\/wp\/v2\/posts\/43251\/revisions"}],"predecessor-version":[{"id":43259,"href":"https:\/\/gazetaregionalna.com\/index.php?rest_route=\/wp\/v2\/posts\/43251\/revisions\/43259"}],"wp:featuredmedia":[{"embeddable":true,"href":"https:\/\/gazetaregionalna.com\/index.php?rest_route=\/wp\/v2\/media\/43252"}],"wp:attachment":[{"href":"https:\/\/gazetaregionalna.com\/index.php?rest_route=%2Fwp%2Fv2%2Fmedia&parent=43251"}],"wp:term":[{"taxonomy":"category","embeddable":true,"href":"https:\/\/gazetaregionalna.com\/index.php?rest_route=%2Fwp%2Fv2%2Fcategories&post=43251"},{"taxonomy":"post_tag","embeddable":true,"href":"https:\/\/gazetaregionalna.com\/index.php?rest_route=%2Fwp%2Fv2%2Ftags&post=43251"}],"curies":[{"name":"wp","href":"https:\/\/api.w.org\/{rel}","templated":true}]}}