{"id":43242,"date":"2021-05-31T10:55:24","date_gmt":"2021-05-31T10:55:24","guid":{"rendered":"https:\/\/gazetaregionalna.com\/?p=43242"},"modified":"2021-05-31T10:55:26","modified_gmt":"2021-05-31T10:55:26","slug":"pochodzacy-z-czestochowy-szef-slaskiej-mafii-paliwowej-zostal-zatrzymany-w-kijowie-policja-poszukiwala-mezczyzny-12-lat","status":"publish","type":"post","link":"https:\/\/gazetaregionalna.com\/?p=43242","title":{"rendered":"Pochodz\u0105cy z Cz\u0119stochowy szef \u015bl\u0105skiej \u201emafii paliwowej\u201d zosta\u0142 zatrzymany w Kijowie. Policja poszukiwa\u0142a m\u0119\u017cczyzny 12 lat"},"content":{"rendered":"\n<h2 class=\"wp-block-heading\">44-letni \u0141ukasz B. z Cz\u0119stochowy zosta\u0142 zatrzymany na terenie Ukrainy. Pomogli \u015bl\u0105scy \u201e\u0142owcy g\u0142\u00f3w\u201d. Jak informuje Komenda Wojew\u00f3dzka Policji w Katowicach, \u0141ukasz B. zatrzymali policjanci z Wydzia\u0142u \u015aledczego Ukrai\u0144skiej Policji Kryminalnej w Kijowie. Teraz 44-latek  czeka w areszcie na ekstradycj\u0119 do Polski.<\/h2>\n\n\n\n<p>\u0141ukasz B. unika\u0142 wymiaru sprawiedliwo\u015bci od 2009 roku, kiedy to wydano za nim list go\u0144czy.<\/p>\n\n\n\n<p>&#8211; M\u0119\u017cczyzna by\u0142 poszukiwany za to, \u017ce w okresie od pa\u017adziernika 2000 do maja 2004 roku w Cz\u0119stochowie, Siewierzu i innych miejscowo\u015bciach na terenie kraju, dzia\u0142aj\u0105c wsp\u00f3lnie z innymi osobami, za\u0142o\u017cy\u0142 i kierowa\u0142 zorganizowan\u0105 grup\u0105 przest\u0119pcz\u0105, kt\u00f3ra mia\u0142a na celu dokonywanie przest\u0119pstw przeciwko mieniu, obrotowi gospodarczemu oraz karno-skarbowych \u2013 informuje KWP w Katowicach.- \u0141ukasz B. by\u0142 tak\u017ce poszukiwany na podstawie listu go\u0144czego wydanego przez Prokuratur\u0119 Rejonow\u0105 Cz\u0119stochowa-P\u00f3\u0142noc.<\/p>\n\n\n\n<p>Ze wzgl\u0119du na wag\u0119 tej sprawy, w 2012 roku spraw\u0119 przej\u0105\u0142 Zesp\u00f3\u0142 Poszukiwa\u0144 Celowych Komendy Wojew\u00f3dzkiej Policji w Katowicach. Ustalono w\u00f3wczas, \u017ce poszukiwany cz\u0119stochowianin uciek\u0142 z Polski do jednego z kraju spoza Unii Europejskiej. \u015aledztwo wykaza\u0142o, \u017ce \u0141ukasz B. przebywa na Ukrainie.<\/p>\n\n\n\n<p>&#8211; W zwi\u0105zku z tym nawi\u0105zano wsp\u00f3\u0142prac\u0119 z urz\u0119duj\u0105cym w Polsce Attache do spraw policyjnych gruzi\u0144skiego Ministerstwa Spraw Wewn\u0119trznych \u2013 publikuje w swoim komunikacie \u015bl\u0105ska policja. &#8211; Za jego po\u015brednictwem przekazano posiadane informacje bezpo\u015brednio stronie ukrai\u0144skiej. Attache zaj\u0105\u0142 si\u0119 r\u00f3wnie\u017c koordynacj\u0105 wsp\u00f3\u0142pracy Wydzia\u0142u Kryminalnego Komendy Wojew\u00f3dzkiej Policji w Katowicach z Wydzia\u0142em \u015aledczym Ukrai\u0144skiej Policji Kryminalnej w Kijowie. Pozwoli\u0142o to mi\u0119dzy innymi na ustalenia, \u017ce poszukiwany, przebywaj\u0105c na terenie Ukrainy, pos\u0142uguje si\u0119 podrobionym paszportem na inne personalia i prowadzi tam dzia\u0142alno\u015b\u0107 gospodarcz\u0105. <\/p>\n\n\n\n<p>Dwunastoletnie poszukiwania m\u0119\u017cczyzny zosta\u0142y zwie\u0144czone sukcesem 25 maja. \u0141ukasz B. zosta\u0142 zatrzymany w Kijowie i umieszczony decyzj\u0105 ukrai\u0144skiego s\u0105du na 40 dni w areszcie. Tam czeka na powr\u00f3t do kraju. Wobec cz\u0119stochowianina wszcz\u0119to procedur\u0119 ekstradycji.<\/p>\n","protected":false},"excerpt":{"rendered":"<p>44-letni \u0141ukasz B. z Cz\u0119stochowy zosta\u0142 zatrzymany na terenie Ukrainy. Pomogli \u015bl\u0105scy \u201e\u0142owcy g\u0142\u00f3w\u201d. Jak informuje Komenda Wojew\u00f3dzka Policji w Katowicach, \u0141ukasz B. zatrzymali<\/p>\n","protected":false},"author":7,"featured_media":43246,"comment_status":"open","ping_status":"open","sticky":false,"template":"","format":"standard","meta":{"_monsterinsights_skip_tracking":false,"_monsterinsights_sitenote_active":false,"_monsterinsights_sitenote_note":"","_monsterinsights_sitenote_category":0,"_uf_show_specific_survey":0,"_uf_disable_surveys":false,"footnotes":""},"categories":[94,2],"tags":[],"class_list":["post-43242","post","type-post","status-publish","format-standard","has-post-thumbnail","hentry","category-polecane","category-wiadomosci"],"_links":{"self":[{"href":"https:\/\/gazetaregionalna.com\/index.php?rest_route=\/wp\/v2\/posts\/43242","targetHints":{"allow":["GET"]}}],"collection":[{"href":"https:\/\/gazetaregionalna.com\/index.php?rest_route=\/wp\/v2\/posts"}],"about":[{"href":"https:\/\/gazetaregionalna.com\/index.php?rest_route=\/wp\/v2\/types\/post"}],"author":[{"embeddable":true,"href":"https:\/\/gazetaregionalna.com\/index.php?rest_route=\/wp\/v2\/users\/7"}],"replies":[{"embeddable":true,"href":"https:\/\/gazetaregionalna.com\/index.php?rest_route=%2Fwp%2Fv2%2Fcomments&post=43242"}],"version-history":[{"count":6,"href":"https:\/\/gazetaregionalna.com\/index.php?rest_route=\/wp\/v2\/posts\/43242\/revisions"}],"predecessor-version":[{"id":43249,"href":"https:\/\/gazetaregionalna.com\/index.php?rest_route=\/wp\/v2\/posts\/43242\/revisions\/43249"}],"wp:featuredmedia":[{"embeddable":true,"href":"https:\/\/gazetaregionalna.com\/index.php?rest_route=\/wp\/v2\/media\/43246"}],"wp:attachment":[{"href":"https:\/\/gazetaregionalna.com\/index.php?rest_route=%2Fwp%2Fv2%2Fmedia&parent=43242"}],"wp:term":[{"taxonomy":"category","embeddable":true,"href":"https:\/\/gazetaregionalna.com\/index.php?rest_route=%2Fwp%2Fv2%2Fcategories&post=43242"},{"taxonomy":"post_tag","embeddable":true,"href":"https:\/\/gazetaregionalna.com\/index.php?rest_route=%2Fwp%2Fv2%2Ftags&post=43242"}],"curies":[{"name":"wp","href":"https:\/\/api.w.org\/{rel}","templated":true}]}}