{"id":43227,"date":"2021-05-31T08:39:33","date_gmt":"2021-05-31T08:39:33","guid":{"rendered":"https:\/\/gazetaregionalna.com\/?p=43227"},"modified":"2021-05-31T08:39:35","modified_gmt":"2021-05-31T08:39:35","slug":"zespol-szkol-technicznych-w-czestochowie-2","status":"publish","type":"post","link":"https:\/\/gazetaregionalna.com\/?p=43227","title":{"rendered":"Zesp\u00f3\u0142 Szk\u00f3\u0142 Technicznych w Cz\u0119stochowie &#8211; nie tylko budowlane tradycje"},"content":{"rendered":"\n<h3 class=\"wp-block-heading\"><strong>Zesp\u00f3\u0142 Szk\u00f3\u0142 Technicznych w Cz\u0119stochowie to przede wszystkim szko\u0142a o tradycjach budowlanych, ale poza zawodowym charakterem mo\u017ce te\u017c pochwali\u0107 si\u0119 inicjowaniem wielu projekt\u00f3w edukacyjnych, wydarze\u0144 kulturalnych i konkurs\u00f3w przedmiotowych. Niekt\u00f3re z nich s\u0105 nowe, a niekt\u00f3re s\u0105 kontynuacj\u0105 inicjatyw, kt\u00f3re na sta\u0142e wpisa\u0142y si\u0119 w kalendarz miejskich wydarze\u0144.<\/strong><\/h3>\n\n\n\n<p><strong>Projekty historyczne:<\/strong><\/p>\n\n\n\n<p>Uroczysto\u015bci upami\u0119tniaj\u0105ce 100. rocznic\u0119 wybuchu III Powstania \u015al\u0105skiego odby\u0142y si\u0119 3 maja w Cz\u0119stochowie na skwerze Solidarno\u015bci oraz na cmentarzach \u015bw. Rocha i Kule. Najpierw z\u0142o\u017cone zosta\u0142y kwiaty przy pomniku uczestnik\u00f3w Powsta\u0144 \u015al\u0105skich na skwerze Solidarno\u015bci. Nast\u0119pnie delegacja uda\u0142a si\u0119 na cmentarz \u015bw. Rocha, gdzie na mogi\u0142ach powsta\u0144c\u00f3w \u015bl\u0105skich z\u0142o\u017cono kwiaty i zapalono znicze. Na cmentarzu Kule, uczniowie naszej szko\u0142y z klas mundurowych pe\u0142nili wart\u0119 honorow\u0105 oraz wzi\u0119li udzia\u0142 w akcji odszukania i zapalenia zniczy na grobach spoczywaj\u0105cych tam powsta\u0144c\u00f3w \u015bl\u0105skich.<\/p>\n\n\n\n<figure class=\"wp-block-image size-large is-resized\"><img decoding=\"async\" data-src=\"https:\/\/gazetaregionalna.com\/wp-content\/uploads\/2021\/05\/IMG_20210503_113220-768x1024.jpg\" alt=\"Zesp\u00f3\u0142 Szk\u00f3\u0142 Technicznych w Cz\u0119stochowie\" class=\"wp-image-43230 lazyload\" width=\"698\" height=\"931\" data-srcset=\"https:\/\/gazetaregionalna.com\/wp-content\/uploads\/2021\/05\/IMG_20210503_113220-768x1024.jpg 768w, https:\/\/gazetaregionalna.com\/wp-content\/uploads\/2021\/05\/IMG_20210503_113220-225x300.jpg 225w, https:\/\/gazetaregionalna.com\/wp-content\/uploads\/2021\/05\/IMG_20210503_113220-1152x1536.jpg 1152w, https:\/\/gazetaregionalna.com\/wp-content\/uploads\/2021\/05\/IMG_20210503_113220-1536x2048.jpg 1536w, https:\/\/gazetaregionalna.com\/wp-content\/uploads\/2021\/05\/IMG_20210503_113220-696x928.jpg 696w, https:\/\/gazetaregionalna.com\/wp-content\/uploads\/2021\/05\/IMG_20210503_113220-1068x1424.jpg 1068w, https:\/\/gazetaregionalna.com\/wp-content\/uploads\/2021\/05\/IMG_20210503_113220-1920x2560.jpg 1920w, https:\/\/gazetaregionalna.com\/wp-content\/uploads\/2021\/05\/IMG_20210503_113220-315x420.jpg 315w, https:\/\/gazetaregionalna.com\/wp-content\/uploads\/2021\/05\/IMG_20210503_113220-scaled.jpg 1200w\" data-sizes=\"(max-width: 698px) 100vw, 698px\" src=\"data:image\/svg+xml;base64,PHN2ZyB3aWR0aD0iMSIgaGVpZ2h0PSIxIiB4bWxucz0iaHR0cDovL3d3dy53My5vcmcvMjAwMC9zdmciPjwvc3ZnPg==\" style=\"--smush-placeholder-width: 698px; --smush-placeholder-aspect-ratio: 698\/931;\" \/><figcaption><strong>Zesp\u00f3\u0142 Szk\u00f3\u0142 Technicznych w Cz\u0119stochowie<\/strong><\/figcaption><\/figure>\n\n\n\n<p><strong>Gala wr\u0119czenia nagr\u00f3d w Cz\u0119stochowskich Konkursach Historycznych<\/strong><strong><\/strong><\/p>\n\n\n\n<p>Powstania \u015al\u0105skie to trzy zrywy narodowe ludno\u015bci polskiej G\u00f3rnego \u015al\u0105ska. Dzi\u015b uczestnicy walk nie mog\u0105 ju\u017c o nich opowiedzie\u0107, gdy\u017c ostatni z weteran\u00f3w odeszli na wieczn\u0105 wart\u0119. Dlatego na nas spoczywa obowi\u0105zek pami\u0119tania. Bez wzgl\u0119du na ocen\u0119 historyczn\u0105 czy prowadzone spory jeste\u015bmy winni Powsta\u0144com szacunek i cze\u015b\u0107, tak jak i innym bohaterom naszej historii. W zwi\u0105zku z Uchwa\u0142\u0105 Senatu RP ustanawiaj\u0105c\u0105 rok 2021 Rokiem Powsta\u0144 \u015al\u0105skich Urz\u0105d Miasta Cz\u0119stochowy oraz Zesp\u00f3\u0142 Szk\u00f3\u0142 Technicznych we wsp\u00f3\u0142pracy z O\u015brodkiem Dokumentacji Dziej\u00f3w Cz\u0119stochowy Muzeum Cz\u0119stochowskiego oraz Instytutem Pami\u0119ci Narodowej zorganizowali Multimedialny Konkurs Historyczny \u201eCz\u0119stochowianie w Powstaniach \u015al\u0105skich&#8221;.<\/p>\n\n\n\n<p>G\u0142\u00f3wnym celem konkursu by\u0142o upami\u0119tnienie powsta\u0144 \u015bl\u0105skich w kontek\u015bcie historycznych zwi\u0105zk\u00f3w z Cz\u0119stochow\u0105 i cz\u0119stochowianami. Adresatem konkursu byli uczniowie szk\u00f3\u0142 podstawowych oraz uczniowie szk\u00f3\u0142 ponadpodstawowych z miasta Cz\u0119stochowy, kt\u00f3rych zadaniem by\u0142o przygotowanie prac multimedialnych na temat cz\u0119stochowian zaanga\u017cowanych w dzia\u0142ania powsta\u0144cze w latach 1919-1921. <\/p>\n\n\n\n<p>29 kwietnia 2021 roku w V LO im. Mickiewicza odby\u0142o si\u0119 podsumowanie konkursu \u201eCz\u0119stochowianie w Powstaniach \u015al\u0105skich&#8221;. Odby\u0142o si\u0119 r\u00f3wnie\u017c wr\u0119czenie nagr\u00f3d dla laureat\u00f3w Przedsi\u0119wzi\u0119cia Edukacyjnego &#8222;D\u0119by Katy\u0144skie w Cz\u0119stochowie&#8221; oraz VII Powiatowego Konkursu Wiedzy o Katyniu &#8222;W tablicach katy\u0144skich pami\u0119ci zapisane&#8221;, kt\u00f3rych wsp\u00f3\u0142organizatorem by\u0142 r\u00f3wnie\u017c Samorz\u0105dowy O\u015brodek Doskonalenia. Podczas wydarzenia mia\u0142o miejsce przekazanie pami\u0105tkowej flagi, kt\u00f3r\u0105 w 1978 roku na Jasn\u0105 G\u00f3r\u0119 przekazali przedstawiciele kadry oficerskiej II Rzeczpospolitej. Znajduje si\u0119 na niej m.in. podpis genera\u0142a Mieczys\u0142awa Boruty-Spiechowicza.&nbsp;<\/p>\n\n\n\n<figure class=\"wp-block-image size-large\"><img decoding=\"async\" width=\"1024\" height=\"683\" data-src=\"https:\/\/gazetaregionalna.com\/wp-content\/uploads\/2021\/05\/DSC_0369-1024x683.jpg\" alt=\"Zesp\u00f3\u0142 Szk\u00f3\u0142 Technicznych w Cz\u0119stochowie\" class=\"wp-image-43232 lazyload\" data-srcset=\"https:\/\/gazetaregionalna.com\/wp-content\/uploads\/2021\/05\/DSC_0369-1024x683.jpg 1024w, https:\/\/gazetaregionalna.com\/wp-content\/uploads\/2021\/05\/DSC_0369-300x200.jpg 300w, https:\/\/gazetaregionalna.com\/wp-content\/uploads\/2021\/05\/DSC_0369-768x512.jpg 768w, https:\/\/gazetaregionalna.com\/wp-content\/uploads\/2021\/05\/DSC_0369-1536x1024.jpg 1536w, https:\/\/gazetaregionalna.com\/wp-content\/uploads\/2021\/05\/DSC_0369-2048x1365.jpg 2048w, https:\/\/gazetaregionalna.com\/wp-content\/uploads\/2021\/05\/DSC_0369-696x464.jpg 696w, https:\/\/gazetaregionalna.com\/wp-content\/uploads\/2021\/05\/DSC_0369-1068x712.jpg 1068w, https:\/\/gazetaregionalna.com\/wp-content\/uploads\/2021\/05\/DSC_0369-1920x1280.jpg 1920w, https:\/\/gazetaregionalna.com\/wp-content\/uploads\/2021\/05\/DSC_0369-630x420.jpg 630w, https:\/\/gazetaregionalna.com\/wp-content\/uploads\/2021\/05\/DSC_0369-scaled.jpg 1200w\" data-sizes=\"(max-width: 1024px) 100vw, 1024px\" src=\"data:image\/svg+xml;base64,PHN2ZyB3aWR0aD0iMSIgaGVpZ2h0PSIxIiB4bWxucz0iaHR0cDovL3d3dy53My5vcmcvMjAwMC9zdmciPjwvc3ZnPg==\" style=\"--smush-placeholder-width: 1024px; --smush-placeholder-aspect-ratio: 1024\/683;\" \/><figcaption><strong>Zesp\u00f3\u0142 Szk\u00f3\u0142 Technicznych w Cz\u0119stochowie<\/strong><\/figcaption><\/figure>\n\n\n\n<p><strong>Realizacja projektu edukacyjnego \u201eCz\u0119stochowa a Cud Wis\u0142y\u201d<\/strong><\/p>\n\n\n\n<p>W roku szkolnym 2019\/2020 cz\u0119stochowskie spo\u0142eczno\u015bci szkolne oraz instytucje kulturalno-o\u015bwiatowe podj\u0119\u0142y trud realizacji <strong>projektu edukacyjnego \u201eCz\u0119stochowa a Cud Wis\u0142y\u201d<\/strong>, kt\u00f3rego celem by\u0142o upami\u0119tnienie 100-lecia Bitwy Warszawskiej, a tak\u017ce wydarze\u0144 wojny polsko-bolszewickiej w latach 1919-1921. Za\u0142o\u017ceniem projektu by\u0142o r\u00f3wnie\u017c przedstawienie historycznej spu\u015bcizny miasta Cz\u0119stochowy. Pomys\u0142odawc\u0105 i inicjatorem projektu edukacyjnego \u201eCz\u0119stochowa a Cud Wis\u0142y\u201d by\u0142 Dyrektor Zespo\u0142u Szk\u00f3\u0142 Technicznych w Cz\u0119stochowie \u2013 p. Rafa\u0142 Piotrowski. W organizacj\u0119 projektu zaanga\u017cowane by\u0142y cz\u0119stochowskie szko\u0142y i instytucje.: m.in. Wydzia\u0142 Edukacji Urz\u0119du Miasta Cz\u0119stochowy, Muzeum Cz\u0119stochowskie, Miejska Galeria Sztuki. Projekt edukacyjny \u201eCz\u0119stochowa a Cud Wis\u0142y\u201d przebiega\u0142 etapowo, chocia\u017c niekt\u00f3re dzia\u0142ania zaplanowane przez organizator\u00f3w musia\u0142y zosta\u0107 zrealizowane w formie dostosowanej do sytuacji epidemicznej w kraju. W zawi\u0105zku z powy\u017cszym projekt by\u0142 r\u00f3wnie\u017c kontynuowany w roku szkolnym 2020\/2021.<\/p>\n\n\n\n<p>Inauguracja projektu edukacyjnego mia\u0142a miejsce w czasie konferencji&nbsp; \u201eCz\u0119stochowianie wobec Niepodleg\u0142ej\u201d. Zaproszenie go\u015bcie oraz&nbsp; cz\u0119stochowska m\u0142odzie\u017c szkolna pod opiek\u0105 nauczycieli mieli okazj\u0119 obejrze\u0107 film&nbsp;\u201e\u015aladami J\u00f3zefa Pi\u0142sudskiego w Cz\u0119stochowie\u201d. Nast\u0119pnie zgromadzeni wys\u0142uchali referat\u00f3w przygotowanych przez uczennice i uczni\u00f3w cz\u0119stochowskich szk\u00f3\u0142. Referenci zaprezentowali sylwetki wybitnych cz\u0119stochowian zaanga\u017cowanych w dzia\u0142ania wojny polsko-bolszewickiej w latach 1919-1921: gen. Stanis\u0142awa Burhardt \u2013 Bukackiego, pp\u0142k Kazimierza Karola Buslera, gen. Mariana \u201e\u017begot\u0119\u201d Januszajtisa, gen. Gustawa \u201eOrlicz\u201d Dreszera, gen. Janusza Juliana G\u0142uchowskiego.<\/p>\n\n\n\n<p>W ramach realizacji projektu edukacyjnego przeprowadzony zosta\u0142 <strong>konkurs plastyczny \u201eCz\u0119stochowa a Cud Wis\u0142y\u201d<\/strong>. W ramach konkursu uczniowie szk\u00f3\u0142 podstawowych mieli zadanie wykona\u0107 prac\u0119 plastyczn\u0105 upami\u0119tniaj\u0105c\u0105 100. rocznic\u0119 Bitwy Warszawskiej 1920r. i&nbsp; wydarze\u0144 wojny polsko-bolszewickiej w latach 1919-1921 w kontek\u015bcie historycznych zwi\u0105zk\u00f3w z&nbsp; Cz\u0119stochow\u0105 i cz\u0119stochowianami.<\/p>\n\n\n\n<p>We wrze\u015bniu 2020r. Zesp\u00f3\u0142 Szk\u00f3\u0142 Technicznych w Cz\u0119stochowie zorganizowa\u0142 <strong>konkurs historyczny \u201eCz\u0119stochowscy bohaterowie w wojnie polsko \u2013 bolszewickiej w latach 1919 \u2013 1921\u201d<\/strong><em> <\/em>dla uczni\u00f3w szk\u00f3\u0142 podstawowych oraz uczni\u00f3w szk\u00f3\u0142 ponadpodstawowych. Celem konkursu by\u0142o zaprezentowanie sylwetek cz\u0119stochowian zas\u0142u\u017conych na frontach wojny polsko \u2013 bolszewickiej w formie prezentacji multimedialnej, s\u0142uchowiska lub filmu, natomiast <strong>konkurs na scenariusz lekcji \u201eCz\u0119stochowscy bohaterowie w wojnie polsko \u2013 bolszewickiej w latach 1919 \u2013 1921\u201d<\/strong> skierowany by\u0142 do nauczycieli cz\u0119stochowskich szk\u00f3\u0142. <\/p>\n\n\n\n<p>Dzi\u0119ki realizacji projektu upami\u0119tnili\u015bmy 100-lecie Bitwy Warszawskiej, a tak\u017ce wydarzenia wojny polsko-bolszewickiej w latach 1919-1921 w kontek\u015bcie historycznych zwi\u0105zk\u00f3w z Cz\u0119stochow\u0105 i cz\u0119stochowianami. M\u0142odzie\u017c cz\u0119stochowskich szk\u00f3\u0142 wykaza\u0142a si\u0119 postaw\u0105 patriotyczn\u0105 pog\u0142\u0119biaj\u0105c wiedz\u0119 z historii Polski, a tak\u017ce poznaj\u0105c i propaguj\u0105c dzieje Ma\u0142ej Ojczyzny.<\/p>\n\n\n\n<p><strong>Projekty zawodowe:<\/strong><\/p>\n\n\n\n<p><strong>Konkurs \u201eKolory Wiosny 2021\u201d w Zespole Szk\u00f3\u0142 Technicznych<\/strong><\/p>\n\n\n\n<p>22 kwietnia to \u015awiatowy Dzie\u0144 Ziemi, kt\u00f3rego celem jest promowanie proekologicznych postaw w spo\u0142ecze\u0144stwie oraz budowanie wsp\u00f3lnej odpowiedzialno\u015bci za Ziemi\u0119. Urz\u0105d Miasta Cz\u0119stochowy we wsp\u00f3\u0142pracy z Zespo\u0142em Szk\u00f3\u0142 Technicznych w Cz\u0119stochowie w\u0142\u0105czy\u0142 si\u0119 w obchody Dnia Ziemi, organizuj\u0105c konkurs \u201eKolory Wiosny 2021\u201d, skierowany do przedszkolnych plac\u00f3wek miejskich.&nbsp;Prezydent Miasta Cz\u0119stochowy Krzysztof Matyjaszczyk ufundowa\u0142 nagrody pieni\u0119\u017cne dla laureat\u00f3w konkursu z przeznaczeniem na zagospodarowanie przedszkolnych ogrod\u00f3w dydaktycznych.<\/p>\n\n\n\n<p>W konkursie \u201eKolory Wiosny 2021\u201d wzi\u0119\u0142o udzia\u0142 41 plac\u00f3wek przedszkolnych z Cz\u0119stochowy. Zadaniem uczestnik\u00f3w by\u0142o wykonanie pracy plastycznej \u201eWiosenne kwiaty z Ekorabaty\u201d oraz aran\u017cacja \u201eWiosennego K\u0105cika Przyrodniczego\u201d.&nbsp;W trakcie uroczysto\u015bci 23 kwietnia 2021 r. dyplomy uczestnictwa w konkursie oraz bony pieni\u0119\u017cne wr\u0119czyli laureatom Dariusz Kapinos \u2013 Przewodnicz\u0105cy Komisji Edukacji Rady Miasta Cz\u0119stochowy i Rafa\u0142 Piotrowski \u2013 Naczelnik Wydzia\u0142u Edukacji Urz\u0119du Miasta Cz\u0119stochowy.<\/p>\n\n\n\n<figure class=\"wp-block-image size-large\"><img decoding=\"async\" width=\"1024\" height=\"683\" data-src=\"https:\/\/gazetaregionalna.com\/wp-content\/uploads\/2021\/05\/DSC_0360-1024x683.jpg\" alt=\"Zesp\u00f3\u0142 Szk\u00f3\u0142 Technicznych w Cz\u0119stochowie\" class=\"wp-image-43231 lazyload\" data-srcset=\"https:\/\/gazetaregionalna.com\/wp-content\/uploads\/2021\/05\/DSC_0360-1024x683.jpg 1024w, https:\/\/gazetaregionalna.com\/wp-content\/uploads\/2021\/05\/DSC_0360-300x200.jpg 300w, https:\/\/gazetaregionalna.com\/wp-content\/uploads\/2021\/05\/DSC_0360-768x512.jpg 768w, https:\/\/gazetaregionalna.com\/wp-content\/uploads\/2021\/05\/DSC_0360-1536x1024.jpg 1536w, https:\/\/gazetaregionalna.com\/wp-content\/uploads\/2021\/05\/DSC_0360-2048x1365.jpg 2048w, https:\/\/gazetaregionalna.com\/wp-content\/uploads\/2021\/05\/DSC_0360-696x464.jpg 696w, https:\/\/gazetaregionalna.com\/wp-content\/uploads\/2021\/05\/DSC_0360-1068x712.jpg 1068w, https:\/\/gazetaregionalna.com\/wp-content\/uploads\/2021\/05\/DSC_0360-1920x1280.jpg 1920w, https:\/\/gazetaregionalna.com\/wp-content\/uploads\/2021\/05\/DSC_0360-630x420.jpg 630w, https:\/\/gazetaregionalna.com\/wp-content\/uploads\/2021\/05\/DSC_0360-scaled.jpg 1200w\" data-sizes=\"(max-width: 1024px) 100vw, 1024px\" src=\"data:image\/svg+xml;base64,PHN2ZyB3aWR0aD0iMSIgaGVpZ2h0PSIxIiB4bWxucz0iaHR0cDovL3d3dy53My5vcmcvMjAwMC9zdmciPjwvc3ZnPg==\" style=\"--smush-placeholder-width: 1024px; --smush-placeholder-aspect-ratio: 1024\/683;\" \/><figcaption><strong>Zesp\u00f3\u0142 Szk\u00f3\u0142 Technicznych w Cz\u0119stochowie<\/strong><\/figcaption><\/figure>\n\n\n\n<p><strong>Projekty polonistyczne:<\/strong><\/p>\n\n\n\n<p><strong>W tym roku ZST jest organizatorem V edycji Wojew\u00f3dzkiego Konkursu Recytatorskiego Poezji \u015bw. Jana Paw\u0142a II. Podsumowanie konkursu i wr\u0119czenie nagr\u00f3d odb\u0119dzie si\u0119 11 czerwca.<\/strong><\/p>\n\n\n\n<p>Organizacja tej uroczysto\u015bci sta\u0142a si\u0119 szkoln\u0105 tradycj\u0105, poniewa\u017c technikum i bran\u017cowa szko\u0142a pierwszego stopnia w Zespole Szk\u00f3\u0142 Technicznych nosz\u0105 imi\u0119 naszego Wielkiego Papie\u017ca Polaka. \u00ad To dla nas zaszczyt, \u017ce Jan Pawe\u0142 II jest naszym patronem, dlatego chcemy popularyzowa\u0107 jego poezj\u0119, uwra\u017cliwia\u0107 m\u0142odych ludzi na jej etyczne, dydaktyczne i patriotyczne przes\u0142anie \u2013 deklaruj\u0105 przedstawiciele ZST.<\/p>\n\n\n\n<p>Do tej pory zorganizowano dwie edycje powiatowe konkursu i cztery wojew\u00f3dzkie.       W tym roku <strong>honorowymi patronami uroczysto\u015bci s\u0105: Pose\u0142 do Parlamentu Europejskiego Pani Jadwiga Wi\u015bniewska, \u015al\u0105ski Kurator O\u015bwiaty Pani Urszula Bauer, Arcybiskup Metropolita Cz\u0119stochowski Wac\u0142aw Depo i Przeor Jasnej G\u00f3ry ojciec Samuel Pacholski. Medialnie wsparli nas: Tygodnik Katolicki \u201eNiedziela\u201d, Telewizja Polska oddzia\u0142 w Katowicach, Radio \u201eJasna G\u00f3ra\u201d i Radio \u201eFiat\u201d.<\/strong> <\/p>\n\n\n\n<p>W tym roku ze wzgl\u0119du na epidemi\u0119 koronawirusa szko\u0142a zosta\u0142a zmuszona do zmiany formu\u0142y konkursu. M\u0142odzi recytatorzy nagrywali swoje recytacje i przesy\u0142ali je do biura organizatora. Na zaproszenie <a href=\"https:\/\/zst.czest.pl\/\" class=\"rank-math-link\" target=\"_blank\" rel=\"noopener\">Zespo\u0142u Szk\u00f3\u0142 Technicznych w Cz\u0119stochowie<\/a> odpowiedzia\u0142o wielu uczni\u00f3w, nauczycieli, kt\u00f3rzy nie szcz\u0119dzili trudu i pracy w przygotowanie recytacji nie\u0142atwej poezji naszego ukochanego Papie\u017ca Jana Paw\u0142a II. Dzi\u0119ki ich pracy i zaanga\u017cowaniu, w tegorocznej, pi\u0105tej ju\u017c edycji wzi\u0119\u0142o udzia\u0142 ponad 140 uczestnik\u00f3w ze szk\u00f3\u0142 podstawowych i ponadpodstawowych.<\/p>\n\n\n\n<p>Czytaj tak\u017ce: <a href=\"https:\/\/gazetaregionalna.com\/wp-admin\/post.php?post=39953&amp;action=edit\" class=\"rank-math-link\">Zesp\u00f3\u0142 Szk\u00f3\u0142 Technicznych w Cz\u0119stochowie \u2013 tradycja i nowoczesno\u015b\u0107<\/a><\/p>\n","protected":false},"excerpt":{"rendered":"<p>Zesp\u00f3\u0142 Szk\u00f3\u0142 Technicznych w Cz\u0119stochowie to przede wszystkim szko\u0142a o tradycjach budowlanych, ale poza zawodowym charakterem mo\u017ce te\u017c pochwali\u0107 si\u0119 inicjowaniem wielu projekt\u00f3w edukacyjnych,<\/p>\n","protected":false},"author":5,"featured_media":43228,"comment_status":"open","ping_status":"open","sticky":false,"template":"","format":"standard","meta":{"_monsterinsights_skip_tracking":false,"_monsterinsights_sitenote_active":false,"_monsterinsights_sitenote_note":"","_monsterinsights_sitenote_category":0,"_uf_show_specific_survey":0,"_uf_disable_surveys":false,"footnotes":""},"categories":[41],"tags":[],"class_list":["post-43227","post","type-post","status-publish","format-standard","has-post-thumbnail","hentry","category-edukacja"],"_links":{"self":[{"href":"https:\/\/gazetaregionalna.com\/index.php?rest_route=\/wp\/v2\/posts\/43227","targetHints":{"allow":["GET"]}}],"collection":[{"href":"https:\/\/gazetaregionalna.com\/index.php?rest_route=\/wp\/v2\/posts"}],"about":[{"href":"https:\/\/gazetaregionalna.com\/index.php?rest_route=\/wp\/v2\/types\/post"}],"author":[{"embeddable":true,"href":"https:\/\/gazetaregionalna.com\/index.php?rest_route=\/wp\/v2\/users\/5"}],"replies":[{"embeddable":true,"href":"https:\/\/gazetaregionalna.com\/index.php?rest_route=%2Fwp%2Fv2%2Fcomments&post=43227"}],"version-history":[{"count":2,"href":"https:\/\/gazetaregionalna.com\/index.php?rest_route=\/wp\/v2\/posts\/43227\/revisions"}],"predecessor-version":[{"id":43235,"href":"https:\/\/gazetaregionalna.com\/index.php?rest_route=\/wp\/v2\/posts\/43227\/revisions\/43235"}],"wp:featuredmedia":[{"embeddable":true,"href":"https:\/\/gazetaregionalna.com\/index.php?rest_route=\/wp\/v2\/media\/43228"}],"wp:attachment":[{"href":"https:\/\/gazetaregionalna.com\/index.php?rest_route=%2Fwp%2Fv2%2Fmedia&parent=43227"}],"wp:term":[{"taxonomy":"category","embeddable":true,"href":"https:\/\/gazetaregionalna.com\/index.php?rest_route=%2Fwp%2Fv2%2Fcategories&post=43227"},{"taxonomy":"post_tag","embeddable":true,"href":"https:\/\/gazetaregionalna.com\/index.php?rest_route=%2Fwp%2Fv2%2Ftags&post=43227"}],"curies":[{"name":"wp","href":"https:\/\/api.w.org\/{rel}","templated":true}]}}