{"id":42991,"date":"2021-05-27T19:14:50","date_gmt":"2021-05-27T19:14:50","guid":{"rendered":"https:\/\/gazetaregionalna.com\/?p=42991"},"modified":"2021-05-27T19:14:51","modified_gmt":"2021-05-27T19:14:51","slug":"rakow-i-wlokniarz-moga-dostac-po-15-miliona-zlotych-na-promocje-miasta-poprzez-sport","status":"publish","type":"post","link":"https:\/\/gazetaregionalna.com\/?p=42991","title":{"rendered":"Rak\u00f3w i W\u0142\u00f3kniarz mog\u0105 dosta\u0107 po 1,5 miliona z\u0142otych na promocj\u0119 miasta poprzez sport"},"content":{"rendered":"\n<p>Rozpocz\u0119\u0142y si\u0119 procedury przetargowe na promocj\u0119 Cz\u0119stochowy poprzez sport. Na najwi\u0119ksze pieni\u0105dze mog\u0105 liczy\u0107 pi\u0142karze Rakowa Cz\u0119stochowa i \u017cu\u017clowcy Eltrox W\u0142\u00f3kniarza, kt\u00f3rzy mog\u0105 si\u0119 stara\u0107 o kwot\u0119 1,5 miliona z\u0142otych. Na kwot\u0119 200 tysi\u0119cy z\u0142otych mog\u0105 liczy\u0107 tenisistki sto\u0142owe Bebetto AZS UJD, kt\u00f3re wywalczy\u0142y br\u0105zowy medal w Ekstralidze.<\/p>\n\n\n\n<p>&#8211; Przetarg na promocj\u0119 Cz\u0119stochowy poprzez pi\u0142k\u0119 no\u017cn\u0105, zak\u0142ada promocj\u0119 miasta poprzez dru\u017cyn\u0119 pi\u0142karsk\u0105 bior\u0105c\u0105 udzia\u0142 w rozgrywkach ekstraklasy lub I ligi, w kt\u00f3rych uczestniczy minimum 16 dru\u017cyn oraz podczas rozgrywek o Puchar Polski i w czasie innych zawod\u00f3w \u2013 informuje Urz\u0105d Miasta Cz\u0119stochowy. &#8211; Dru\u017cyna od momentu podpisania przez klub umowy do ko\u0144ca roku b\u0119dzie promowa\u0142a Cz\u0119stochow\u0119 podczas wszystkich mecz\u00f3w. Zakres zam\u00f3wienia obejmuje m.in.: posiadanie lub umieszczenie nazwy \u201eCz\u0119stochowa\u201d lub \u201eCz\u0119stochowska\u201d, \u201eCz\u0119stochowski\u201d lub \u201eCz\u0119stochowskie\u201d, itp. w nazwie zespo\u0142u; kreowanie pozytywnego wizerunku miasta w ramach dzia\u0142a\u0144 informacyjno-promocyjnych przygotowanych i realizowanych przez wykonawc\u0119; umieszczanie i eksponowanie logo Miasta w r\u00f3\u017cnorodny spos\u00f3b na strojach zawodnik\u00f3w, podczas mecz\u00f3w, w materia\u0142ach informacyjno-promocyjnych i poligraficznych; nieodp\u0142atne u\u017cyczanie wizerunku zawodnik\u00f3w zespo\u0142u oraz ca\u0142ej dru\u017cyny dla cel\u00f3w promocyjnych Cz\u0119stochowy.<\/p>\n\n\n\n<figure class=\"wp-block-image size-large\"><img decoding=\"async\" width=\"1024\" height=\"683\" data-src=\"https:\/\/gazetaregionalna.com\/wp-content\/uploads\/2021\/05\/Rakow-Feta-9-1024x683.jpg\" alt=\"\" class=\"wp-image-41999 lazyload\" data-srcset=\"https:\/\/gazetaregionalna.com\/wp-content\/uploads\/2021\/05\/Rakow-Feta-9-1024x683.jpg 1024w, https:\/\/gazetaregionalna.com\/wp-content\/uploads\/2021\/05\/Rakow-Feta-9-300x200.jpg 300w, https:\/\/gazetaregionalna.com\/wp-content\/uploads\/2021\/05\/Rakow-Feta-9-768x512.jpg 768w, https:\/\/gazetaregionalna.com\/wp-content\/uploads\/2021\/05\/Rakow-Feta-9-1536x1024.jpg 1536w, https:\/\/gazetaregionalna.com\/wp-content\/uploads\/2021\/05\/Rakow-Feta-9-2048x1365.jpg 2048w, https:\/\/gazetaregionalna.com\/wp-content\/uploads\/2021\/05\/Rakow-Feta-9-696x464.jpg 696w, https:\/\/gazetaregionalna.com\/wp-content\/uploads\/2021\/05\/Rakow-Feta-9-1068x712.jpg 1068w, https:\/\/gazetaregionalna.com\/wp-content\/uploads\/2021\/05\/Rakow-Feta-9-1920x1280.jpg 1920w, https:\/\/gazetaregionalna.com\/wp-content\/uploads\/2021\/05\/Rakow-Feta-9-630x420.jpg 630w, https:\/\/gazetaregionalna.com\/wp-content\/uploads\/2021\/05\/Rakow-Feta-9-scaled.jpg 1200w\" data-sizes=\"(max-width: 1024px) 100vw, 1024px\" src=\"data:image\/svg+xml;base64,PHN2ZyB3aWR0aD0iMSIgaGVpZ2h0PSIxIiB4bWxucz0iaHR0cDovL3d3dy53My5vcmcvMjAwMC9zdmciPjwvc3ZnPg==\" style=\"--smush-placeholder-width: 1024px; --smush-placeholder-aspect-ratio: 1024\/683;\" \/><\/figure>\n\n\n\n<p>Podobne warunki musi spe\u0142ni\u0107 klub \u017cu\u017clowy, kt\u00f3re b\u0119dzie startowa\u0142 w przetargu czyli Eltrox W\u0142\u00f3kniarz Cz\u0119stochowa.<\/p>\n\n\n\n<figure class=\"wp-block-image size-large\"><img decoding=\"async\" width=\"1024\" height=\"450\" data-src=\"https:\/\/gazetaregionalna.com\/wp-content\/uploads\/2021\/05\/CKM-Sparta-62-1024x450.jpg\" alt=\"\" class=\"wp-image-41029 lazyload\" data-srcset=\"https:\/\/gazetaregionalna.com\/wp-content\/uploads\/2021\/05\/CKM-Sparta-62-1024x450.jpg 1024w, https:\/\/gazetaregionalna.com\/wp-content\/uploads\/2021\/05\/CKM-Sparta-62-300x132.jpg 300w, https:\/\/gazetaregionalna.com\/wp-content\/uploads\/2021\/05\/CKM-Sparta-62-768x337.jpg 768w, https:\/\/gazetaregionalna.com\/wp-content\/uploads\/2021\/05\/CKM-Sparta-62-1536x675.jpg 1536w, https:\/\/gazetaregionalna.com\/wp-content\/uploads\/2021\/05\/CKM-Sparta-62-2048x899.jpg 2048w, https:\/\/gazetaregionalna.com\/wp-content\/uploads\/2021\/05\/CKM-Sparta-62-696x306.jpg 696w, https:\/\/gazetaregionalna.com\/wp-content\/uploads\/2021\/05\/CKM-Sparta-62-1068x469.jpg 1068w, https:\/\/gazetaregionalna.com\/wp-content\/uploads\/2021\/05\/CKM-Sparta-62-1920x843.jpg 1920w, https:\/\/gazetaregionalna.com\/wp-content\/uploads\/2021\/05\/CKM-Sparta-62-956x420.jpg 956w, https:\/\/gazetaregionalna.com\/wp-content\/uploads\/2021\/05\/CKM-Sparta-62-scaled.jpg 1200w\" data-sizes=\"(max-width: 1024px) 100vw, 1024px\" src=\"data:image\/svg+xml;base64,PHN2ZyB3aWR0aD0iMSIgaGVpZ2h0PSIxIiB4bWxucz0iaHR0cDovL3d3dy53My5vcmcvMjAwMC9zdmciPjwvc3ZnPg==\" style=\"--smush-placeholder-width: 1024px; --smush-placeholder-aspect-ratio: 1024\/450;\" \/><\/figure>\n\n\n\n<p>O zdecydowanie mniejsz\u0105 kwot\u0119 mog\u0105 stara\u0107 si\u0119 tenisistki sto\u0142owe Bebetto AZS UJD, kt\u00f3re w sezonie 2020\/21 wywalczy\u0142y br\u0105zowe medale w Ekstraklasie tenisa sto\u0142owego.<\/p>\n\n\n\n<figure class=\"wp-block-image size-large\"><img decoding=\"async\" width=\"720\" height=\"960\" data-src=\"https:\/\/gazetaregionalna.com\/wp-content\/uploads\/2021\/05\/BebettoUJDAZS.jpg\" alt=\"\" class=\"wp-image-40203 lazyload\" data-srcset=\"https:\/\/gazetaregionalna.com\/wp-content\/uploads\/2021\/05\/BebettoUJDAZS.jpg 720w, https:\/\/gazetaregionalna.com\/wp-content\/uploads\/2021\/05\/BebettoUJDAZS-225x300.jpg 225w, https:\/\/gazetaregionalna.com\/wp-content\/uploads\/2021\/05\/BebettoUJDAZS-696x928.jpg 696w, https:\/\/gazetaregionalna.com\/wp-content\/uploads\/2021\/05\/BebettoUJDAZS-315x420.jpg 315w\" data-sizes=\"(max-width: 720px) 100vw, 720px\" src=\"data:image\/svg+xml;base64,PHN2ZyB3aWR0aD0iMSIgaGVpZ2h0PSIxIiB4bWxucz0iaHR0cDovL3d3dy53My5vcmcvMjAwMC9zdmciPjwvc3ZnPg==\" style=\"--smush-placeholder-width: 720px; --smush-placeholder-aspect-ratio: 720\/960;\" \/><\/figure>\n\n\n\n<p>W bud\u017cecie miasta na promocj\u0119 Cz\u0119stochowy poprzez sport zapisane jest 3,2 mln z\u0142otych. Po 1,5 mln z\u0142 dla Rakowa i W\u0142\u00f3kniarza oraz 200 tysi\u0119cy z\u0142otych dla cz\u0119stochowskich tenisistek sto\u0142owych.<\/p>\n\n\n\n<p>Foto: Gazeta Regionalna\/AK oraz materia\u0142y prasowe Bebetto AZS UJD<\/p>\n","protected":false},"excerpt":{"rendered":"<p>Rozpocz\u0119\u0142y si\u0119 procedury przetargowe na promocj\u0119 Cz\u0119stochowy poprzez sport. Na najwi\u0119ksze pieni\u0105dze mog\u0105 liczy\u0107 pi\u0142karze Rakowa Cz\u0119stochowa i \u017cu\u017clowcy Eltrox W\u0142\u00f3kniarza, kt\u00f3rzy mog\u0105 si\u0119<\/p>\n","protected":false},"author":15,"featured_media":41999,"comment_status":"open","ping_status":"open","sticky":false,"template":"","format":"standard","meta":{"_monsterinsights_skip_tracking":false,"_monsterinsights_sitenote_active":false,"_monsterinsights_sitenote_note":"","_monsterinsights_sitenote_category":0,"_uf_show_specific_survey":0,"_uf_disable_surveys":false,"footnotes":""},"categories":[94,6,5,7],"tags":[],"class_list":["post-42991","post","type-post","status-publish","format-standard","has-post-thumbnail","hentry","category-polecane","category-pilka-nozna","category-sport","category-zuzel"],"_links":{"self":[{"href":"https:\/\/gazetaregionalna.com\/index.php?rest_route=\/wp\/v2\/posts\/42991","targetHints":{"allow":["GET"]}}],"collection":[{"href":"https:\/\/gazetaregionalna.com\/index.php?rest_route=\/wp\/v2\/posts"}],"about":[{"href":"https:\/\/gazetaregionalna.com\/index.php?rest_route=\/wp\/v2\/types\/post"}],"author":[{"embeddable":true,"href":"https:\/\/gazetaregionalna.com\/index.php?rest_route=\/wp\/v2\/users\/15"}],"replies":[{"embeddable":true,"href":"https:\/\/gazetaregionalna.com\/index.php?rest_route=%2Fwp%2Fv2%2Fcomments&post=42991"}],"version-history":[{"count":1,"href":"https:\/\/gazetaregionalna.com\/index.php?rest_route=\/wp\/v2\/posts\/42991\/revisions"}],"predecessor-version":[{"id":42992,"href":"https:\/\/gazetaregionalna.com\/index.php?rest_route=\/wp\/v2\/posts\/42991\/revisions\/42992"}],"wp:featuredmedia":[{"embeddable":true,"href":"https:\/\/gazetaregionalna.com\/index.php?rest_route=\/wp\/v2\/media\/41999"}],"wp:attachment":[{"href":"https:\/\/gazetaregionalna.com\/index.php?rest_route=%2Fwp%2Fv2%2Fmedia&parent=42991"}],"wp:term":[{"taxonomy":"category","embeddable":true,"href":"https:\/\/gazetaregionalna.com\/index.php?rest_route=%2Fwp%2Fv2%2Fcategories&post=42991"},{"taxonomy":"post_tag","embeddable":true,"href":"https:\/\/gazetaregionalna.com\/index.php?rest_route=%2Fwp%2Fv2%2Ftags&post=42991"}],"curies":[{"name":"wp","href":"https:\/\/api.w.org\/{rel}","templated":true}]}}