{"id":42988,"date":"2021-05-27T17:43:53","date_gmt":"2021-05-27T17:43:53","guid":{"rendered":"https:\/\/gazetaregionalna.com\/?p=42988"},"modified":"2021-05-27T17:43:55","modified_gmt":"2021-05-27T17:43:55","slug":"zoran-arsenic-podpisal-kontrakt-z-rakowem-na-5-lat","status":"publish","type":"post","link":"https:\/\/gazetaregionalna.com\/?p=42988","title":{"rendered":"Zoran Arseni\u0107 podpisa\u0142 kontrakt z Rakowem na 5 lat"},"content":{"rendered":"\n<p>Dzia\u0142acze Rakowa rozpocz\u0119li budowanie sk\u0142adu na kolejny sezon. Zoran Arseni\u0107 podpisa\u0142 kontrakt z Rakowem na 5 lat i b\u0119dzie zawodnikiem Rakowa do 2026 roku.<\/p>\n\n\n\n<p>Arseni\u0107 trafi\u0142 do Rakowa w lutym z Jagiellonii Bia\u0142ystok. Szybko znalaz\u0142 uznanie w oczach trenera Marka Papszuna i sta\u0142 si\u0119 mocnym punktem zespo\u0142u.<\/p>\n\n\n\n<p>Dzia\u0142acze Rakowa wykupili Arsenica z Jagi. Tym samym 26-letni obro\u0144ca sta\u0142 si\u0119 pi\u0142karzem Rakowa.<\/p>\n\n\n\n<p>Foto: Gazeta Regionalna\/AK<\/p>\n","protected":false},"excerpt":{"rendered":"<p>Dzia\u0142acze Rakowa rozpocz\u0119li budowanie sk\u0142adu na kolejny sezon. Zoran Arseni\u0107 podpisa\u0142 kontrakt z Rakowem na 5 lat i b\u0119dzie zawodnikiem Rakowa do 2026 roku.<\/p>\n","protected":false},"author":15,"featured_media":39341,"comment_status":"open","ping_status":"open","sticky":false,"template":"","format":"standard","meta":{"_monsterinsights_skip_tracking":false,"_monsterinsights_sitenote_active":false,"_monsterinsights_sitenote_note":"","_monsterinsights_sitenote_category":0,"_uf_show_specific_survey":0,"_uf_disable_surveys":false,"footnotes":""},"categories":[94,6,5],"tags":[],"class_list":["post-42988","post","type-post","status-publish","format-standard","has-post-thumbnail","hentry","category-polecane","category-pilka-nozna","category-sport"],"_links":{"self":[{"href":"https:\/\/gazetaregionalna.com\/index.php?rest_route=\/wp\/v2\/posts\/42988","targetHints":{"allow":["GET"]}}],"collection":[{"href":"https:\/\/gazetaregionalna.com\/index.php?rest_route=\/wp\/v2\/posts"}],"about":[{"href":"https:\/\/gazetaregionalna.com\/index.php?rest_route=\/wp\/v2\/types\/post"}],"author":[{"embeddable":true,"href":"https:\/\/gazetaregionalna.com\/index.php?rest_route=\/wp\/v2\/users\/15"}],"replies":[{"embeddable":true,"href":"https:\/\/gazetaregionalna.com\/index.php?rest_route=%2Fwp%2Fv2%2Fcomments&post=42988"}],"version-history":[{"count":1,"href":"https:\/\/gazetaregionalna.com\/index.php?rest_route=\/wp\/v2\/posts\/42988\/revisions"}],"predecessor-version":[{"id":42989,"href":"https:\/\/gazetaregionalna.com\/index.php?rest_route=\/wp\/v2\/posts\/42988\/revisions\/42989"}],"wp:featuredmedia":[{"embeddable":true,"href":"https:\/\/gazetaregionalna.com\/index.php?rest_route=\/wp\/v2\/media\/39341"}],"wp:attachment":[{"href":"https:\/\/gazetaregionalna.com\/index.php?rest_route=%2Fwp%2Fv2%2Fmedia&parent=42988"}],"wp:term":[{"taxonomy":"category","embeddable":true,"href":"https:\/\/gazetaregionalna.com\/index.php?rest_route=%2Fwp%2Fv2%2Fcategories&post=42988"},{"taxonomy":"post_tag","embeddable":true,"href":"https:\/\/gazetaregionalna.com\/index.php?rest_route=%2Fwp%2Fv2%2Ftags&post=42988"}],"curies":[{"name":"wp","href":"https:\/\/api.w.org\/{rel}","templated":true}]}}