{"id":42982,"date":"2021-05-27T11:38:46","date_gmt":"2021-05-27T11:38:46","guid":{"rendered":"https:\/\/gazetaregionalna.com\/?p=42982"},"modified":"2021-05-27T11:38:47","modified_gmt":"2021-05-27T11:38:47","slug":"byli-poszukiwani-listami-gonczymi-zostali-zatrzymani-przez-czestochowskich-policjantow","status":"publish","type":"post","link":"https:\/\/gazetaregionalna.com\/?p=42982","title":{"rendered":"Byli poszukiwani listami go\u0144czymi, zostali zatrzymani przez cz\u0119stochowskich policjant\u00f3w"},"content":{"rendered":"\n<h3 class=\"wp-block-heading\"><strong>Policjanci z Cz\u0119stochowy zatrzymali dw\u00f3ch m\u0119\u017cczyzn poszukiwanych listami go\u0144czym. Obaj zatrzymani trafili ju\u017c do wi\u0119zienia.<\/strong><\/h3>\n\n\n\n<p>Cz\u0119stochowscy funkcjonariusze, kt\u00f3rzy na co dzie\u0144 zajmuj\u0105 si\u0119 poszukiwaniem os\u00f3b ukrywaj\u0105cych si\u0119 przed wymiarem sprawiedliwo\u015bci zatrzymali kolejnych dw\u00f3ch m\u0119\u017cczyzn, za kt\u00f3rymi zosta\u0142y wydane listy go\u0144cze.<\/p>\n\n\n\n<p>Jak informuje Komenda Miejska Policji w Cz\u0119stochowie, 33-letni mieszkaniec Cz\u0119stochowy, nie stawi\u0142 si\u0119 w wi\u0119zieniu w zwi\u0105zku z wyrokiem s\u0105du za pobicie, od tego czasu szuka\u0142a go policja. We wtorek zosta\u0142a \u201enamierzony\u201d w Cz\u0119stochowie.<\/p>\n\n\n\n<p>Drugi z m\u0119\u017cczyzn trafi\u0142 w r\u0119ce policjant\u00f3w w miejscu swojej pracy, niespe\u0142na w godzin\u0119 po wydaniu za nim dw\u00f3ch list\u00f3w go\u0144czych za kradzie\u017ce. Jak si\u0119 okaza\u0142o 25-latek w ubieg\u0142ym roku wyszed\u0142 z wi\u0119zienia, ale, jak przekaza\u0142a policja, \u201enie uregulowa\u0142 wszystkich spraw i my\u015bla\u0142, \u017ce za kolejne ju\u017c nie odpowie\u201d.<\/p>\n\n\n\n<p>Obaj m\u0119\u017cczy\u017ani przebywaj\u0105 ju\u017c w zak\u0142adach karnych, gdzie sp\u0119dz\u0105 najbli\u017csze kilka miesi\u0119cy.<\/p>\n\n\n\n<p>Policja przypomina, \u017ce za pomoc w ukrywaniu sprawcy przest\u0119pstwa grozi do 5 lat pozbawienia wolno\u015bci.<\/p>\n","protected":false},"excerpt":{"rendered":"<p>Policjanci z Cz\u0119stochowy zatrzymali dw\u00f3ch m\u0119\u017cczyzn poszukiwanych listami go\u0144czym. Obaj zatrzymani trafili ju\u017c do wi\u0119zienia. Cz\u0119stochowscy funkcjonariusze, kt\u00f3rzy na co dzie\u0144 zajmuj\u0105 si\u0119 poszukiwaniem<\/p>\n","protected":false},"author":7,"featured_media":42986,"comment_status":"open","ping_status":"open","sticky":false,"template":"","format":"standard","meta":{"_monsterinsights_skip_tracking":false,"_monsterinsights_sitenote_active":false,"_monsterinsights_sitenote_note":"","_monsterinsights_sitenote_category":0,"_uf_show_specific_survey":0,"_uf_disable_surveys":false,"footnotes":""},"categories":[3,2],"tags":[],"class_list":["post-42982","post","type-post","status-publish","format-standard","has-post-thumbnail","hentry","category-czestochowa-informacje","category-wiadomosci"],"_links":{"self":[{"href":"https:\/\/gazetaregionalna.com\/index.php?rest_route=\/wp\/v2\/posts\/42982","targetHints":{"allow":["GET"]}}],"collection":[{"href":"https:\/\/gazetaregionalna.com\/index.php?rest_route=\/wp\/v2\/posts"}],"about":[{"href":"https:\/\/gazetaregionalna.com\/index.php?rest_route=\/wp\/v2\/types\/post"}],"author":[{"embeddable":true,"href":"https:\/\/gazetaregionalna.com\/index.php?rest_route=\/wp\/v2\/users\/7"}],"replies":[{"embeddable":true,"href":"https:\/\/gazetaregionalna.com\/index.php?rest_route=%2Fwp%2Fv2%2Fcomments&post=42982"}],"version-history":[{"count":3,"href":"https:\/\/gazetaregionalna.com\/index.php?rest_route=\/wp\/v2\/posts\/42982\/revisions"}],"predecessor-version":[{"id":42985,"href":"https:\/\/gazetaregionalna.com\/index.php?rest_route=\/wp\/v2\/posts\/42982\/revisions\/42985"}],"wp:featuredmedia":[{"embeddable":true,"href":"https:\/\/gazetaregionalna.com\/index.php?rest_route=\/wp\/v2\/media\/42986"}],"wp:attachment":[{"href":"https:\/\/gazetaregionalna.com\/index.php?rest_route=%2Fwp%2Fv2%2Fmedia&parent=42982"}],"wp:term":[{"taxonomy":"category","embeddable":true,"href":"https:\/\/gazetaregionalna.com\/index.php?rest_route=%2Fwp%2Fv2%2Fcategories&post=42982"},{"taxonomy":"post_tag","embeddable":true,"href":"https:\/\/gazetaregionalna.com\/index.php?rest_route=%2Fwp%2Fv2%2Ftags&post=42982"}],"curies":[{"name":"wp","href":"https:\/\/api.w.org\/{rel}","templated":true}]}}