{"id":42975,"date":"2021-05-27T11:25:22","date_gmt":"2021-05-27T11:25:22","guid":{"rendered":"https:\/\/gazetaregionalna.com\/?p=42975"},"modified":"2021-05-27T11:25:23","modified_gmt":"2021-05-27T11:25:23","slug":"hurtownia-dom-bud-na-terenie-ktorej-wczoraj-wieczorem-doszlo-do-pozaru-dziala-i-dziekuje-za-pomoc-i-okazane-zainteresowanie","status":"publish","type":"post","link":"https:\/\/gazetaregionalna.com\/?p=42975","title":{"rendered":"Hurtownia DOM-BUD, na terenie kt\u00f3rej wczoraj wieczorem dosz\u0142o do po\u017caru dzia\u0142a i dzi\u0119kuje za pomoc i okazane zainteresowanie"},"content":{"rendered":"\n<h2 class=\"wp-block-heading\">Wczorajszy po\u017car w hurtowni materia\u0142\u00f3w budowlanych DOM-BUD, w Cz\u0119stochowie wzbudzi\u0142 du\u017ce zainteresowanie medi\u00f3w, a tak\u017ce samych mieszka\u0144c\u00f3w miasta. Z ogniem walczy\u0142o w sumie 20 zast\u0119p\u00f3w stra\u017cy po\u017carnej.<\/h2>\n\n\n\n<p>Bardzo gro\u017anie wygl\u0105daj\u0105ce zdarzenie spowodowa\u0142o, \u017ce wiele os\u00f3b zaniepokoi\u0142o si\u0119 zar\u00f3wno o losy firmy, jak i pracuj\u0105cych tam os\u00f3b. Aby ich uspokoi\u0107, hurtownia wyda\u0142a o\u015bwiadczenie, w kt\u00f3rym czytamy, \u017ce firma ma si\u0119 dobrze i prowadzi normaln\u0105 dzia\u0142alno\u015b\u0107 w pe\u0142nym wymiarze godzin i z pe\u0142n\u0105 ofert\u0105 towarow\u0105.<\/p>\n\n\n\n<p>&#8211; Sytuacja jest ca\u0142kowicie opanowana \u2013 czytamy w komunikacie wydanym przez w\u0142a\u015bcicieli firmy. &#8211; Na szcz\u0119\u015bcie, mimo gro\u017anie wygl\u0105daj\u0105cego zdarzenia, zniszczenia nie s\u0105 powa\u017cne. Dla nas jedna najwa\u017cniejsze jest to, \u017ce w po\u017carze nikt<br>nie ucierpia\u0142. Pragniemy wi\u0119c uspokoi\u0107 i zapewni\u0107 naszych Klient\u00f3w i Kontrahent\u00f3w, \u017ce hurtownia materia\u0142\u00f3w budowlanych DOMBUD Cz\u0119stochowa funkcjonuje bez zmian i oferuje swoje produkty i us\u0142ugi w pe\u0142nym wymiarze.<br><br>Firma z\u0142o\u017cy\u0142a podzi\u0119kowania Stra\u017c Po\u017carnej za profesjonaln\u0105 i szybk\u0105 akcj\u0119, dzi\u0119ki kt\u00f3rej uda\u0142o si\u0119 opanowa\u0107 ogie\u0144 i zminimalizowa\u0107 straty.<\/p>\n\n\n\n<p>(fot. mat. dombud.czest.pl)<\/p>\n","protected":false},"excerpt":{"rendered":"<p>Wczorajszy po\u017car w hurtowni materia\u0142\u00f3w budowlanych DOM-BUD, w Cz\u0119stochowie wzbudzi\u0142 du\u017ce zainteresowanie medi\u00f3w, a tak\u017ce samych mieszka\u0144c\u00f3w miasta. Z ogniem walczy\u0142o w sumie 20<\/p>\n","protected":false},"author":7,"featured_media":42979,"comment_status":"open","ping_status":"open","sticky":false,"template":"","format":"standard","meta":{"_monsterinsights_skip_tracking":false,"_monsterinsights_sitenote_active":false,"_monsterinsights_sitenote_note":"","_monsterinsights_sitenote_category":0,"_uf_show_specific_survey":0,"_uf_disable_surveys":false,"footnotes":""},"categories":[94,3,2],"tags":[],"class_list":["post-42975","post","type-post","status-publish","format-standard","has-post-thumbnail","hentry","category-polecane","category-czestochowa-informacje","category-wiadomosci"],"_links":{"self":[{"href":"https:\/\/gazetaregionalna.com\/index.php?rest_route=\/wp\/v2\/posts\/42975","targetHints":{"allow":["GET"]}}],"collection":[{"href":"https:\/\/gazetaregionalna.com\/index.php?rest_route=\/wp\/v2\/posts"}],"about":[{"href":"https:\/\/gazetaregionalna.com\/index.php?rest_route=\/wp\/v2\/types\/post"}],"author":[{"embeddable":true,"href":"https:\/\/gazetaregionalna.com\/index.php?rest_route=\/wp\/v2\/users\/7"}],"replies":[{"embeddable":true,"href":"https:\/\/gazetaregionalna.com\/index.php?rest_route=%2Fwp%2Fv2%2Fcomments&post=42975"}],"version-history":[{"count":2,"href":"https:\/\/gazetaregionalna.com\/index.php?rest_route=\/wp\/v2\/posts\/42975\/revisions"}],"predecessor-version":[{"id":42980,"href":"https:\/\/gazetaregionalna.com\/index.php?rest_route=\/wp\/v2\/posts\/42975\/revisions\/42980"}],"wp:featuredmedia":[{"embeddable":true,"href":"https:\/\/gazetaregionalna.com\/index.php?rest_route=\/wp\/v2\/media\/42979"}],"wp:attachment":[{"href":"https:\/\/gazetaregionalna.com\/index.php?rest_route=%2Fwp%2Fv2%2Fmedia&parent=42975"}],"wp:term":[{"taxonomy":"category","embeddable":true,"href":"https:\/\/gazetaregionalna.com\/index.php?rest_route=%2Fwp%2Fv2%2Fcategories&post=42975"},{"taxonomy":"post_tag","embeddable":true,"href":"https:\/\/gazetaregionalna.com\/index.php?rest_route=%2Fwp%2Fv2%2Ftags&post=42975"}],"curies":[{"name":"wp","href":"https:\/\/api.w.org\/{rel}","templated":true}]}}