{"id":42823,"date":"2021-05-26T10:50:37","date_gmt":"2021-05-26T10:50:37","guid":{"rendered":"https:\/\/gazetaregionalna.com\/?p=42823"},"modified":"2021-05-28T07:10:08","modified_gmt":"2021-05-28T07:10:08","slug":"sadza-drzewa-w-alei-brzozowej","status":"publish","type":"post","link":"https:\/\/gazetaregionalna.com\/?p=42823","title":{"rendered":"Sadz\u0105 drzewa w Alei Brzozowej"},"content":{"rendered":"\n<h2 class=\"wp-block-heading\">Trwaj\u0105 prace piel\u0119gnacyjne i nasadzenia nowych drzew w tzw. Alei Brzozowej na Parkitce. Posadzonych tam b\u0119dzie 58 brz\u00f3z o wysoko\u015bci od 3 do 4 metr\u00f3w. Nowe drzewa maj\u0105 zast\u0105pi\u0107 stare, obumar\u0142e brzozy.<\/h2>\n\n\n\n<figure class=\"wp-block-image size-large\"><img decoding=\"async\" width=\"650\" height=\"434\" data-src=\"https:\/\/gazetaregionalna.com\/wp-content\/uploads\/2021\/05\/b1-3.jpg\" alt=\"\" class=\"wp-image-42828 lazyload\" data-srcset=\"https:\/\/gazetaregionalna.com\/wp-content\/uploads\/2021\/05\/b1-3.jpg 650w, https:\/\/gazetaregionalna.com\/wp-content\/uploads\/2021\/05\/b1-3-300x200.jpg 300w, https:\/\/gazetaregionalna.com\/wp-content\/uploads\/2021\/05\/b1-3-629x420.jpg 629w\" data-sizes=\"(max-width: 650px) 100vw, 650px\" src=\"data:image\/svg+xml;base64,PHN2ZyB3aWR0aD0iMSIgaGVpZ2h0PSIxIiB4bWxucz0iaHR0cDovL3d3dy53My5vcmcvMjAwMC9zdmciPjwvc3ZnPg==\" style=\"--smush-placeholder-width: 650px; --smush-placeholder-aspect-ratio: 650\/434;\" \/><\/figure>\n\n\n\n<p>Pierwotnie w sk\u0142ad ,,alei Brzozowej\u201d wchodzi\u0142o 385 drzew. Obecnie drzew w r\u00f3\u017cnym wieku i r\u00f3\u017cnym stanie zdrowotnym jest tam du\u017co wi\u0119cej, ale nie wszystkie s\u0105 oczywi\u015bcie obj\u0119te ochron\u0105 \u201epomnikow\u0105\u201d. Jak informuje miasto, w ci\u0105gu ostatnich lat, w ramach ochrony i piel\u0119gnacji tego pomnika przyrody, samorz\u0105d uzupe\u0142nia\u0142 powstaj\u0105ce w drzewostanie ubytki. Nasadza\u0142 tak\u017ce nowe drzewa w miejscach, gdzie wcze\u015bniej ich nie by\u0142o.<\/p>\n\n\n\n<p>W alei Brzozowej miasto przyj\u0119\u0142o zasad\u0119, \u017ce nowo sadzone brzozy musz\u0105 mie\u0107 obw\u00f3d pnia nie mniejszy ni\u017c 14 cm, a wysoko\u015b\u0107 od 3 do 4 metr\u00f3w. Takie te\u017c b\u0119d\u0105 drzewa, kt\u00f3rych sadzenie w\u0142a\u015bnie si\u0119 rozpoczyna. W sumie obumar\u0142e brzozy zast\u0105pione zostan\u0105 w tym roku przez 58 m\u0142odych drzew.<\/p>\n\n\n\n<p>&#8211; W zakresie prac piel\u0119gnacyjnych, kt\u00f3re trwaj\u0105 obecnie znalaz\u0142y si\u0119 nie tylko nasadzenia nowych drzew w miejsce usuni\u0119tych ale tak\u017ce wyr\u00f3wnanie terenu z zebraniem i wywozem wi\u00f3r\u00f3w powsta\u0142ych podczas frezowania \u2013 informuje miasto. &#8211; Wykonawca zobowi\u0105zany jest r\u00f3wnie\u017c do trzyletniej piel\u0119gnacji gwarancyjnej.<\/p>\n\n\n\n<figure class=\"wp-block-gallery columns-2 is-cropped wp-block-gallery-1 is-layout-flex wp-block-gallery-is-layout-flex\"><ul class=\"blocks-gallery-grid\"><li class=\"blocks-gallery-item\"><figure><a href=\"https:\/\/gazetaregionalna.com\/wp-content\/uploads\/2021\/05\/b1-4.jpg\"><img decoding=\"async\" width=\"650\" height=\"433\" data-src=\"https:\/\/gazetaregionalna.com\/wp-content\/uploads\/2021\/05\/b1-4.jpg\" alt=\"\" data-id=\"43036\" data-full-url=\"https:\/\/gazetaregionalna.com\/wp-content\/uploads\/2021\/05\/b1-4.jpg\" data-link=\"https:\/\/gazetaregionalna.com\/sadza-drzewa-w-alei-brzozowej\/b1-4-2\/\" class=\"wp-image-43036 lazyload\" data-srcset=\"https:\/\/gazetaregionalna.com\/wp-content\/uploads\/2021\/05\/b1-4.jpg 650w, https:\/\/gazetaregionalna.com\/wp-content\/uploads\/2021\/05\/b1-4-300x200.jpg 300w, https:\/\/gazetaregionalna.com\/wp-content\/uploads\/2021\/05\/b1-4-630x420.jpg 630w\" data-sizes=\"(max-width: 650px) 100vw, 650px\" src=\"data:image\/svg+xml;base64,PHN2ZyB3aWR0aD0iMSIgaGVpZ2h0PSIxIiB4bWxucz0iaHR0cDovL3d3dy53My5vcmcvMjAwMC9zdmciPjwvc3ZnPg==\" style=\"--smush-placeholder-width: 650px; --smush-placeholder-aspect-ratio: 650\/433;\" \/><\/a><\/figure><\/li><li class=\"blocks-gallery-item\"><figure><a href=\"https:\/\/gazetaregionalna.com\/wp-content\/uploads\/2021\/05\/b2-4.jpg\"><img decoding=\"async\" width=\"650\" height=\"434\" data-src=\"https:\/\/gazetaregionalna.com\/wp-content\/uploads\/2021\/05\/b2-4.jpg\" alt=\"\" data-id=\"43037\" data-full-url=\"https:\/\/gazetaregionalna.com\/wp-content\/uploads\/2021\/05\/b2-4.jpg\" data-link=\"https:\/\/gazetaregionalna.com\/sadza-drzewa-w-alei-brzozowej\/b2-4-2\/\" class=\"wp-image-43037 lazyload\" data-srcset=\"https:\/\/gazetaregionalna.com\/wp-content\/uploads\/2021\/05\/b2-4.jpg 650w, https:\/\/gazetaregionalna.com\/wp-content\/uploads\/2021\/05\/b2-4-300x200.jpg 300w, https:\/\/gazetaregionalna.com\/wp-content\/uploads\/2021\/05\/b2-4-629x420.jpg 629w\" data-sizes=\"(max-width: 650px) 100vw, 650px\" src=\"data:image\/svg+xml;base64,PHN2ZyB3aWR0aD0iMSIgaGVpZ2h0PSIxIiB4bWxucz0iaHR0cDovL3d3dy53My5vcmcvMjAwMC9zdmciPjwvc3ZnPg==\" style=\"--smush-placeholder-width: 650px; --smush-placeholder-aspect-ratio: 650\/434;\" \/><\/a><\/figure><\/li><li class=\"blocks-gallery-item\"><figure><a href=\"https:\/\/gazetaregionalna.com\/wp-content\/uploads\/2021\/05\/b3-3.jpg\"><img decoding=\"async\" width=\"650\" height=\"433\" data-src=\"https:\/\/gazetaregionalna.com\/wp-content\/uploads\/2021\/05\/b3-3.jpg\" alt=\"\" data-id=\"43038\" data-full-url=\"https:\/\/gazetaregionalna.com\/wp-content\/uploads\/2021\/05\/b3-3.jpg\" data-link=\"https:\/\/gazetaregionalna.com\/sadza-drzewa-w-alei-brzozowej\/b3-3-2\/\" class=\"wp-image-43038 lazyload\" data-srcset=\"https:\/\/gazetaregionalna.com\/wp-content\/uploads\/2021\/05\/b3-3.jpg 650w, https:\/\/gazetaregionalna.com\/wp-content\/uploads\/2021\/05\/b3-3-300x200.jpg 300w, https:\/\/gazetaregionalna.com\/wp-content\/uploads\/2021\/05\/b3-3-630x420.jpg 630w\" data-sizes=\"(max-width: 650px) 100vw, 650px\" src=\"data:image\/svg+xml;base64,PHN2ZyB3aWR0aD0iMSIgaGVpZ2h0PSIxIiB4bWxucz0iaHR0cDovL3d3dy53My5vcmcvMjAwMC9zdmciPjwvc3ZnPg==\" style=\"--smush-placeholder-width: 650px; --smush-placeholder-aspect-ratio: 650\/433;\" \/><\/a><\/figure><\/li><li class=\"blocks-gallery-item\"><figure><a href=\"https:\/\/gazetaregionalna.com\/wp-content\/uploads\/2021\/05\/b5-2.jpg\"><img decoding=\"async\" width=\"650\" height=\"433\" data-src=\"https:\/\/gazetaregionalna.com\/wp-content\/uploads\/2021\/05\/b5-2.jpg\" alt=\"\" data-id=\"43040\" data-full-url=\"https:\/\/gazetaregionalna.com\/wp-content\/uploads\/2021\/05\/b5-2.jpg\" data-link=\"https:\/\/gazetaregionalna.com\/sadza-drzewa-w-alei-brzozowej\/b5-2-2\/\" class=\"wp-image-43040 lazyload\" data-srcset=\"https:\/\/gazetaregionalna.com\/wp-content\/uploads\/2021\/05\/b5-2.jpg 650w, https:\/\/gazetaregionalna.com\/wp-content\/uploads\/2021\/05\/b5-2-300x200.jpg 300w, https:\/\/gazetaregionalna.com\/wp-content\/uploads\/2021\/05\/b5-2-630x420.jpg 630w\" data-sizes=\"(max-width: 650px) 100vw, 650px\" src=\"data:image\/svg+xml;base64,PHN2ZyB3aWR0aD0iMSIgaGVpZ2h0PSIxIiB4bWxucz0iaHR0cDovL3d3dy53My5vcmcvMjAwMC9zdmciPjwvc3ZnPg==\" style=\"--smush-placeholder-width: 650px; --smush-placeholder-aspect-ratio: 650\/433;\" \/><\/a><\/figure><\/li><\/ul><\/figure>\n\n\n\n<p>(fot. UM Cz\u0119stochowa)<\/p>\n","protected":false},"excerpt":{"rendered":"<p>Trwaj\u0105 prace piel\u0119gnacyjne i nasadzenia nowych drzew w tzw. Alei Brzozowej na Parkitce. Posadzonych tam b\u0119dzie 58 brz\u00f3z o wysoko\u015bci od 3 do 4<\/p>\n","protected":false},"author":7,"featured_media":42827,"comment_status":"open","ping_status":"open","sticky":false,"template":"","format":"standard","meta":{"_monsterinsights_skip_tracking":false,"_monsterinsights_sitenote_active":false,"_monsterinsights_sitenote_note":"","_monsterinsights_sitenote_category":0,"_uf_show_specific_survey":0,"_uf_disable_surveys":false,"footnotes":""},"categories":[3,2],"tags":[],"class_list":["post-42823","post","type-post","status-publish","format-standard","has-post-thumbnail","hentry","category-czestochowa-informacje","category-wiadomosci"],"_links":{"self":[{"href":"https:\/\/gazetaregionalna.com\/index.php?rest_route=\/wp\/v2\/posts\/42823","targetHints":{"allow":["GET"]}}],"collection":[{"href":"https:\/\/gazetaregionalna.com\/index.php?rest_route=\/wp\/v2\/posts"}],"about":[{"href":"https:\/\/gazetaregionalna.com\/index.php?rest_route=\/wp\/v2\/types\/post"}],"author":[{"embeddable":true,"href":"https:\/\/gazetaregionalna.com\/index.php?rest_route=\/wp\/v2\/users\/7"}],"replies":[{"embeddable":true,"href":"https:\/\/gazetaregionalna.com\/index.php?rest_route=%2Fwp%2Fv2%2Fcomments&post=42823"}],"version-history":[{"count":3,"href":"https:\/\/gazetaregionalna.com\/index.php?rest_route=\/wp\/v2\/posts\/42823\/revisions"}],"predecessor-version":[{"id":43041,"href":"https:\/\/gazetaregionalna.com\/index.php?rest_route=\/wp\/v2\/posts\/42823\/revisions\/43041"}],"wp:featuredmedia":[{"embeddable":true,"href":"https:\/\/gazetaregionalna.com\/index.php?rest_route=\/wp\/v2\/media\/42827"}],"wp:attachment":[{"href":"https:\/\/gazetaregionalna.com\/index.php?rest_route=%2Fwp%2Fv2%2Fmedia&parent=42823"}],"wp:term":[{"taxonomy":"category","embeddable":true,"href":"https:\/\/gazetaregionalna.com\/index.php?rest_route=%2Fwp%2Fv2%2Fcategories&post=42823"},{"taxonomy":"post_tag","embeddable":true,"href":"https:\/\/gazetaregionalna.com\/index.php?rest_route=%2Fwp%2Fv2%2Ftags&post=42823"}],"curies":[{"name":"wp","href":"https:\/\/api.w.org\/{rel}","templated":true}]}}