{"id":42810,"date":"2021-05-26T10:00:29","date_gmt":"2021-05-26T10:00:29","guid":{"rendered":"https:\/\/gazetaregionalna.com\/?p=42810"},"modified":"2021-05-26T10:00:31","modified_gmt":"2021-05-26T10:00:31","slug":"czestochowianie-bronia-nawierzchni-klinkierowej-na-ulicy-glogera-mzd-wstrzymalo-prace-przy-remoncie-drogi","status":"publish","type":"post","link":"https:\/\/gazetaregionalna.com\/?p=42810","title":{"rendered":"Cz\u0119stochowianie broni\u0105 nawierzchni klinkierowej na ulicy Glogera. MZD wstrzyma\u0142o prace przy remoncie drogi"},"content":{"rendered":"\n<h2 class=\"wp-block-heading\">Cz\u0119stochowianie broni\u0105 nawierzchni klinkierowej na ulicy Glogera. MZD wstrzyma\u0142o prace przy remoncie drogi, chocia\u017c samym protestem jest zaskoczone, bo roboty drogowe na tej ulicy odbywaj\u0105 si\u0119 w ramach inwestycji Bud\u017cetu Obywatelskiego, a wi\u0119c sami mieszka\u0144cy miasta g\u0142osuj\u0105c na ten projekt poparli pomys\u0142 u\u0142o\u017cenia tam asfaltu.<\/h2>\n\n\n\n<figure class=\"wp-block-gallery columns-3 is-cropped wp-block-gallery-1 is-layout-flex wp-block-gallery-is-layout-flex\"><ul class=\"blocks-gallery-grid\"><li class=\"blocks-gallery-item\"><figure><a href=\"https:\/\/gazetaregionalna.com\/wp-content\/uploads\/2021\/05\/g1-1.jpg\"><img decoding=\"async\" width=\"1024\" height=\"768\" data-src=\"https:\/\/gazetaregionalna.com\/wp-content\/uploads\/2021\/05\/g1-1-1024x768.jpg\" alt=\"\" data-id=\"42813\" data-full-url=\"https:\/\/gazetaregionalna.com\/wp-content\/uploads\/2021\/05\/g1-1.jpg\" data-link=\"https:\/\/gazetaregionalna.com\/?attachment_id=42813\" class=\"wp-image-42813 lazyload\" data-srcset=\"https:\/\/gazetaregionalna.com\/wp-content\/uploads\/2021\/05\/g1-1-1024x768.jpg 1024w, https:\/\/gazetaregionalna.com\/wp-content\/uploads\/2021\/05\/g1-1-300x225.jpg 300w, https:\/\/gazetaregionalna.com\/wp-content\/uploads\/2021\/05\/g1-1-768x576.jpg 768w, https:\/\/gazetaregionalna.com\/wp-content\/uploads\/2021\/05\/g1-1-696x522.jpg 696w, https:\/\/gazetaregionalna.com\/wp-content\/uploads\/2021\/05\/g1-1-1068x801.jpg 1068w, https:\/\/gazetaregionalna.com\/wp-content\/uploads\/2021\/05\/g1-1-560x420.jpg 560w, https:\/\/gazetaregionalna.com\/wp-content\/uploads\/2021\/05\/g1-1-80x60.jpg 80w, https:\/\/gazetaregionalna.com\/wp-content\/uploads\/2021\/05\/g1-1-265x198.jpg 265w, https:\/\/gazetaregionalna.com\/wp-content\/uploads\/2021\/05\/g1-1.jpg 1200w\" data-sizes=\"(max-width: 1024px) 100vw, 1024px\" src=\"data:image\/svg+xml;base64,PHN2ZyB3aWR0aD0iMSIgaGVpZ2h0PSIxIiB4bWxucz0iaHR0cDovL3d3dy53My5vcmcvMjAwMC9zdmciPjwvc3ZnPg==\" style=\"--smush-placeholder-width: 1024px; --smush-placeholder-aspect-ratio: 1024\/768;\" \/><\/a><\/figure><\/li><li class=\"blocks-gallery-item\"><figure><a href=\"https:\/\/gazetaregionalna.com\/wp-content\/uploads\/2021\/05\/g2-1.jpg\"><img decoding=\"async\" width=\"1024\" height=\"768\" data-src=\"https:\/\/gazetaregionalna.com\/wp-content\/uploads\/2021\/05\/g2-1-1024x768.jpg\" alt=\"\" data-id=\"42814\" data-full-url=\"https:\/\/gazetaregionalna.com\/wp-content\/uploads\/2021\/05\/g2-1.jpg\" data-link=\"https:\/\/gazetaregionalna.com\/?attachment_id=42814\" class=\"wp-image-42814 lazyload\" data-srcset=\"https:\/\/gazetaregionalna.com\/wp-content\/uploads\/2021\/05\/g2-1-1024x768.jpg 1024w, https:\/\/gazetaregionalna.com\/wp-content\/uploads\/2021\/05\/g2-1-300x225.jpg 300w, https:\/\/gazetaregionalna.com\/wp-content\/uploads\/2021\/05\/g2-1-768x576.jpg 768w, https:\/\/gazetaregionalna.com\/wp-content\/uploads\/2021\/05\/g2-1-696x522.jpg 696w, https:\/\/gazetaregionalna.com\/wp-content\/uploads\/2021\/05\/g2-1-1068x801.jpg 1068w, https:\/\/gazetaregionalna.com\/wp-content\/uploads\/2021\/05\/g2-1-560x420.jpg 560w, https:\/\/gazetaregionalna.com\/wp-content\/uploads\/2021\/05\/g2-1-80x60.jpg 80w, https:\/\/gazetaregionalna.com\/wp-content\/uploads\/2021\/05\/g2-1-265x198.jpg 265w, https:\/\/gazetaregionalna.com\/wp-content\/uploads\/2021\/05\/g2-1.jpg 1200w\" data-sizes=\"(max-width: 1024px) 100vw, 1024px\" src=\"data:image\/svg+xml;base64,PHN2ZyB3aWR0aD0iMSIgaGVpZ2h0PSIxIiB4bWxucz0iaHR0cDovL3d3dy53My5vcmcvMjAwMC9zdmciPjwvc3ZnPg==\" style=\"--smush-placeholder-width: 1024px; --smush-placeholder-aspect-ratio: 1024\/768;\" \/><\/a><\/figure><\/li><li class=\"blocks-gallery-item\"><figure><a href=\"https:\/\/gazetaregionalna.com\/wp-content\/uploads\/2021\/05\/g3-1.jpg\"><img decoding=\"async\" width=\"1024\" height=\"768\" data-src=\"https:\/\/gazetaregionalna.com\/wp-content\/uploads\/2021\/05\/g3-1-1024x768.jpg\" alt=\"\" data-id=\"42815\" data-full-url=\"https:\/\/gazetaregionalna.com\/wp-content\/uploads\/2021\/05\/g3-1.jpg\" data-link=\"https:\/\/gazetaregionalna.com\/?attachment_id=42815\" class=\"wp-image-42815 lazyload\" data-srcset=\"https:\/\/gazetaregionalna.com\/wp-content\/uploads\/2021\/05\/g3-1-1024x768.jpg 1024w, https:\/\/gazetaregionalna.com\/wp-content\/uploads\/2021\/05\/g3-1-300x225.jpg 300w, https:\/\/gazetaregionalna.com\/wp-content\/uploads\/2021\/05\/g3-1-768x576.jpg 768w, https:\/\/gazetaregionalna.com\/wp-content\/uploads\/2021\/05\/g3-1-696x522.jpg 696w, https:\/\/gazetaregionalna.com\/wp-content\/uploads\/2021\/05\/g3-1-1068x801.jpg 1068w, https:\/\/gazetaregionalna.com\/wp-content\/uploads\/2021\/05\/g3-1-560x420.jpg 560w, https:\/\/gazetaregionalna.com\/wp-content\/uploads\/2021\/05\/g3-1-80x60.jpg 80w, https:\/\/gazetaregionalna.com\/wp-content\/uploads\/2021\/05\/g3-1-265x198.jpg 265w, https:\/\/gazetaregionalna.com\/wp-content\/uploads\/2021\/05\/g3-1.jpg 1200w\" data-sizes=\"(max-width: 1024px) 100vw, 1024px\" src=\"data:image\/svg+xml;base64,PHN2ZyB3aWR0aD0iMSIgaGVpZ2h0PSIxIiB4bWxucz0iaHR0cDovL3d3dy53My5vcmcvMjAwMC9zdmciPjwvc3ZnPg==\" style=\"--smush-placeholder-width: 1024px; --smush-placeholder-aspect-ratio: 1024\/768;\" \/><\/a><\/figure><\/li><li class=\"blocks-gallery-item\"><figure><a href=\"https:\/\/gazetaregionalna.com\/wp-content\/uploads\/2021\/05\/g4-1.jpg\"><img decoding=\"async\" width=\"1024\" height=\"768\" data-src=\"https:\/\/gazetaregionalna.com\/wp-content\/uploads\/2021\/05\/g4-1-1024x768.jpg\" alt=\"\" data-id=\"42816\" data-full-url=\"https:\/\/gazetaregionalna.com\/wp-content\/uploads\/2021\/05\/g4-1.jpg\" data-link=\"https:\/\/gazetaregionalna.com\/?attachment_id=42816\" class=\"wp-image-42816 lazyload\" data-srcset=\"https:\/\/gazetaregionalna.com\/wp-content\/uploads\/2021\/05\/g4-1-1024x768.jpg 1024w, https:\/\/gazetaregionalna.com\/wp-content\/uploads\/2021\/05\/g4-1-300x225.jpg 300w, https:\/\/gazetaregionalna.com\/wp-content\/uploads\/2021\/05\/g4-1-768x576.jpg 768w, https:\/\/gazetaregionalna.com\/wp-content\/uploads\/2021\/05\/g4-1-696x522.jpg 696w, https:\/\/gazetaregionalna.com\/wp-content\/uploads\/2021\/05\/g4-1-1068x801.jpg 1068w, https:\/\/gazetaregionalna.com\/wp-content\/uploads\/2021\/05\/g4-1-560x420.jpg 560w, https:\/\/gazetaregionalna.com\/wp-content\/uploads\/2021\/05\/g4-1-80x60.jpg 80w, https:\/\/gazetaregionalna.com\/wp-content\/uploads\/2021\/05\/g4-1-265x198.jpg 265w, https:\/\/gazetaregionalna.com\/wp-content\/uploads\/2021\/05\/g4-1.jpg 1200w\" data-sizes=\"(max-width: 1024px) 100vw, 1024px\" src=\"data:image\/svg+xml;base64,PHN2ZyB3aWR0aD0iMSIgaGVpZ2h0PSIxIiB4bWxucz0iaHR0cDovL3d3dy53My5vcmcvMjAwMC9zdmciPjwvc3ZnPg==\" style=\"--smush-placeholder-width: 1024px; --smush-placeholder-aspect-ratio: 1024\/768;\" \/><\/a><\/figure><\/li><li class=\"blocks-gallery-item\"><figure><a href=\"https:\/\/gazetaregionalna.com\/wp-content\/uploads\/2021\/05\/g6-1.jpg\"><img decoding=\"async\" width=\"1024\" height=\"768\" data-src=\"https:\/\/gazetaregionalna.com\/wp-content\/uploads\/2021\/05\/g6-1-1024x768.jpg\" alt=\"\" data-id=\"42818\" data-full-url=\"https:\/\/gazetaregionalna.com\/wp-content\/uploads\/2021\/05\/g6-1.jpg\" data-link=\"https:\/\/gazetaregionalna.com\/?attachment_id=42818\" class=\"wp-image-42818 lazyload\" data-srcset=\"https:\/\/gazetaregionalna.com\/wp-content\/uploads\/2021\/05\/g6-1-1024x768.jpg 1024w, https:\/\/gazetaregionalna.com\/wp-content\/uploads\/2021\/05\/g6-1-300x225.jpg 300w, https:\/\/gazetaregionalna.com\/wp-content\/uploads\/2021\/05\/g6-1-768x576.jpg 768w, https:\/\/gazetaregionalna.com\/wp-content\/uploads\/2021\/05\/g6-1-696x522.jpg 696w, https:\/\/gazetaregionalna.com\/wp-content\/uploads\/2021\/05\/g6-1-1068x801.jpg 1068w, https:\/\/gazetaregionalna.com\/wp-content\/uploads\/2021\/05\/g6-1-560x420.jpg 560w, https:\/\/gazetaregionalna.com\/wp-content\/uploads\/2021\/05\/g6-1-80x60.jpg 80w, https:\/\/gazetaregionalna.com\/wp-content\/uploads\/2021\/05\/g6-1-265x198.jpg 265w, https:\/\/gazetaregionalna.com\/wp-content\/uploads\/2021\/05\/g6-1.jpg 1200w\" data-sizes=\"(max-width: 1024px) 100vw, 1024px\" src=\"data:image\/svg+xml;base64,PHN2ZyB3aWR0aD0iMSIgaGVpZ2h0PSIxIiB4bWxucz0iaHR0cDovL3d3dy53My5vcmcvMjAwMC9zdmciPjwvc3ZnPg==\" style=\"--smush-placeholder-width: 1024px; --smush-placeholder-aspect-ratio: 1024\/768;\" \/><\/a><\/figure><\/li><li class=\"blocks-gallery-item\"><figure><a href=\"https:\/\/gazetaregionalna.com\/wp-content\/uploads\/2021\/05\/g7-1.jpg\"><img decoding=\"async\" width=\"1024\" height=\"768\" data-src=\"https:\/\/gazetaregionalna.com\/wp-content\/uploads\/2021\/05\/g7-1-1024x768.jpg\" alt=\"\" data-id=\"42819\" data-full-url=\"https:\/\/gazetaregionalna.com\/wp-content\/uploads\/2021\/05\/g7-1.jpg\" data-link=\"https:\/\/gazetaregionalna.com\/?attachment_id=42819\" class=\"wp-image-42819 lazyload\" data-srcset=\"https:\/\/gazetaregionalna.com\/wp-content\/uploads\/2021\/05\/g7-1-1024x768.jpg 1024w, https:\/\/gazetaregionalna.com\/wp-content\/uploads\/2021\/05\/g7-1-300x225.jpg 300w, https:\/\/gazetaregionalna.com\/wp-content\/uploads\/2021\/05\/g7-1-768x576.jpg 768w, https:\/\/gazetaregionalna.com\/wp-content\/uploads\/2021\/05\/g7-1-696x522.jpg 696w, https:\/\/gazetaregionalna.com\/wp-content\/uploads\/2021\/05\/g7-1-1068x801.jpg 1068w, https:\/\/gazetaregionalna.com\/wp-content\/uploads\/2021\/05\/g7-1-560x420.jpg 560w, https:\/\/gazetaregionalna.com\/wp-content\/uploads\/2021\/05\/g7-1-80x60.jpg 80w, https:\/\/gazetaregionalna.com\/wp-content\/uploads\/2021\/05\/g7-1-265x198.jpg 265w, https:\/\/gazetaregionalna.com\/wp-content\/uploads\/2021\/05\/g7-1.jpg 1200w\" data-sizes=\"(max-width: 1024px) 100vw, 1024px\" src=\"data:image\/svg+xml;base64,PHN2ZyB3aWR0aD0iMSIgaGVpZ2h0PSIxIiB4bWxucz0iaHR0cDovL3d3dy53My5vcmcvMjAwMC9zdmciPjwvc3ZnPg==\" style=\"--smush-placeholder-width: 1024px; --smush-placeholder-aspect-ratio: 1024\/768;\" \/><\/a><\/figure><\/li><\/ul><figcaption class=\"blocks-gallery-caption\">(fot. IBS)<\/figcaption><\/figure>\n\n\n\n<p>Obro\u0144cy starej, kilkudziesi\u0119cioletniej nawierzchni klinkierowej na ulicy Glogera na stronie na Facebooku o nazwie: \u201e<a href=\"https:\/\/www.facebook.com\/Nie-dajmy-zniszczy\u0107-klinkierowych-ulic-w-Cz\u0119stochowie-110806557862885\/?__cft__[0]=AZWDGLbNZwyEZVBMOziG09x9XUNMRNJptdKmkwTq8L3xgHQclJW1PI4FKTzfo6axRmWOWXPpyUaC3G8gzwJbWNiNW4G4PB1IjSDpGUmlmCgEtr57qEel6wk_Wueoo-izWtNcw5cMLNg5BCYMmDiV7vDx&amp;__tn__=-UC%2CP-R\" target=\"_blank\" rel=\"noopener\">Nie dajmy zniszczy\u0107 klinkierowych ulic w Cz\u0119stochowie<\/a>\u201d opublikowali petycj\u0119 w sprawie rozpocz\u0119tego kilka dni temu remontu ulicy Glogera w \u015ar\u00f3dmie\u015bciu. Nie zgadzaj\u0105 si\u0119, aby klinkier zerwano i zast\u0105piono go asfaltem. Twierdz\u0105, \u017ce ulic\u0119 mo\u017cna naprawi\u0107, czego oczekiwali od dawna okoliczni mieszka\u0144cy, ale zachowuj\u0105c jej wyj\u0105tkowy charakter. Zaapelowali do mieszka\u0144c\u00f3w Cz\u0119stochowy o obron\u0119 dawnej nawierzchni.<\/p>\n\n\n\n<p>&#8211; Najstarsi mieszka\u0144cy twierdz\u0105, \u017ce klinkier k\u0142adli w tym miejscu jeszcze Niemcy w czasie wojny \u2013 napisano w petycji opublikowanej na Facebooku. &#8211; To dobry stary materia\u0142. Prze\u017cy\u0142 wiele lat i niewiele mu trzeba by\u0142o napraw. Wydawa\u0142oby si\u0119, \u017ce w ko\u0144cu zas\u0142u\u017cy\u0142 na porz\u0105dn\u0105 renowacj\u0119, kt\u00f3ra pozwoli mieszka\u0144com komfortowo doje\u017cd\u017ca\u0107 do ich dom\u00f3w. Niestety, z jakich\u015b powod\u00f3w na renowacj\u0119 obecnej ulicy nie zdecydowano si\u0119, a wyasfaltowanie wyda\u0142o si\u0119 komu\u015b prostsze i by\u0107 mo\u017ce bardziej ekonomiczne. W ten spos\u00f3b na stary i zas\u0142u\u017cony klinkier z Glogera wydano wyrok skazuj\u0105cy i wszystko zmierza ku temu, by podzieli\u0142 on los tego, kt\u00f3ry przed kilku laty, mimo inicjatyw i protest\u00f3w mieszka\u0144c\u00f3w usuni\u0119to brutalnie z ulicy Olszty\u0144skiej.<\/p>\n\n\n\n<p>Jak napisali, obawiaj\u0105 si\u0119, \u017ce Glogera podzieli los ulicy Olszty\u0144skiej, na kt\u00f3rej star\u0105 nawierzchni\u0119 wypar\u0142 mniej trwa\u0142y, a tak\u017ce, ich zdaniem, znacznie brzydszy asfalt.<\/p>\n\n\n\n<p>&#8211; Dotrzyjmy do jak najszerszej grupy mi\u0142o\u015bnik\u00f3w dawnego klimatu Cz\u0119stochowy i zacznijmy ratowa\u0107, co jeszcze do uratowania w naszym mie\u015bcie pozosta\u0142o! &#8211; zaapelowali obro\u0144cy Glogera. &#8211; Je\u015bli nie zaprotestujemy przyjdzie nam \u017cy\u0107 na \u015bmierdz\u0105cej asfaltem pustyni, na zunifikowanych, pos\u0119pnych czarnych ulicach, kt\u00f3re podobnie jak ulica Olszty\u0144ska, rych\u0142o stan\u0105 si\u0119 pe\u0142ne dziur.<\/p>\n\n\n\n<p>Pod wp\u0142ywem protestu Miejski Zarz\u0105d Dr\u00f3g wstrzyma\u0142  zdejmowanie klinkierowych p\u0142ytek na ulicy Glogera. Na t\u0119 chwile nic si\u0119 tam nie dzieje. Ulica jest zamkni\u0119ta, a remont \u201erozgrzebany\u201d. MZD jest zaskoczone protestem. Jak nam przekazano, zleci\u0142 wykonanie przebudowy ulicy Glogera zgodnie z przeg\u0142osowanym w Bud\u017cecie Obywatelskim projektem, kt\u00f3ry weryfikacja przed g\u0142osowaniem czytelnie wskazywa\u0142a technologi\u0119, w jakiej przebudowa b\u0119dzie realizowana. W projekcie wyra\u017anie wskazano, \u017ce chodzi o wyasfaltowanie drogi.<\/p>\n\n\n\n<p>&#8211; MZD nie upiera si\u0119 przy konkretnym rozwi\u0105zaniu czy rodzaju nawierzchni \u2013 przekaza\u0142 nam rzecznik prasowy MZD Maciej Hasik. &#8211; Po wyczerpaniu formalno\u015bci zwi\u0105zanych z Bud\u017cetem Obywatelskim przyst\u0119puje po prostu do realizacji danego zadania w przeg\u0142osowanym kszta\u0142cie. Po wybraniu projektu, na etapie przygotowa\u0144 do realizacji czy przetargu nikt nie wskazywa\u0142 uwag do proponowanej formu\u0142y przebudowy ul. Glogera. Nie jest to te\u017c obszar chroniony prawnie przez konserwatora zabytk\u00f3w wi\u0119c nie by\u0142o wymagane spe\u0142nienie dodatkowych kryteri\u00f3w prawnych \u2013 doda\u0142 rzecznik.<\/p>\n\n\n\n<p>Jak jednak zaznaczy\u0142, skoro mieszka\u0144cy optuj\u0105 za zachowaniem klinkierowej nawierzchni jezdni, to Miejski Zarz\u0105d Dr\u00f3g nie widzi przeszk\u00f3d, \u017ceby takie rozwi\u0105zanie przeanalizowa\u0107. Z tego powodu prace na tej drodze zosta\u0142y wstrzymane, a MZD zamierza skonsultowa\u0107 si\u0119 w tej kwestii z prawnikami, kt\u00f3rzy przeanalizuj\u0105 mo\u017cliwo\u015b\u0107 zmiany specyfikacji zadania na tym etapie oraz z wnioskodawc\u0105 projektu w celu poznania opinii na temat ewentualnej modyfikacji zakresu zadania i odtworzenia nawierzchni w innej ni\u017c wnioskowana technologii.<\/p>\n\n\n\n<p>&#8211; Dopiero po zebraniu tych opinii b\u0119dzie mo\u017cliwe oszacowanie koszt\u00f3w i podj\u0119cie decyzji, jakie rozwi\u0105zanie b\u0119dzie oczekiwane, optymalne, uzasadnione ekonomicznie i mo\u017cliwe do realizacji, tak\u017ce pod wzgl\u0119dem technicznym \u2013 poinformowa\u0142o MZD.<\/p>\n","protected":false},"excerpt":{"rendered":"<p>Cz\u0119stochowianie broni\u0105 nawierzchni klinkierowej na ulicy Glogera. MZD wstrzyma\u0142o prace przy remoncie drogi, chocia\u017c samym protestem jest zaskoczone, bo roboty drogowe na tej ulicy<\/p>\n","protected":false},"author":7,"featured_media":42817,"comment_status":"open","ping_status":"open","sticky":false,"template":"","format":"standard","meta":{"_monsterinsights_skip_tracking":false,"_monsterinsights_sitenote_active":false,"_monsterinsights_sitenote_note":"","_monsterinsights_sitenote_category":0,"_uf_show_specific_survey":0,"_uf_disable_surveys":false,"footnotes":""},"categories":[94,3,2],"tags":[],"class_list":["post-42810","post","type-post","status-publish","format-standard","has-post-thumbnail","hentry","category-polecane","category-czestochowa-informacje","category-wiadomosci"],"_links":{"self":[{"href":"https:\/\/gazetaregionalna.com\/index.php?rest_route=\/wp\/v2\/posts\/42810","targetHints":{"allow":["GET"]}}],"collection":[{"href":"https:\/\/gazetaregionalna.com\/index.php?rest_route=\/wp\/v2\/posts"}],"about":[{"href":"https:\/\/gazetaregionalna.com\/index.php?rest_route=\/wp\/v2\/types\/post"}],"author":[{"embeddable":true,"href":"https:\/\/gazetaregionalna.com\/index.php?rest_route=\/wp\/v2\/users\/7"}],"replies":[{"embeddable":true,"href":"https:\/\/gazetaregionalna.com\/index.php?rest_route=%2Fwp%2Fv2%2Fcomments&post=42810"}],"version-history":[{"count":5,"href":"https:\/\/gazetaregionalna.com\/index.php?rest_route=\/wp\/v2\/posts\/42810\/revisions"}],"predecessor-version":[{"id":42822,"href":"https:\/\/gazetaregionalna.com\/index.php?rest_route=\/wp\/v2\/posts\/42810\/revisions\/42822"}],"wp:featuredmedia":[{"embeddable":true,"href":"https:\/\/gazetaregionalna.com\/index.php?rest_route=\/wp\/v2\/media\/42817"}],"wp:attachment":[{"href":"https:\/\/gazetaregionalna.com\/index.php?rest_route=%2Fwp%2Fv2%2Fmedia&parent=42810"}],"wp:term":[{"taxonomy":"category","embeddable":true,"href":"https:\/\/gazetaregionalna.com\/index.php?rest_route=%2Fwp%2Fv2%2Fcategories&post=42810"},{"taxonomy":"post_tag","embeddable":true,"href":"https:\/\/gazetaregionalna.com\/index.php?rest_route=%2Fwp%2Fv2%2Ftags&post=42810"}],"curies":[{"name":"wp","href":"https:\/\/api.w.org\/{rel}","templated":true}]}}