{"id":42803,"date":"2021-05-26T09:14:52","date_gmt":"2021-05-26T09:14:52","guid":{"rendered":"https:\/\/gazetaregionalna.com\/?p=42803"},"modified":"2021-05-26T10:48:16","modified_gmt":"2021-05-26T10:48:16","slug":"porzadki","status":"publish","type":"post","link":"https:\/\/gazetaregionalna.com\/?p=42803","title":{"rendered":"Wiosenne Porz\u0105dki na Warcie! \u2013 czyli kolejna akcja sprz\u0105tania brzegu Warty"},"content":{"rendered":"\n<h2 class=\"wp-block-heading\">Gmina Mst\u00f3w, Cz\u0119stochowski Alarm Smogowy oraz Jura Kajaki zapraszaj\u0105 na wsp\u00f3lne sprz\u0105tanie brzegu Warty w akcji <strong>\u201eWiosenne Porz\u0105dki na Warcie!\u201d<\/strong>.<\/h2>\n\n\n\n<figure class=\"wp-block-image size-large\"><img decoding=\"async\" width=\"960\" height=\"720\" data-src=\"https:\/\/gazetaregionalna.com\/wp-content\/uploads\/2021\/05\/Jura-Kajaki-1.jpg\" alt=\"Jura Kajaki 1\" class=\"wp-image-42804 lazyload\" data-srcset=\"https:\/\/gazetaregionalna.com\/wp-content\/uploads\/2021\/05\/Jura-Kajaki-1.jpg 960w, https:\/\/gazetaregionalna.com\/wp-content\/uploads\/2021\/05\/Jura-Kajaki-1-300x225.jpg 300w, https:\/\/gazetaregionalna.com\/wp-content\/uploads\/2021\/05\/Jura-Kajaki-1-768x576.jpg 768w, https:\/\/gazetaregionalna.com\/wp-content\/uploads\/2021\/05\/Jura-Kajaki-1-696x522.jpg 696w, https:\/\/gazetaregionalna.com\/wp-content\/uploads\/2021\/05\/Jura-Kajaki-1-560x420.jpg 560w, https:\/\/gazetaregionalna.com\/wp-content\/uploads\/2021\/05\/Jura-Kajaki-1-80x60.jpg 80w, https:\/\/gazetaregionalna.com\/wp-content\/uploads\/2021\/05\/Jura-Kajaki-1-265x198.jpg 265w\" data-sizes=\"(max-width: 960px) 100vw, 960px\" src=\"data:image\/svg+xml;base64,PHN2ZyB3aWR0aD0iMSIgaGVpZ2h0PSIxIiB4bWxucz0iaHR0cDovL3d3dy53My5vcmcvMjAwMC9zdmciPjwvc3ZnPg==\" style=\"--smush-placeholder-width: 960px; --smush-placeholder-aspect-ratio: 960\/720;\" \/><figcaption>Fot. Jura Kajaki<\/figcaption><\/figure>\n\n\n\n<p>Akcja <a href=\"https:\/\/www.facebook.com\/hashtag\/jurabezplastiku?__eep__=6&amp;__cft__%5b0%5d=AZWpNl2lRIsDZT6Sl_YobtmqLP1vw7AkTx70_DttZ_Wt-SXdXgvIiDxTjeYC4ARxDCF3K4TNV4lMlkDIil82FA-7Acwhbjhp_XvSg0DqBmwLc3WsOKHHeEpMsc_HfcYOJ5TNZYg1ctx0atSlrnVU0AlF&amp;__tn__=q\" target=\"_blank\" rel=\"noreferrer noopener\">#JurabezPlastiku<\/a>&nbsp;2021 po raz kolejny jednoczy ludzi, kt\u00f3rym nie jest oboj\u0119tne za\u015bmiecanie pi\u0119knej Jury Krakowsko-Cz\u0119stochowskiej. Ka\u017cdy \u015bmie\u0107 wp\u0142ywa niekorzystnie na ekosystem, dlatego tak wa\u017cne jest dbanie o porz\u0105dek w przyrodzie.<\/p>\n\n\n\n<p>28 maja 2021 roku odb\u0119dzie si\u0119 wsp\u00f3lny sp\u0142yw kajakami, kt\u00f3rego celem b\u0119dzie posprz\u0105tanie brzegu rzeki \u00a0Warty. Zbi\u00f3rka planowana jest na <strong>godzin\u0119 15:00<\/strong> w <strong>Jaskrowie<\/strong> (Pla\u017ca Jaskr\u00f3w &#8211; <a rel=\"noreferrer noopener\" class=\"rank-math-link\" href=\"https:\/\/goo.gl\/maps\/mSJ4T6CCgviSYsUv6?fbclid=IwAR1_QWxeo9CE-m2HCpvdQiNFfFy3KYGgmVQ80ktFQiNnTc0fJ_pbjG-BOqc\" target=\"_blank\">https:\/\/goo.gl\/maps\/mSJ4T6CCgviSYsUv6<\/a>).<\/p>\n\n\n\n<p>Sprz\u0105tanie \u015bmieci odb\u0119dzie si\u0119 na odcinku 9 kilometr\u00f3w. Akcja zako\u0144czy si\u0119 w <strong><a href=\"https:\/\/www.facebook.com\/jurakajaki\" class=\"rank-math-link\" target=\"_blank\" rel=\"noopener\">Przystani Jura Kajaki<\/a><\/strong> ul. K\u0142obukowice 15, gmina Mst\u00f3w, gdzie na uczestnik\u00f3w b\u0119dzie czeka\u0107 ognisko z kie\u0142baskami.<\/p>\n\n\n\n<figure class=\"wp-block-image size-large\"><img decoding=\"async\" width=\"1024\" height=\"475\" data-src=\"https:\/\/gazetaregionalna.com\/wp-content\/uploads\/2021\/05\/mapa-splywu-1024x475.png\" alt=\"mapa sp\u0142ywu\" class=\"wp-image-42805 lazyload\" data-srcset=\"https:\/\/gazetaregionalna.com\/wp-content\/uploads\/2021\/05\/mapa-splywu-1024x475.png 1024w, https:\/\/gazetaregionalna.com\/wp-content\/uploads\/2021\/05\/mapa-splywu-300x139.png 300w, https:\/\/gazetaregionalna.com\/wp-content\/uploads\/2021\/05\/mapa-splywu-768x356.png 768w, https:\/\/gazetaregionalna.com\/wp-content\/uploads\/2021\/05\/mapa-splywu-696x323.png 696w, https:\/\/gazetaregionalna.com\/wp-content\/uploads\/2021\/05\/mapa-splywu-1068x496.png 1068w, https:\/\/gazetaregionalna.com\/wp-content\/uploads\/2021\/05\/mapa-splywu-905x420.png 905w, https:\/\/gazetaregionalna.com\/wp-content\/uploads\/2021\/05\/mapa-splywu.png 1224w\" data-sizes=\"(max-width: 1024px) 100vw, 1024px\" src=\"data:image\/svg+xml;base64,PHN2ZyB3aWR0aD0iMSIgaGVpZ2h0PSIxIiB4bWxucz0iaHR0cDovL3d3dy53My5vcmcvMjAwMC9zdmciPjwvc3ZnPg==\" style=\"--smush-placeholder-width: 1024px; --smush-placeholder-aspect-ratio: 1024\/475;\" \/><figcaption>Fot. Mapa Google<\/figcaption><\/figure>\n\n\n\n<p>Wszyscy mi\u0142o\u015bnicy kajak\u00f3w i przyrody, kt\u00f3rzy chc\u0105 pom\u00f3c w tym szczytnym celu, proszeni s\u0105 o wcze\u015bniejsz\u0105 rezerwacj\u0119 pod numerem telefonu: 501-177-372. Pod tym samym numerem dost\u0119pne b\u0119d\u0105 tak\u017ce wszelkie informacje zwi\u0105zane z akcj\u0105.<\/p>\n\n\n\n<p>Dodatkowo wsp\u00f3\u0142organizatorami akcji <strong>\u201eWiosenne Porz\u0105dki na Warcie!\u201d <\/strong>s\u0105:<\/p>\n\n\n\n<ul class=\"wp-block-list\"><li>Fundacja Rething Cz\u0119stochowa;<\/li><li>Grupa Elanex;<\/li><li>SARP Cz\u0119stochowa.<\/li><\/ul>\n","protected":false},"excerpt":{"rendered":"<p>Gmina Mst\u00f3w, Cz\u0119stochowski Alarm Smogowy oraz Jura Kajaki zapraszaj\u0105 na wsp\u00f3lne sprz\u0105tanie brzegu Warty w akcji \u201eWiosenne Porz\u0105dki na Warcie!\u201d. Akcja #JurabezPlastiku&nbsp;2021 po raz<\/p>\n","protected":false},"author":12,"featured_media":42806,"comment_status":"open","ping_status":"open","sticky":false,"template":"","format":"standard","meta":{"_monsterinsights_skip_tracking":false,"_monsterinsights_sitenote_active":false,"_monsterinsights_sitenote_note":"","_monsterinsights_sitenote_category":0,"_uf_show_specific_survey":0,"_uf_disable_surveys":false,"footnotes":""},"categories":[29,3,94,4,13],"tags":[2027,2028],"class_list":["post-42803","post","type-post","status-publish","format-standard","has-post-thumbnail","hentry","category-ekologia","category-czestochowa-informacje","category-polecane","category-region","category-wydarzenia","tag-jurabezplastiku-2021","tag-wiosenne-porzadki-na-warcie"],"_links":{"self":[{"href":"https:\/\/gazetaregionalna.com\/index.php?rest_route=\/wp\/v2\/posts\/42803","targetHints":{"allow":["GET"]}}],"collection":[{"href":"https:\/\/gazetaregionalna.com\/index.php?rest_route=\/wp\/v2\/posts"}],"about":[{"href":"https:\/\/gazetaregionalna.com\/index.php?rest_route=\/wp\/v2\/types\/post"}],"author":[{"embeddable":true,"href":"https:\/\/gazetaregionalna.com\/index.php?rest_route=\/wp\/v2\/users\/12"}],"replies":[{"embeddable":true,"href":"https:\/\/gazetaregionalna.com\/index.php?rest_route=%2Fwp%2Fv2%2Fcomments&post=42803"}],"version-history":[{"count":2,"href":"https:\/\/gazetaregionalna.com\/index.php?rest_route=\/wp\/v2\/posts\/42803\/revisions"}],"predecessor-version":[{"id":42824,"href":"https:\/\/gazetaregionalna.com\/index.php?rest_route=\/wp\/v2\/posts\/42803\/revisions\/42824"}],"wp:featuredmedia":[{"embeddable":true,"href":"https:\/\/gazetaregionalna.com\/index.php?rest_route=\/wp\/v2\/media\/42806"}],"wp:attachment":[{"href":"https:\/\/gazetaregionalna.com\/index.php?rest_route=%2Fwp%2Fv2%2Fmedia&parent=42803"}],"wp:term":[{"taxonomy":"category","embeddable":true,"href":"https:\/\/gazetaregionalna.com\/index.php?rest_route=%2Fwp%2Fv2%2Fcategories&post=42803"},{"taxonomy":"post_tag","embeddable":true,"href":"https:\/\/gazetaregionalna.com\/index.php?rest_route=%2Fwp%2Fv2%2Ftags&post=42803"}],"curies":[{"name":"wp","href":"https:\/\/api.w.org\/{rel}","templated":true}]}}