{"id":42798,"date":"2021-05-26T07:58:47","date_gmt":"2021-05-26T07:58:47","guid":{"rendered":"https:\/\/gazetaregionalna.com\/?p=42798"},"modified":"2021-05-26T07:58:48","modified_gmt":"2021-05-26T07:58:48","slug":"jutro-zadzwon-do-zus-u-mozesz-sie-dowiedziec-wszystkiego-o-swiadczeniach-rehabilitacyjnych","status":"publish","type":"post","link":"https:\/\/gazetaregionalna.com\/?p=42798","title":{"rendered":"Jutro zadzwo\u0144 do ZUS-u, mo\u017cesz si\u0119 dowiedzie\u0107 wszystkiego o \u015bwiadczeniach rehabilitacyjnych"},"content":{"rendered":"\n<h2 class=\"wp-block-heading\">W czwartek, 27 maja, od godz. 10 do 12 Oddzia\u0142 ZUS w Cz\u0119stochowie organizuje dy\u017cur telefoniczny na temat \u015bwiadczenia rehabilitacyjnego. W trakcie dy\u017curu mo\u017cna si\u0119 dowiedzie\u0107 m.in. na jakich zasadach mo\u017cna z niego skorzysta\u0107, ile wynosi, na jaki okres jest przyznawane oraz kiedy, pomimo choroby, go nie otrzymamy.<\/h2>\n\n\n\n<p><br><br>Na pytania b\u0119dzie odpowiada\u0142 ekspert lublinieckiego inspektoratu ZUS pod nr tel.\u00a0<strong>34 353 08 15<\/strong>.<br><br>Wci\u0105\u017c wiele os\u00f3b jest pe\u0142na niepokoju, gdy okres zasi\u0142ku chorobowego jest na wyczerpaniu, a choroba nie ust\u0119puje. W takiej sytuacji mo\u017cna stara\u0107 si\u0119 o \u015bwiadczenie rehabilitacyjne. Przys\u0142uguje ono osobie, kt\u00f3ra po wyczerpaniu zasi\u0142ku chorobowego nadal jest chora, ale dalsze leczenie lub rehabilitacja daj\u0105 jej szanse na odzyskanie zdolno\u015bci do pracy. W tym wypadku nie wystarczy zwolnienie od swojego lekarza.<br><br>&#8211; Jakie dokumenty powinni\u015bmy przedstawi\u0107 do ZUS, by otrzyma\u0107 \u015bwiadczenie, czy ka\u017cdy chory mo\u017ce liczy\u0107 na jego wyp\u0142at\u0119 i co mo\u017cemy zrobi\u0107, je\u015bli nie zgadzamy si\u0119 z orzeczeniem lekarza orzecznika &#8211; to tylko cz\u0119\u015b\u0107 zagadnie\u0144, kt\u00f3re mo\u017cna poruszy\u0107 z ekspertem ZUS. Serdecznie zapraszamy do kontaktu telefonicznego w najbli\u017cszy czwartek w godz. od 10.00 do 12.00\u00a0&#8211; zach\u0119ca Beata Kopczy\u0144ska, regionalny rzecznik prasowy ZUS wojew\u00f3dztwa \u015bl\u0105skiego.<\/p>\n\n\n\n<p>(zdj\u0119cie ilustracyjne pixabay.com)<\/p>\n","protected":false},"excerpt":{"rendered":"<p>W czwartek, 27 maja, od godz. 10 do 12 Oddzia\u0142 ZUS w Cz\u0119stochowie organizuje dy\u017cur telefoniczny na temat \u015bwiadczenia rehabilitacyjnego. W trakcie dy\u017curu mo\u017cna<\/p>\n","protected":false},"author":7,"featured_media":42801,"comment_status":"open","ping_status":"open","sticky":false,"template":"","format":"standard","meta":{"_monsterinsights_skip_tracking":false,"_monsterinsights_sitenote_active":false,"_monsterinsights_sitenote_note":"","_monsterinsights_sitenote_category":0,"_uf_show_specific_survey":0,"_uf_disable_surveys":false,"footnotes":""},"categories":[2],"tags":[],"class_list":["post-42798","post","type-post","status-publish","format-standard","has-post-thumbnail","hentry","category-wiadomosci"],"_links":{"self":[{"href":"https:\/\/gazetaregionalna.com\/index.php?rest_route=\/wp\/v2\/posts\/42798","targetHints":{"allow":["GET"]}}],"collection":[{"href":"https:\/\/gazetaregionalna.com\/index.php?rest_route=\/wp\/v2\/posts"}],"about":[{"href":"https:\/\/gazetaregionalna.com\/index.php?rest_route=\/wp\/v2\/types\/post"}],"author":[{"embeddable":true,"href":"https:\/\/gazetaregionalna.com\/index.php?rest_route=\/wp\/v2\/users\/7"}],"replies":[{"embeddable":true,"href":"https:\/\/gazetaregionalna.com\/index.php?rest_route=%2Fwp%2Fv2%2Fcomments&post=42798"}],"version-history":[{"count":3,"href":"https:\/\/gazetaregionalna.com\/index.php?rest_route=\/wp\/v2\/posts\/42798\/revisions"}],"predecessor-version":[{"id":42802,"href":"https:\/\/gazetaregionalna.com\/index.php?rest_route=\/wp\/v2\/posts\/42798\/revisions\/42802"}],"wp:featuredmedia":[{"embeddable":true,"href":"https:\/\/gazetaregionalna.com\/index.php?rest_route=\/wp\/v2\/media\/42801"}],"wp:attachment":[{"href":"https:\/\/gazetaregionalna.com\/index.php?rest_route=%2Fwp%2Fv2%2Fmedia&parent=42798"}],"wp:term":[{"taxonomy":"category","embeddable":true,"href":"https:\/\/gazetaregionalna.com\/index.php?rest_route=%2Fwp%2Fv2%2Fcategories&post=42798"},{"taxonomy":"post_tag","embeddable":true,"href":"https:\/\/gazetaregionalna.com\/index.php?rest_route=%2Fwp%2Fv2%2Ftags&post=42798"}],"curies":[{"name":"wp","href":"https:\/\/api.w.org\/{rel}","templated":true}]}}