{"id":4264,"date":"2019-07-09T09:24:32","date_gmt":"2019-07-09T09:24:32","guid":{"rendered":"https:\/\/gazetaregionalna.com\/?p=4264"},"modified":"2019-07-09T09:24:35","modified_gmt":"2019-07-09T09:24:35","slug":"lubliniec-wakacje-w-kinie-dlaczego-nie-program","status":"publish","type":"post","link":"https:\/\/gazetaregionalna.com\/?p=4264","title":{"rendered":"Lubliniec. Wakacje w kinie? Dlaczego nie! [PROGRAM]"},"content":{"rendered":"\n<p><strong>Co robi\u0107, kiedy na dworze m\u0119cz\u0105ce\nupa\u0142y? Co robi\u0107, kiedy za oknem pada deszcz? Co robi\u0107, kiedy\u2026\nnie wiadomo co robi\u0107? Odpowied\u017a jest prosta \u2013 trzeba wybra\u0107 si\u0119\ndo Kina \u201eKarolinka\u201d w Lubli\u0144cu! W lipcowym repertuarze ka\u017cdy\nznajdzie co\u015b dla siebie. <\/strong>\n<\/p>\n\n\n\n<p>Najnowsze filmy animowane, thrillery,\nscience-fiction \u2013 w lipcu Kino \u201eKarolinka\u201d zachwyci niejednego\nwidza r\u00f3\u017cnorodnym repertuarem. Co b\u0119dzie mo\u017cna zobaczy\u0107 na du\u017cym\nekranie? \n<\/p>\n\n\n\n<p>\u201e<strong>Pokemon: Detektyw\nPikachu\u201d<br><\/strong>Wydawa\u0107 by si\u0119 mog\u0142o, \u017ce moda na Pokemony\nprzemin\u0119\u0142a. Tymczasem ciesz\u0105 si\u0119 one ci\u0105g\u0142a popularno\u015bci\u0105.\nNajpierw \u015bwiat podbi\u0142a aplikacja do \u201e\u0142apania\u201d stwork\u00f3w, teraz\n\u2013 Pokemony wracaj\u0105 w pe\u0142nometra\u017cowym filmie! Pikachu \u2013\nnajbardziej charakterystyczna posta\u0107 \u2013 staje si\u0119 powa\u017cnym\ndetektywem. Kiedy w niewyja\u015bnionych okoliczno\u015bciach znika jego\nwsp\u00f3\u0142pracownik \u2013 rozpoczyna poszukiwania. Czy Pikachu znajdzie\nswojego policyjnego partnera? <strong>Film \u201ePokemon: Detektyw Pikachu\u201d\nb\u0119dzie grany w Kinie \u201eKarolinka\u201d od 6 do 11 lipca.<\/strong><\/p>\n\n\n\n<p>\u201e<strong>Rocketman\u201d<br><\/strong>Elton John.\nKto nie zna tego artysty? Piosenka z bajki \u201eKr\u00f3l Lew\u201d, czy\ntaneczne \u201eI\u2019m still standing\u201d \u2013 to swego rodzaju wizyt\u00f3wki\npiosenkarza i kompozytora. Tak samo jak kolorowe i do\u015b\u0107 oryginalne\nstroje. \u201eRocketman\u201d to filmowa biografia Eltona Johna,\nodkrywaj\u0105ca przed widzami drog\u0119 jego kariery  &#8211; od pierwszych\nkrok\u00f3w w Royal Academy of Music. Czy film biograficzny mo\u017ce by\u0107\nciekawy? Niech przekona Was sam Elton John: \u201enie chc\u0119 \u017ceby ten\nfilm by\u0142 zwyk\u0142\u0105 biografi\u0105, bo przecie\u017c moje \u017cycie takie nie\njest!\u201d <strong>Film \u201eRocketman\u201d w Kinie \u201eKarolinka\u201d od 6 do 11\nlipca.<\/strong> \n<\/p>\n\n\n\n<p>\u201e<strong>Sekretne \u017cycie zwierzak\u00f3w\ndomowych 2\u201d<br><\/strong>Co robi\u0105 zwierzaki, kiedy nikt nie patrzy?\nDruga cz\u0119\u015b\u0107 animowanej komedii ods\u0142oni kolejny r\u0105bek tego\ntajemniczego \u017cycia. Widzowie znowu dowiedz\u0105  si\u0119 co nieco o\nsekretnym \u017cyciu Maxa i Duka \u2013 g\u0142\u00f3wnych bohater\u00f3w, ale nie\ntylko!  Wyprawa w sielskie okolice pozwoli pozna\u0107 kulisy \u017cycia\u2026\nkr\u00f3w, lis\u00f3w, indyka i innych zwierzak\u00f3w domowych. <strong>\u201eSekretne\n\u017cycie zwierzak\u00f3w domowych 2\u201d od 12 do 25 lipca w Kinie\n\u201eKarolinka\u201d!<\/strong><\/p>\n\n\n\n<p>\u201e<strong>X-men: Mroczna Phoenix\u201d<br><\/strong>Nie\nlada gratka dla fan\u00f3w Marvela. Na du\u017cym ekranie pojawia si\u0119\nkolejna cz\u0119\u015b\u0107 przyg\u00f3d dru\u017cyny X-Men. Do  gry wraca Jean Grey,\njedna z pierwszych cz\u0142onki\u0144 zespo\u0142u. Z pe\u0142nym potencja\u0142em mocy\nprzemienia si\u0119 w swoje alter ego \u2013 Mroczn\u0105 Phoenix. Zaczyna\nzagra\u017ca\u0107 dru\u017cynie. Czy X-Men powstrzymaj\u0105 jednocze\u015bnie kosmiczn\u0105\ninwazj\u0119 i zagro\u017cenie ze strony Phoenix? <strong>\u201eX-Men: Mroczna\nPhoenix\u201d w lublinieckim kinie od 12 do 15 lipca<\/strong>. \n<\/p>\n\n\n\n<p>\u201e<strong>Krew Boga\u201d<\/strong><br>Na ostatniej\npoga\u0144skiej wyspie pojawia si\u0119 rycerz Wollibrord (w tej roli:\nKrzysztof Pieczy\u0144ski). Walki i trudno\u015bci prze\u017cy\u0142 tylko dzi\u0119ki\npomocy Bezimiennego. Pomimo r\u00f3\u017cnic \u2013 zostaj\u0105 dla siebie\ntowarzyszami podr\u00f3\u017cy, kt\u00f3rej celem jest chrystianizacja, a tym\nsamym \u2013 ochrona przed zbli\u017caj\u0105c\u0105 si\u0119 zag\u0142ad\u0105. Kogo jeszcze na\nswojej drodze spotkaj\u0105 \u015bredniowieczni w\u0119drowcy? <strong>Odpowied\u017a na\nto pytanie w Kinie \u201eKarolinka\u201d, od 16 do 18 lipca.<\/strong> \n<\/p>\n\n\n\n<p>\u201e<strong>Paskudy. Uglydolls\u201d<\/strong><\/p>\n\n\n\n<p>Czy w \u015bwiecie zabaw i figli jest\nmiejsce tylko dla nieskazitelnych, idealnych zabawek? Moxy i jej\ntowarzysze to\u2026 paskudy. Nie rozumiej\u0105 dlaczego dzieci nie\nwybieraj\u0105 ich na towarzyszy swoich zabaw. Postanawiaj\u0105 si\u0119 wi\u0119c\ntego dowiedzie\u0107. Oczywi\u015bcie \u2013 nie ob\u0119dzie si\u0119 bez przyg\u00f3d!\nBajka o \u201epaskudach\u201d pokazuje, \u017ce nie trzeba by\u0107 idealnym, by\nby\u0107 warto\u015bciowym, a r\u00f3\u017cnice \u2013 to co\u015b co czyni nas\nniepowtarzalnymi. Ma\u0142ych i du\u017cych kinoman\u00f3w zapraszamy do kina od\n19 do 25 lipca. \n<\/p>\n\n\n\n<p>\u201e<strong>Men In Black: International\u201d<\/strong><\/p>\n\n\n\n<p>Faceci w czerni to\u2026 ju\u017c nie tylko\nfaceci. Do zespo\u0142u MIB do\u0142\u0105cza Molly. Razem z Agentem H musi\npowstrzyma\u0107 najwi\u0119ksze zagro\u017cenie w historii organizacji  \u2013\nwewn\u0119trzn\u0105 wtyczk\u0119. Na ekranie zobaczymy gwiazdy kina: Chrisa\nHemswortha, Tess\u0119 Thompson, Liama Neesona, Emm\u0119 Thompson. W Kinie\n\u201eKarolinka\u201d \u201eMen In Black: International\u201d od 19 do 22 lipca. \n<\/p>\n\n\n\n<p>\u201e<strong>Polaroid\u201d<br><\/strong>Czy zwyk\u0142e\nzdj\u0119cie zrobione legendarnym Polaroidem mo\u017ce sprowadzi\u0107\u2026\n\u015bmiertelne niebezpiecze\u0144stwo?  Bird kupuje w antykwariacie stary\naparat. Osoby, kt\u00f3re zosta\u0142y uwiecznione na kliszy aparatu wkr\u00f3tce\nzaczynaj\u0105 gin\u0105\u0107 w niewyja\u015bnionych okoliczno\u015bciach. Mro\u017c\u0105cy\nkrew w \u017cy\u0142ach film, dla tych co lubi\u0105 si\u0119 ba\u0107. W lublinieckim\nkinie \u201ePolaroid\u201d b\u0119dzie grany od 23 do 25 lipca. \n<\/p>\n\n\n\n<p>\u201e<strong>Aladyn\u201d<br><\/strong>Disney si\u0119ga do\nswojej klasycznej animacji i przedstawia j\u0105 w zupe\u0142nie nowej\nformie. Przygody Aladyna i najs\u0142ynniejszego D\u017cina w re\u017cyserii Guya\nRitchiego. Film \u201eAladyn\u201d to dwie godziny dobrej zabawy,\nniesamowitych przyg\u00f3d i dynamicznej akcji. Co wydarzy si\u0119 na\nulicach portowego miasteczka Agrabah? \u201eAladyn\u201d w Kinie\n\u201eKarolinka\u201d od 26 lipca do 1 sierpnia. \n<\/p>\n\n\n\n<p>Bilety mo\u017cna kupi\u0107 przed seansem w\nkasie kina lub za po\u015brednictwem strony: <a href=\"http:\/\/www.bilety.mdk.lubliniec.pl\" target=\"_blank\" rel=\"noopener\">www.bilety.mdk.lubliniec.pl<\/a>.\nRepertuar dost\u0119pny jest na stronie <a href=\"http:\/\/www.mdk.lubliniec.pl\/kino\" target=\"_blank\" rel=\"noopener\">www.mdk.lubliniec.pl\/kino<\/a>.\n<\/p>\n","protected":false},"excerpt":{"rendered":"<p>Co robi\u0107, kiedy na dworze m\u0119cz\u0105ce upa\u0142y? Co robi\u0107, kiedy za oknem pada deszcz? Co robi\u0107, kiedy\u2026 nie wiadomo co robi\u0107? Odpowied\u017a jest prosta<\/p>\n","protected":false},"author":3,"featured_media":4265,"comment_status":"open","ping_status":"open","sticky":false,"template":"","format":"standard","meta":{"_monsterinsights_skip_tracking":false,"_monsterinsights_sitenote_active":false,"_monsterinsights_sitenote_note":"","_monsterinsights_sitenote_category":0,"_uf_show_specific_survey":0,"_uf_disable_surveys":false,"footnotes":""},"categories":[15,12,25,14,2,13],"tags":[],"class_list":["post-4264","post","type-post","status-publish","format-standard","has-post-thumbnail","hentry","category-dla-dzieci","category-kultura-i-rozrywka","category-lubliniec","category-repertuary","category-wiadomosci","category-wydarzenia"],"_links":{"self":[{"href":"https:\/\/gazetaregionalna.com\/index.php?rest_route=\/wp\/v2\/posts\/4264","targetHints":{"allow":["GET"]}}],"collection":[{"href":"https:\/\/gazetaregionalna.com\/index.php?rest_route=\/wp\/v2\/posts"}],"about":[{"href":"https:\/\/gazetaregionalna.com\/index.php?rest_route=\/wp\/v2\/types\/post"}],"author":[{"embeddable":true,"href":"https:\/\/gazetaregionalna.com\/index.php?rest_route=\/wp\/v2\/users\/3"}],"replies":[{"embeddable":true,"href":"https:\/\/gazetaregionalna.com\/index.php?rest_route=%2Fwp%2Fv2%2Fcomments&post=4264"}],"version-history":[{"count":1,"href":"https:\/\/gazetaregionalna.com\/index.php?rest_route=\/wp\/v2\/posts\/4264\/revisions"}],"predecessor-version":[{"id":4268,"href":"https:\/\/gazetaregionalna.com\/index.php?rest_route=\/wp\/v2\/posts\/4264\/revisions\/4268"}],"wp:featuredmedia":[{"embeddable":true,"href":"https:\/\/gazetaregionalna.com\/index.php?rest_route=\/wp\/v2\/media\/4265"}],"wp:attachment":[{"href":"https:\/\/gazetaregionalna.com\/index.php?rest_route=%2Fwp%2Fv2%2Fmedia&parent=4264"}],"wp:term":[{"taxonomy":"category","embeddable":true,"href":"https:\/\/gazetaregionalna.com\/index.php?rest_route=%2Fwp%2Fv2%2Fcategories&post=4264"},{"taxonomy":"post_tag","embeddable":true,"href":"https:\/\/gazetaregionalna.com\/index.php?rest_route=%2Fwp%2Fv2%2Ftags&post=4264"}],"curies":[{"name":"wp","href":"https:\/\/api.w.org\/{rel}","templated":true}]}}