{"id":42631,"date":"2021-05-24T03:39:03","date_gmt":"2021-05-24T03:39:03","guid":{"rendered":"https:\/\/gazetaregionalna.com\/?p=42631"},"modified":"2021-05-24T03:39:10","modified_gmt":"2021-05-24T03:39:10","slug":"w-zarkach-szykuja-basen-na-lato","status":"publish","type":"post","link":"https:\/\/gazetaregionalna.com\/?p=42631","title":{"rendered":"W \u017barkach szykuj\u0105 basen na lato"},"content":{"rendered":"\n<h2 class=\"wp-block-heading\">Trwaj\u0105 pracy przy czyszczeniu basenu i terenu wok\u00f3\u0142 zmodernizowanego k\u0105pieliska w \u017barkach. Pracuje, kto mo\u017ce, aby letnia p\u0142ywalnia by\u0142a na czas gotowa.<\/h2>\n\n\n\n<figure class=\"wp-block-gallery columns-2 is-cropped wp-block-gallery-1 is-layout-flex wp-block-gallery-is-layout-flex\"><ul class=\"blocks-gallery-grid\"><li class=\"blocks-gallery-item\"><figure><a href=\"https:\/\/gazetaregionalna.com\/wp-content\/uploads\/2021\/05\/basen_01_01-Copy.jpg\"><img decoding=\"async\" width=\"1024\" height=\"633\" data-src=\"https:\/\/gazetaregionalna.com\/wp-content\/uploads\/2021\/05\/basen_01_01-Copy.jpg\" alt=\"\" data-id=\"42636\" data-full-url=\"https:\/\/gazetaregionalna.com\/wp-content\/uploads\/2021\/05\/basen_01_01-Copy.jpg\" data-link=\"https:\/\/gazetaregionalna.com\/?attachment_id=42636\" class=\"wp-image-42636 lazyload\" data-srcset=\"https:\/\/gazetaregionalna.com\/wp-content\/uploads\/2021\/05\/basen_01_01-Copy.jpg 1024w, https:\/\/gazetaregionalna.com\/wp-content\/uploads\/2021\/05\/basen_01_01-Copy-300x185.jpg 300w, https:\/\/gazetaregionalna.com\/wp-content\/uploads\/2021\/05\/basen_01_01-Copy-768x475.jpg 768w, https:\/\/gazetaregionalna.com\/wp-content\/uploads\/2021\/05\/basen_01_01-Copy-696x430.jpg 696w, https:\/\/gazetaregionalna.com\/wp-content\/uploads\/2021\/05\/basen_01_01-Copy-679x420.jpg 679w, https:\/\/gazetaregionalna.com\/wp-content\/uploads\/2021\/05\/basen_01_01-Copy-356x220.jpg 356w\" data-sizes=\"(max-width: 1024px) 100vw, 1024px\" src=\"data:image\/svg+xml;base64,PHN2ZyB3aWR0aD0iMSIgaGVpZ2h0PSIxIiB4bWxucz0iaHR0cDovL3d3dy53My5vcmcvMjAwMC9zdmciPjwvc3ZnPg==\" style=\"--smush-placeholder-width: 1024px; --smush-placeholder-aspect-ratio: 1024\/633;\" \/><\/a><\/figure><\/li><li class=\"blocks-gallery-item\"><figure><a href=\"https:\/\/gazetaregionalna.com\/wp-content\/uploads\/2021\/05\/basen_03-Copy.jpg\"><img decoding=\"async\" width=\"1024\" height=\"683\" data-src=\"https:\/\/gazetaregionalna.com\/wp-content\/uploads\/2021\/05\/basen_03-Copy.jpg\" alt=\"\" data-id=\"42637\" data-full-url=\"https:\/\/gazetaregionalna.com\/wp-content\/uploads\/2021\/05\/basen_03-Copy.jpg\" data-link=\"https:\/\/gazetaregionalna.com\/?attachment_id=42637\" class=\"wp-image-42637 lazyload\" data-srcset=\"https:\/\/gazetaregionalna.com\/wp-content\/uploads\/2021\/05\/basen_03-Copy.jpg 1024w, https:\/\/gazetaregionalna.com\/wp-content\/uploads\/2021\/05\/basen_03-Copy-300x200.jpg 300w, https:\/\/gazetaregionalna.com\/wp-content\/uploads\/2021\/05\/basen_03-Copy-768x512.jpg 768w, https:\/\/gazetaregionalna.com\/wp-content\/uploads\/2021\/05\/basen_03-Copy-696x464.jpg 696w, https:\/\/gazetaregionalna.com\/wp-content\/uploads\/2021\/05\/basen_03-Copy-630x420.jpg 630w\" data-sizes=\"(max-width: 1024px) 100vw, 1024px\" src=\"data:image\/svg+xml;base64,PHN2ZyB3aWR0aD0iMSIgaGVpZ2h0PSIxIiB4bWxucz0iaHR0cDovL3d3dy53My5vcmcvMjAwMC9zdmciPjwvc3ZnPg==\" style=\"--smush-placeholder-width: 1024px; --smush-placeholder-aspect-ratio: 1024\/683;\" \/><\/a><\/figure><\/li><li class=\"blocks-gallery-item\"><figure><a href=\"https:\/\/gazetaregionalna.com\/wp-content\/uploads\/2021\/05\/basen_05-Copy.jpg\"><img decoding=\"async\" width=\"1024\" height=\"683\" data-src=\"https:\/\/gazetaregionalna.com\/wp-content\/uploads\/2021\/05\/basen_05-Copy.jpg\" alt=\"\" data-id=\"42638\" data-full-url=\"https:\/\/gazetaregionalna.com\/wp-content\/uploads\/2021\/05\/basen_05-Copy.jpg\" data-link=\"https:\/\/gazetaregionalna.com\/?attachment_id=42638\" class=\"wp-image-42638 lazyload\" data-srcset=\"https:\/\/gazetaregionalna.com\/wp-content\/uploads\/2021\/05\/basen_05-Copy.jpg 1024w, https:\/\/gazetaregionalna.com\/wp-content\/uploads\/2021\/05\/basen_05-Copy-300x200.jpg 300w, https:\/\/gazetaregionalna.com\/wp-content\/uploads\/2021\/05\/basen_05-Copy-768x512.jpg 768w, https:\/\/gazetaregionalna.com\/wp-content\/uploads\/2021\/05\/basen_05-Copy-696x464.jpg 696w, https:\/\/gazetaregionalna.com\/wp-content\/uploads\/2021\/05\/basen_05-Copy-630x420.jpg 630w\" data-sizes=\"(max-width: 1024px) 100vw, 1024px\" src=\"data:image\/svg+xml;base64,PHN2ZyB3aWR0aD0iMSIgaGVpZ2h0PSIxIiB4bWxucz0iaHR0cDovL3d3dy53My5vcmcvMjAwMC9zdmciPjwvc3ZnPg==\" style=\"--smush-placeholder-width: 1024px; --smush-placeholder-aspect-ratio: 1024\/683;\" \/><\/a><\/figure><\/li><li class=\"blocks-gallery-item\"><figure><a href=\"https:\/\/gazetaregionalna.com\/wp-content\/uploads\/2021\/05\/basen_06-Copy.jpg\"><img decoding=\"async\" width=\"1024\" height=\"683\" data-src=\"https:\/\/gazetaregionalna.com\/wp-content\/uploads\/2021\/05\/basen_06-Copy.jpg\" alt=\"\" data-id=\"42639\" data-full-url=\"https:\/\/gazetaregionalna.com\/wp-content\/uploads\/2021\/05\/basen_06-Copy.jpg\" data-link=\"https:\/\/gazetaregionalna.com\/?attachment_id=42639\" class=\"wp-image-42639 lazyload\" data-srcset=\"https:\/\/gazetaregionalna.com\/wp-content\/uploads\/2021\/05\/basen_06-Copy.jpg 1024w, https:\/\/gazetaregionalna.com\/wp-content\/uploads\/2021\/05\/basen_06-Copy-300x200.jpg 300w, https:\/\/gazetaregionalna.com\/wp-content\/uploads\/2021\/05\/basen_06-Copy-768x512.jpg 768w, https:\/\/gazetaregionalna.com\/wp-content\/uploads\/2021\/05\/basen_06-Copy-696x464.jpg 696w, https:\/\/gazetaregionalna.com\/wp-content\/uploads\/2021\/05\/basen_06-Copy-630x420.jpg 630w\" data-sizes=\"(max-width: 1024px) 100vw, 1024px\" src=\"data:image\/svg+xml;base64,PHN2ZyB3aWR0aD0iMSIgaGVpZ2h0PSIxIiB4bWxucz0iaHR0cDovL3d3dy53My5vcmcvMjAwMC9zdmciPjwvc3ZnPg==\" style=\"--smush-placeholder-width: 1024px; --smush-placeholder-aspect-ratio: 1024\/683;\" \/><\/a><\/figure><\/li><li class=\"blocks-gallery-item\"><figure><a href=\"https:\/\/gazetaregionalna.com\/wp-content\/uploads\/2021\/05\/basen_08-Copy.jpg\"><img decoding=\"async\" width=\"1024\" height=\"683\" data-src=\"https:\/\/gazetaregionalna.com\/wp-content\/uploads\/2021\/05\/basen_08-Copy.jpg\" alt=\"\" data-id=\"42640\" data-full-url=\"https:\/\/gazetaregionalna.com\/wp-content\/uploads\/2021\/05\/basen_08-Copy.jpg\" data-link=\"https:\/\/gazetaregionalna.com\/?attachment_id=42640\" class=\"wp-image-42640 lazyload\" data-srcset=\"https:\/\/gazetaregionalna.com\/wp-content\/uploads\/2021\/05\/basen_08-Copy.jpg 1024w, https:\/\/gazetaregionalna.com\/wp-content\/uploads\/2021\/05\/basen_08-Copy-300x200.jpg 300w, https:\/\/gazetaregionalna.com\/wp-content\/uploads\/2021\/05\/basen_08-Copy-768x512.jpg 768w, https:\/\/gazetaregionalna.com\/wp-content\/uploads\/2021\/05\/basen_08-Copy-696x464.jpg 696w, https:\/\/gazetaregionalna.com\/wp-content\/uploads\/2021\/05\/basen_08-Copy-630x420.jpg 630w\" data-sizes=\"(max-width: 1024px) 100vw, 1024px\" src=\"data:image\/svg+xml;base64,PHN2ZyB3aWR0aD0iMSIgaGVpZ2h0PSIxIiB4bWxucz0iaHR0cDovL3d3dy53My5vcmcvMjAwMC9zdmciPjwvc3ZnPg==\" style=\"--smush-placeholder-width: 1024px; --smush-placeholder-aspect-ratio: 1024\/683;\" \/><\/a><\/figure><\/li><li class=\"blocks-gallery-item\"><figure><a href=\"https:\/\/gazetaregionalna.com\/wp-content\/uploads\/2021\/05\/basen_09-Copy.jpg\"><img decoding=\"async\" width=\"1024\" height=\"683\" data-src=\"https:\/\/gazetaregionalna.com\/wp-content\/uploads\/2021\/05\/basen_09-Copy.jpg\" alt=\"\" data-id=\"42641\" data-full-url=\"https:\/\/gazetaregionalna.com\/wp-content\/uploads\/2021\/05\/basen_09-Copy.jpg\" data-link=\"https:\/\/gazetaregionalna.com\/?attachment_id=42641\" class=\"wp-image-42641 lazyload\" data-srcset=\"https:\/\/gazetaregionalna.com\/wp-content\/uploads\/2021\/05\/basen_09-Copy.jpg 1024w, https:\/\/gazetaregionalna.com\/wp-content\/uploads\/2021\/05\/basen_09-Copy-300x200.jpg 300w, https:\/\/gazetaregionalna.com\/wp-content\/uploads\/2021\/05\/basen_09-Copy-768x512.jpg 768w, https:\/\/gazetaregionalna.com\/wp-content\/uploads\/2021\/05\/basen_09-Copy-696x464.jpg 696w, https:\/\/gazetaregionalna.com\/wp-content\/uploads\/2021\/05\/basen_09-Copy-630x420.jpg 630w\" data-sizes=\"(max-width: 1024px) 100vw, 1024px\" src=\"data:image\/svg+xml;base64,PHN2ZyB3aWR0aD0iMSIgaGVpZ2h0PSIxIiB4bWxucz0iaHR0cDovL3d3dy53My5vcmcvMjAwMC9zdmciPjwvc3ZnPg==\" style=\"--smush-placeholder-width: 1024px; --smush-placeholder-aspect-ratio: 1024\/683;\" \/><\/a><\/figure><\/li><li class=\"blocks-gallery-item\"><figure><a href=\"https:\/\/gazetaregionalna.com\/wp-content\/uploads\/2021\/05\/basen_10-Copy.jpg\"><img decoding=\"async\" width=\"1024\" height=\"683\" data-src=\"https:\/\/gazetaregionalna.com\/wp-content\/uploads\/2021\/05\/basen_10-Copy.jpg\" alt=\"\" data-id=\"42642\" data-full-url=\"https:\/\/gazetaregionalna.com\/wp-content\/uploads\/2021\/05\/basen_10-Copy.jpg\" data-link=\"https:\/\/gazetaregionalna.com\/?attachment_id=42642\" class=\"wp-image-42642 lazyload\" data-srcset=\"https:\/\/gazetaregionalna.com\/wp-content\/uploads\/2021\/05\/basen_10-Copy.jpg 1024w, https:\/\/gazetaregionalna.com\/wp-content\/uploads\/2021\/05\/basen_10-Copy-300x200.jpg 300w, https:\/\/gazetaregionalna.com\/wp-content\/uploads\/2021\/05\/basen_10-Copy-768x512.jpg 768w, https:\/\/gazetaregionalna.com\/wp-content\/uploads\/2021\/05\/basen_10-Copy-696x464.jpg 696w, https:\/\/gazetaregionalna.com\/wp-content\/uploads\/2021\/05\/basen_10-Copy-630x420.jpg 630w\" data-sizes=\"(max-width: 1024px) 100vw, 1024px\" src=\"data:image\/svg+xml;base64,PHN2ZyB3aWR0aD0iMSIgaGVpZ2h0PSIxIiB4bWxucz0iaHR0cDovL3d3dy53My5vcmcvMjAwMC9zdmciPjwvc3ZnPg==\" style=\"--smush-placeholder-width: 1024px; --smush-placeholder-aspect-ratio: 1024\/683;\" \/><\/a><\/figure><\/li><li class=\"blocks-gallery-item\"><figure><a href=\"https:\/\/gazetaregionalna.com\/wp-content\/uploads\/2021\/05\/basen_15-Copy.jpg\"><img decoding=\"async\" width=\"1024\" height=\"683\" data-src=\"https:\/\/gazetaregionalna.com\/wp-content\/uploads\/2021\/05\/basen_15-Copy.jpg\" alt=\"\" data-id=\"42643\" data-full-url=\"https:\/\/gazetaregionalna.com\/wp-content\/uploads\/2021\/05\/basen_15-Copy.jpg\" data-link=\"https:\/\/gazetaregionalna.com\/?attachment_id=42643\" class=\"wp-image-42643 lazyload\" data-srcset=\"https:\/\/gazetaregionalna.com\/wp-content\/uploads\/2021\/05\/basen_15-Copy.jpg 1024w, https:\/\/gazetaregionalna.com\/wp-content\/uploads\/2021\/05\/basen_15-Copy-300x200.jpg 300w, https:\/\/gazetaregionalna.com\/wp-content\/uploads\/2021\/05\/basen_15-Copy-768x512.jpg 768w, https:\/\/gazetaregionalna.com\/wp-content\/uploads\/2021\/05\/basen_15-Copy-696x464.jpg 696w, https:\/\/gazetaregionalna.com\/wp-content\/uploads\/2021\/05\/basen_15-Copy-630x420.jpg 630w\" data-sizes=\"(max-width: 1024px) 100vw, 1024px\" src=\"data:image\/svg+xml;base64,PHN2ZyB3aWR0aD0iMSIgaGVpZ2h0PSIxIiB4bWxucz0iaHR0cDovL3d3dy53My5vcmcvMjAwMC9zdmciPjwvc3ZnPg==\" style=\"--smush-placeholder-width: 1024px; --smush-placeholder-aspect-ratio: 1024\/683;\" \/><\/a><\/figure><\/li><\/ul><figcaption class=\"blocks-gallery-caption\">(fot. UMiG \u017barki)<\/figcaption><\/figure>\n\n\n\n<p>W przygotowanie basenu na wakacje w\u0142\u0105czy\u0142 si\u0119 samorz\u0105d z burmistrzem Klemensem Podlejskim i jego zast\u0119pc\u0105 Jakubem Grabowskim oraz druhowie-ochotnicy z Ochotniczej Stra\u017cy Po\u017carnej w \u017barkach.<\/p>\n\n\n\n<p>&#8211; Te prace robimy wsp\u00f3lnie systemem gospodarczym &#8211; informuje burmistrz Podlejski. &#8211; Po oczyszczeniu niecka zostanie wype\u0142niona wod\u0105 do pewnego niewielkiego poziomu. Przed nami badanie jako\u015bci wody przez sanepid i przygotowanie k\u0105pieliska przez sezonem &#8211; dodaje.<\/p>\n\n\n\n<p>Basen zewn\u0119trzny wraz z terenem przyleg\u0142ym zosta\u0142y zrewitalizowane z Europejskiego Funduszu Rozwoju Regionalnego w ramach RPO WSL 20014-2020. Wykonano: nieck\u0119 basenu oraz brodzik i pomost do skakania. Zagospodarowano tak\u017ce teren wok\u00f3\u0142 obiektu. Przy basenie powsta\u0142 deptak z tzw. ma\u0142\u0105 architektur\u0105, czyli \u0142awkami, koszami oraz lampami parkowymi.<\/p>\n\n\n\n<p>Wyznaczono miejsce do palenia ogniska i grillowania. Wybudowany zosta\u0142 r\u00f3wnie\u017c parking wraz ze zjazdem z ul. Wierzbowej oraz \u015bcie\u017cka asfaltowa od ul. Wierzbowej Sosnowej.<\/p>\n\n\n\n<p>Ca\u0142o\u015b\u0107 prac wykona\u0142a firma P.H.U.B. MARMADEX.<\/p>\n","protected":false},"excerpt":{"rendered":"<p>Trwaj\u0105 pracy przy czyszczeniu basenu i terenu wok\u00f3\u0142 zmodernizowanego k\u0105pieliska w \u017barkach. Pracuje, kto mo\u017ce, aby letnia p\u0142ywalnia by\u0142a na czas gotowa. W przygotowanie<\/p>\n","protected":false},"author":7,"featured_media":42636,"comment_status":"open","ping_status":"open","sticky":false,"template":"","format":"standard","meta":{"_monsterinsights_skip_tracking":false,"_monsterinsights_sitenote_active":false,"_monsterinsights_sitenote_note":"","_monsterinsights_sitenote_category":0,"_uf_show_specific_survey":0,"_uf_disable_surveys":false,"footnotes":""},"categories":[94,26,4,2],"tags":[],"class_list":["post-42631","post","type-post","status-publish","format-standard","has-post-thumbnail","hentry","category-polecane","category-myszkow","category-region","category-wiadomosci"],"_links":{"self":[{"href":"https:\/\/gazetaregionalna.com\/index.php?rest_route=\/wp\/v2\/posts\/42631","targetHints":{"allow":["GET"]}}],"collection":[{"href":"https:\/\/gazetaregionalna.com\/index.php?rest_route=\/wp\/v2\/posts"}],"about":[{"href":"https:\/\/gazetaregionalna.com\/index.php?rest_route=\/wp\/v2\/types\/post"}],"author":[{"embeddable":true,"href":"https:\/\/gazetaregionalna.com\/index.php?rest_route=\/wp\/v2\/users\/7"}],"replies":[{"embeddable":true,"href":"https:\/\/gazetaregionalna.com\/index.php?rest_route=%2Fwp%2Fv2%2Fcomments&post=42631"}],"version-history":[{"count":6,"href":"https:\/\/gazetaregionalna.com\/index.php?rest_route=\/wp\/v2\/posts\/42631\/revisions"}],"predecessor-version":[{"id":42645,"href":"https:\/\/gazetaregionalna.com\/index.php?rest_route=\/wp\/v2\/posts\/42631\/revisions\/42645"}],"wp:featuredmedia":[{"embeddable":true,"href":"https:\/\/gazetaregionalna.com\/index.php?rest_route=\/wp\/v2\/media\/42636"}],"wp:attachment":[{"href":"https:\/\/gazetaregionalna.com\/index.php?rest_route=%2Fwp%2Fv2%2Fmedia&parent=42631"}],"wp:term":[{"taxonomy":"category","embeddable":true,"href":"https:\/\/gazetaregionalna.com\/index.php?rest_route=%2Fwp%2Fv2%2Fcategories&post=42631"},{"taxonomy":"post_tag","embeddable":true,"href":"https:\/\/gazetaregionalna.com\/index.php?rest_route=%2Fwp%2Fv2%2Ftags&post=42631"}],"curies":[{"name":"wp","href":"https:\/\/api.w.org\/{rel}","templated":true}]}}