{"id":4261,"date":"2019-07-09T09:13:12","date_gmt":"2019-07-09T09:13:12","guid":{"rendered":"https:\/\/gazetaregionalna.com\/?p=4261"},"modified":"2019-07-09T09:13:14","modified_gmt":"2019-07-09T09:13:14","slug":"lubliniec-mdk-wraca-po-przerwie-technicznej","status":"publish","type":"post","link":"https:\/\/gazetaregionalna.com\/?p=4261","title":{"rendered":"Lubliniec. MDK wraca po przerwie technicznej!"},"content":{"rendered":"\n<p>Po\nprzerwie Miejski Dom Kultury w Lubli\u0144cu wraca do dzia\u0142ania. Szereg\nprac technicznych pozwoli na komfortowe tworzenie i odbieranie\nkultury. Oto kr\u00f3tki skr\u00f3t najwa\u017cniejszych propozycji MDK na\nnajbli\u017cszy czas. \n<\/p>\n\n\n\n<p>Od\n6.lipca wznowione zosta\u0142y seanse Kina \u201eKarolinka\u201d. W najbli\u017cszym\ntygodniu dzieci mog\u0105 obejrze\u0107 film&nbsp;\u201ePokemon: Detektyw\nPikachu\u201d. Dla doros\u0142ych propozycj\u0105 godn\u0105 rozwa\u017cenia jest\nfilmowa biografia Eltona Johna&nbsp;\u201eRocketman\u201d. Wkr\u00f3tce na\nekranie r\u00f3wnie\u017c bajki, zbieraj\u0105ce najlepsze opinie w\u015br\u00f3d\nrecenzent\u00f3w, czyli&nbsp;\u201eSekretne \u017cycie zwierzak\u00f3w domowych\n2\u201d,&nbsp;\u201ePaskudy. Uglydolls\u201d i \u201eAladyn\u201d. Dla starszych\nwidz\u00f3w przygotowali\u015bmy mieszank\u0119 sensacji, science-fiction i\nhistorii &#8211; &nbsp;\u201eX-men: mroczna Phoenix\u201d,&nbsp;\u201eKrew\nBoga\u201d,&nbsp;\u201eMan In Black: International\u201d&nbsp;i&nbsp;\u201ePolaroid\u201d.<\/p>\n\n\n\n<p>Rozpocz\u0119\u0142y\nsi\u0119 r\u00f3wnie\u017c zaj\u0119cia dla dzieci pod has\u0142em \u201eWakacje z MDK\u201d.\nSzczeg\u00f3\u0142owy plan dost\u0119pny dost\u0119pny jest na stronie\nwww.mdk.lubliniec.pl.<\/p>\n\n\n\n<p>Oczywi\u015bcie\ncodziennie, od 15 do 21 czynna jest r\u00f3wnie\u017c&nbsp;Galeria pod\nGlinianym Anio\u0142em! Tutaj na odwiedzaj\u0105cych czeka pyszna kawa\nmro\u017cona (kosztuje tylko 5 z\u0142), pucharki lodowe, zimne napoje!\nOczywi\u015bcie mo\u017cna r\u00f3wnie\u017c zaopatrzy\u0107 si\u0119 w rzemie\u015blnicze\ndzie\u0142a: kubki, kubeczki, fili\u017canki, kolczyki, naszyjniki, ceramika,\nchusty, torby i wiele innych cud\u00f3w.<\/p>\n\n\n\n<p>Zapraszamy\ndo MDK! \n<\/p>\n","protected":false},"excerpt":{"rendered":"<p>Po przerwie Miejski Dom Kultury w Lubli\u0144cu wraca do dzia\u0142ania. Szereg prac technicznych pozwoli na komfortowe tworzenie i odbieranie kultury. Oto kr\u00f3tki skr\u00f3t najwa\u017cniejszych<\/p>\n","protected":false},"author":3,"featured_media":4262,"comment_status":"open","ping_status":"open","sticky":false,"template":"","format":"standard","meta":{"_monsterinsights_skip_tracking":false,"_monsterinsights_sitenote_active":false,"_monsterinsights_sitenote_note":"","_monsterinsights_sitenote_category":0,"_uf_show_specific_survey":0,"_uf_disable_surveys":false,"footnotes":""},"categories":[15,12,25,14,2,13],"tags":[],"class_list":["post-4261","post","type-post","status-publish","format-standard","has-post-thumbnail","hentry","category-dla-dzieci","category-kultura-i-rozrywka","category-lubliniec","category-repertuary","category-wiadomosci","category-wydarzenia"],"_links":{"self":[{"href":"https:\/\/gazetaregionalna.com\/index.php?rest_route=\/wp\/v2\/posts\/4261","targetHints":{"allow":["GET"]}}],"collection":[{"href":"https:\/\/gazetaregionalna.com\/index.php?rest_route=\/wp\/v2\/posts"}],"about":[{"href":"https:\/\/gazetaregionalna.com\/index.php?rest_route=\/wp\/v2\/types\/post"}],"author":[{"embeddable":true,"href":"https:\/\/gazetaregionalna.com\/index.php?rest_route=\/wp\/v2\/users\/3"}],"replies":[{"embeddable":true,"href":"https:\/\/gazetaregionalna.com\/index.php?rest_route=%2Fwp%2Fv2%2Fcomments&post=4261"}],"version-history":[{"count":1,"href":"https:\/\/gazetaregionalna.com\/index.php?rest_route=\/wp\/v2\/posts\/4261\/revisions"}],"predecessor-version":[{"id":4263,"href":"https:\/\/gazetaregionalna.com\/index.php?rest_route=\/wp\/v2\/posts\/4261\/revisions\/4263"}],"wp:featuredmedia":[{"embeddable":true,"href":"https:\/\/gazetaregionalna.com\/index.php?rest_route=\/wp\/v2\/media\/4262"}],"wp:attachment":[{"href":"https:\/\/gazetaregionalna.com\/index.php?rest_route=%2Fwp%2Fv2%2Fmedia&parent=4261"}],"wp:term":[{"taxonomy":"category","embeddable":true,"href":"https:\/\/gazetaregionalna.com\/index.php?rest_route=%2Fwp%2Fv2%2Fcategories&post=4261"},{"taxonomy":"post_tag","embeddable":true,"href":"https:\/\/gazetaregionalna.com\/index.php?rest_route=%2Fwp%2Fv2%2Ftags&post=4261"}],"curies":[{"name":"wp","href":"https:\/\/api.w.org\/{rel}","templated":true}]}}