{"id":42593,"date":"2021-05-23T18:27:48","date_gmt":"2021-05-23T18:27:48","guid":{"rendered":"https:\/\/gazetaregionalna.com\/?p=42593"},"modified":"2021-05-23T19:24:19","modified_gmt":"2021-05-23T19:24:19","slug":"jaroslaw-dymek-radosc-i-szczescie-wracamy-z-2-punktami-z-gorzowa","status":"publish","type":"post","link":"https:\/\/gazetaregionalna.com\/?p=42593","title":{"rendered":"Mened\u017cer Eltrox W\u0142\u00f3kniarza Jaros\u0142aw Dymek: Rado\u015b\u0107 i szcz\u0119\u015bcie. Wracamy z 2 punktami z Gorzowa"},"content":{"rendered":"\n<h2 class=\"wp-block-heading\">\u017bu\u017clowcy Eltrox W\u0142\u00f3kniarz wygrali w niedziel\u0119 w Gorzowie ze Stal\u0105. Rado\u015b\u0107 i szcz\u0119\u015bcie &#8211; m\u00f3wi mened\u017cer Eltrox W\u0142\u00f3kniarza Jaros\u0142aw Dymek. &#8211; Wracamy z 2 punktami z silnego Gorzowa.<\/h2>\n\n\n\n<p>Eltrox W\u0142\u00f3kniarz wygra\u0142 w Gorzowie z siln\u0105 Stal\u0105. By\u0142o to drugie zwyci\u0119stwo z rz\u0119du. Ostatnio cz\u0119stochowianie wygrali w Toruniu.<\/p>\n\n\n\n<p>&#8211; To by\u0142o bardzo ciekawe spotkanie \u2013 m\u00f3wi dla Gazety Regionalnej mened\u017cer Eltrox W\u0142\u00f3kniarza Jaros\u0142aw Dymek. &#8211; To by\u0142 mecz na styku. Rozstrzygn\u0105\u0142 si\u0119 w ko\u0144cowej fazie. W drugiej po\u0142owie meczu uda\u0142o nam si\u0119 odjecha\u0107 gro\u017anym gospodarzom. Do bieg\u00f3w nominowanych przyst\u0105pili\u015bmy z przewag\u0105 i celem by\u0142o utrzymanie przewagi. Dziwnie patrzy\u0142o si\u0119 na ten mecz, jak Jasi\u0144ski z Woryn\u0105 prowadzili w biegu, a Madsen ze Zmarzlikiem jechali na trzeciej i czwartej pozycji&#8230; To niecodzienna sytuacja. Po 14. biegu napi\u0119cie wzros\u0142o. Ale wiedzieli\u015bmy, \u017ce Fredka wytrzymuje takie biegi. I bardzo dobry mecz mia\u0142 te\u017c Kacper Woryna. Rado\u015b\u0107 i szcz\u0119\u015bcie. Wracamy z 2 punktami z silnego Gorzowa. To nasze drugie pod rz\u0105d zwyci\u0119stwo na wyje\u017adzie.<\/p>\n\n\n\n<p>Foto: Materia\u0142y prasowe klubu <\/p>\n","protected":false},"excerpt":{"rendered":"<p>\u017bu\u017clowcy Eltrox W\u0142\u00f3kniarz wygrali w niedziel\u0119 w Gorzowie ze Stal\u0105. Rado\u015b\u0107 i szcz\u0119\u015bcie &#8211; m\u00f3wi mened\u017cer Eltrox W\u0142\u00f3kniarza Jaros\u0142aw Dymek. &#8211; Wracamy z 2<\/p>\n","protected":false},"author":15,"featured_media":37276,"comment_status":"open","ping_status":"open","sticky":false,"template":"","format":"standard","meta":{"_monsterinsights_skip_tracking":false,"_monsterinsights_sitenote_active":false,"_monsterinsights_sitenote_note":"","_monsterinsights_sitenote_category":0,"_uf_show_specific_survey":0,"_uf_disable_surveys":false,"footnotes":""},"categories":[5,94,7],"tags":[],"class_list":["post-42593","post","type-post","status-publish","format-standard","has-post-thumbnail","hentry","category-sport","category-polecane","category-zuzel"],"_links":{"self":[{"href":"https:\/\/gazetaregionalna.com\/index.php?rest_route=\/wp\/v2\/posts\/42593","targetHints":{"allow":["GET"]}}],"collection":[{"href":"https:\/\/gazetaregionalna.com\/index.php?rest_route=\/wp\/v2\/posts"}],"about":[{"href":"https:\/\/gazetaregionalna.com\/index.php?rest_route=\/wp\/v2\/types\/post"}],"author":[{"embeddable":true,"href":"https:\/\/gazetaregionalna.com\/index.php?rest_route=\/wp\/v2\/users\/15"}],"replies":[{"embeddable":true,"href":"https:\/\/gazetaregionalna.com\/index.php?rest_route=%2Fwp%2Fv2%2Fcomments&post=42593"}],"version-history":[{"count":3,"href":"https:\/\/gazetaregionalna.com\/index.php?rest_route=\/wp\/v2\/posts\/42593\/revisions"}],"predecessor-version":[{"id":42601,"href":"https:\/\/gazetaregionalna.com\/index.php?rest_route=\/wp\/v2\/posts\/42593\/revisions\/42601"}],"wp:featuredmedia":[{"embeddable":true,"href":"https:\/\/gazetaregionalna.com\/index.php?rest_route=\/wp\/v2\/media\/37276"}],"wp:attachment":[{"href":"https:\/\/gazetaregionalna.com\/index.php?rest_route=%2Fwp%2Fv2%2Fmedia&parent=42593"}],"wp:term":[{"taxonomy":"category","embeddable":true,"href":"https:\/\/gazetaregionalna.com\/index.php?rest_route=%2Fwp%2Fv2%2Fcategories&post=42593"},{"taxonomy":"post_tag","embeddable":true,"href":"https:\/\/gazetaregionalna.com\/index.php?rest_route=%2Fwp%2Fv2%2Ftags&post=42593"}],"curies":[{"name":"wp","href":"https:\/\/api.w.org\/{rel}","templated":true}]}}