{"id":42551,"date":"2021-05-23T12:46:27","date_gmt":"2021-05-23T12:46:27","guid":{"rendered":"https:\/\/gazetaregionalna.com\/?p=42551"},"modified":"2021-06-04T19:36:05","modified_gmt":"2021-06-04T19:36:05","slug":"absolwenci-gimnazjum-nr-3-walcza-o-srodki-na-operacje","status":"publish","type":"post","link":"https:\/\/gazetaregionalna.com\/?p=42551","title":{"rendered":"Absolwenci Gimnazjum nr 3 w Cz\u0119stochowie walcz\u0105 o \u015brodki na operacj\u0119 Igora Flaka"},"content":{"rendered":"\n<h2 class=\"wp-block-heading\">Ta historia potwierdza, \u017ce szkolne przyja\u017anie nie ko\u0144cz\u0105 si\u0119 wraz z uzyskaniem \u015bwiadectwa. Absolwenci Gimnazjum nr 3 w Cz\u0119stochowie zjednoczyli si\u0119 bowiem by pom\u00f3c Igorowi Flakowi, kt\u00f3ry toczy nier\u00f3wn\u0105 walk\u0119 z guzem m\u00f3zgu.<\/h2>\n\n\n\n<p>O siedemnastoletnim Igorze Flaku <a href=\"https:\/\/gazetaregionalna.com\/siedemnastoletni-czestochowianin-walczy-o-zycie-pomoc-mu-moze-operacja-w-usa-a-na-to-potrzeba-pieniedzy\/\" class=\"rank-math-link\">pisali\u015bmy<\/a> ju\u017c na naszym portalu. Cz\u0119stochowianin toczy nier\u00f3wn\u0105 walk\u0119 z nowotworem. To niezwykle z\u0142o\u015bliwy guz m\u00f3zgu \u2013 czaszkogardlak. Sprawi\u0142 on, \u017ce najwi\u0119kszym marzeniem dzielnego nastolatka pozostaje po prostu normalne funkcjonowanie. Guz rozr\u00f3s\u0142 si\u0119 do \u015bmiertelnie niebezpiecznych rozmiar\u00f3w, uciskaj\u0105c m.in. na t\u0119tnice oraz nerwy wzrokowe, tym samym zagra\u017caj\u0105c jego \u017cyciu.<\/p>\n\n\n\n<figure class=\"wp-block-image size-large\"><img decoding=\"async\" width=\"655\" height=\"409\" data-src=\"https:\/\/gazetaregionalna.com\/wp-content\/uploads\/2021\/05\/igor3.jpg\" alt=\"\" class=\"wp-image-41895 lazyload\" data-srcset=\"https:\/\/gazetaregionalna.com\/wp-content\/uploads\/2021\/05\/igor3.jpg 655w, https:\/\/gazetaregionalna.com\/wp-content\/uploads\/2021\/05\/igor3-300x187.jpg 300w\" data-sizes=\"(max-width: 655px) 100vw, 655px\" src=\"data:image\/svg+xml;base64,PHN2ZyB3aWR0aD0iMSIgaGVpZ2h0PSIxIiB4bWxucz0iaHR0cDovL3d3dy53My5vcmcvMjAwMC9zdmciPjwvc3ZnPg==\" style=\"--smush-placeholder-width: 655px; --smush-placeholder-aspect-ratio: 655\/409;\" \/><figcaption>Igro Flak (fot. Siepomaga)<\/figcaption><\/figure>\n\n\n\n<p>-Nasz synek przeszed\u0142 ju\u017c siedem operacji cz\u0119\u015bciowej resekcji guza. Straci\u0142 ju\u017c bardzo wiele. Widzi coraz mniej. Jego przysadka zosta\u0142a ca\u0142kowicie uszkodzona. B\u0142agamy o pomoc, by nie straci\u0142 ostatniej rzeczy, kt\u00f3ra mu zosta\u0142a. \u017bycia. Lekarze w Polsce nie posiadaj\u0105 w r\u0119ku narz\u0119dzi, kt\u00f3re w jakimkolwiek stopniu gwarantowa\u0142yby pomy\u015blny przebieg operacji. Jedyn\u0105 i ostatni\u0105 nadziej\u0105 dla Igorka pozostaje operacja w Stanach Zjednoczonych. W klinice w Stanford lekarze byliby w stanie przeprowadzi\u0107 Igorkowi kolejny zabieg, wykorzystuj\u0105c nowoczesn\u0105, ma\u0142o inwazyjn\u0105 metod\u0119. Niestety \u015brodki, kt\u00f3re musimy przeznaczy\u0107 na operacj\u0119, znacz\u0105co przekraczaj\u0105 nasze mo\u017cliwo\u015bci. Gdy \u015bwiat\u0142o w tunelu ju\u017c gas\u0142o, na jego ko\u0144cu zamigota\u0142a iskierka nadziei! &#8211; pisz\u0105 na stronie zbi\u00f3rki prowadzonej przez Fundacj\u0119 Siepomaga rodzice Igora.<\/p>\n\n\n\n<figure class=\"wp-block-image size-large\"><img decoding=\"async\" width=\"655\" height=\"409\" data-src=\"https:\/\/gazetaregionalna.com\/wp-content\/uploads\/2021\/05\/igor5.jpg\" alt=\"\" class=\"wp-image-41897 lazyload\" data-srcset=\"https:\/\/gazetaregionalna.com\/wp-content\/uploads\/2021\/05\/igor5.jpg 655w, https:\/\/gazetaregionalna.com\/wp-content\/uploads\/2021\/05\/igor5-300x187.jpg 300w\" data-sizes=\"(max-width: 655px) 100vw, 655px\" src=\"data:image\/svg+xml;base64,PHN2ZyB3aWR0aD0iMSIgaGVpZ2h0PSIxIiB4bWxucz0iaHR0cDovL3d3dy53My5vcmcvMjAwMC9zdmciPjwvc3ZnPg==\" style=\"--smush-placeholder-width: 655px; --smush-placeholder-aspect-ratio: 655\/409;\" \/><figcaption>Igor Flak (fot. Siepomaga)<\/figcaption><\/figure>\n\n\n\n<h2 class=\"wp-block-heading\">Jedyn\u0105 nadziej\u0119 daje kosztowna operacja w Kalifornii<\/h2>\n\n\n\n<p>Jedyn\u0105 nadziej\u0105 dla cz\u0119stochowianina jest operacja w klinice w Stanford w Kalifornii, wykonywana ma\u0142o inwazyjn\u0105, nowoczesn\u0105 metod\u0105. &#8211; Technika stosowana w USA pozwala nam marzy\u0107, \u017ce Igorek poczuje smak normalnego \u017cycia. B\u0142agamy o pomoc dla ch\u0142opaka, kt\u00f3ry kocha rysowa\u0107, marzy o przysz\u0142o\u015bci w zawodzie architekta, pozostaje najlepsz\u0105 i najbardziej niewinn\u0105 osob\u0105, kt\u00f3r\u0105 znamy. Prosimy o wsparcie dla Igorka, dla kt\u00f3rego pojawi\u0142a si\u0119 ostatnia nadzieja. Nadzieja na \u017cycie &#8211; dodaj\u0105 rodzice ch\u0142opca.<\/p>\n\n\n\n<p>Koszt operacji w USA jest jednak zawrotny. Potrzeba ponad 700 tys. z\u0142. St\u0105d w\u0142a\u015bnie zbi\u00f3rka charytatywna prowadzona na stronie <a href=\"https:\/\/www.siepomaga.pl\/igor-flak\" class=\"rank-math-link\" target=\"_blank\" rel=\"noopener\"><strong>www.siepomaga.pl\/igor-flak<\/strong><\/a>. Na ten moment uda\u0142o si\u0119 zabra\u0107 ponad 225 tys. z\u0142. Pieni\u0105dze zbierane s\u0105 do 15 czerwca, czasu jest wi\u0119c niewiele, a do zebrania ponad p\u00f3\u0142 miliona z\u0142otych!<\/p>\n\n\n\n<figure class=\"wp-block-image size-large\"><img decoding=\"async\" width=\"1024\" height=\"576\" data-src=\"https:\/\/gazetaregionalna.com\/wp-content\/uploads\/2021\/05\/Igor2-1-1024x576.jpg\" alt=\"\" class=\"wp-image-42562 lazyload\" data-srcset=\"https:\/\/gazetaregionalna.com\/wp-content\/uploads\/2021\/05\/Igor2-1-1024x576.jpg 1024w, https:\/\/gazetaregionalna.com\/wp-content\/uploads\/2021\/05\/Igor2-1-300x169.jpg 300w, https:\/\/gazetaregionalna.com\/wp-content\/uploads\/2021\/05\/Igor2-1-768x432.jpg 768w, https:\/\/gazetaregionalna.com\/wp-content\/uploads\/2021\/05\/Igor2-1-1536x864.jpg 1536w, https:\/\/gazetaregionalna.com\/wp-content\/uploads\/2021\/05\/Igor2-1-2048x1152.jpg 2048w, https:\/\/gazetaregionalna.com\/wp-content\/uploads\/2021\/05\/Igor2-1-696x392.jpg 696w, https:\/\/gazetaregionalna.com\/wp-content\/uploads\/2021\/05\/Igor2-1-1068x601.jpg 1068w, https:\/\/gazetaregionalna.com\/wp-content\/uploads\/2021\/05\/Igor2-1-1920x1080.jpg 1920w, https:\/\/gazetaregionalna.com\/wp-content\/uploads\/2021\/05\/Igor2-1-747x420.jpg 747w, https:\/\/gazetaregionalna.com\/wp-content\/uploads\/2021\/05\/Igor2-1-scaled.jpg 1200w\" data-sizes=\"(max-width: 1024px) 100vw, 1024px\" src=\"data:image\/svg+xml;base64,PHN2ZyB3aWR0aD0iMSIgaGVpZ2h0PSIxIiB4bWxucz0iaHR0cDovL3d3dy53My5vcmcvMjAwMC9zdmciPjwvc3ZnPg==\" style=\"--smush-placeholder-width: 1024px; --smush-placeholder-aspect-ratio: 1024\/576;\" \/><figcaption>Absolwenci Gimnazjum nr 3 w Cz\u0119stochowie walcz\u0105 o \u015brodki na operacj\u0119 chorego kolegi &#8211; Igora Flaka (mat. organizator\u00f3w)<\/figcaption><\/figure>\n\n\n\n<h2 class=\"wp-block-heading\">O zebranie brakuj\u0105cej kwoty walcz\u0105 absolwenci Gimnazjum nr 3<\/h2>\n\n\n\n<p>Z pomoc\u0105 koledze przyszli wi\u0119c m.in. absolwenci Gimnazjum nr 3 w Cz\u0119stochowie. Dzi\u015b oddzia\u0142y dawnego gimnazjum w\u0142\u0105czono do Szko\u0142y Podstawowej nr 48 im. Armii Krajowej w Cz\u0119stochowie. Podobnie teraz, jak i za czas\u00f3w, gdy uczy\u0142 si\u0119 w gimnazjum Igor, dyrektork\u0105 plac\u00f3wki jest Beata Strzelecka &#8211; Mach.<\/p>\n\n\n\n<p>To w\u0142a\u015bnie koledzy z dawnych \u0142awek i nauczyciele w\u0142\u0105czyli si\u0119 w akcj\u0119 pomocy dla chorego siedemnastolatka.<\/p>\n\n\n\n<figure class=\"wp-block-image size-large\"><img decoding=\"async\" width=\"1024\" height=\"625\" data-src=\"https:\/\/gazetaregionalna.com\/wp-content\/uploads\/2021\/05\/Igor3-1-1024x625.jpg\" alt=\"\" class=\"wp-image-42563 lazyload\" data-srcset=\"https:\/\/gazetaregionalna.com\/wp-content\/uploads\/2021\/05\/Igor3-1-1024x625.jpg 1024w, https:\/\/gazetaregionalna.com\/wp-content\/uploads\/2021\/05\/Igor3-1-300x183.jpg 300w, https:\/\/gazetaregionalna.com\/wp-content\/uploads\/2021\/05\/Igor3-1-768x469.jpg 768w, https:\/\/gazetaregionalna.com\/wp-content\/uploads\/2021\/05\/Igor3-1-696x425.jpg 696w, https:\/\/gazetaregionalna.com\/wp-content\/uploads\/2021\/05\/Igor3-1-1068x652.jpg 1068w, https:\/\/gazetaregionalna.com\/wp-content\/uploads\/2021\/05\/Igor3-1-688x420.jpg 688w, https:\/\/gazetaregionalna.com\/wp-content\/uploads\/2021\/05\/Igor3-1.jpg 1200w\" data-sizes=\"(max-width: 1024px) 100vw, 1024px\" src=\"data:image\/svg+xml;base64,PHN2ZyB3aWR0aD0iMSIgaGVpZ2h0PSIxIiB4bWxucz0iaHR0cDovL3d3dy53My5vcmcvMjAwMC9zdmciPjwvc3ZnPg==\" style=\"--smush-placeholder-width: 1024px; --smush-placeholder-aspect-ratio: 1024\/625;\" \/><figcaption>Z archiwum absolwent\u00f3w Gimnazjum nr 3 w Cz\u0119stochowie<\/figcaption><\/figure>\n\n\n\n<p>&#8211; Jeste\u015bmy absolwentami Gimnazjum nr 3 na P\u00f3\u0142nocy, gdzie sp\u0119dzili\u015bmy najlepsze lata naszej \u201em\u0142odo\u015bci\u201d. Tu te\u017c poznali\u015bmy si\u0119 z Igorem. Wsp\u00f3lnie sp\u0119dzone Dni Wiosny, Dni J\u0119zyk\u00f3w Europejskich, rozgrywki pi\u0142karskie, wycieczki pokaza\u0142y nam z kim mamy do czynienia. Zawsze pomocny, bezkonfliktowy, skromny roztaczaj\u0105cy wok\u00f3\u0142 siebie mega pozytywn\u0105 energi\u0119. Dziewczyny w szkole go uwielbia\u0142y\u2026 Hiszpa\u0144skie s\u0142\u00f3wka wplatane nonszalancko brzmia\u0142y w jego ustach bardzo zalotnie. Jak przysta\u0142o na przysz\u0142ego architekta mia\u0142 ju\u017c terminarz wype\u0142niony po brzegi naszymi zleceniami na projekty dom\u00f3w. Wszyscy czuli\u015bmy si\u0119 przy nim swobodnie i komfortowo &#8211; m\u00f3wi\u0105 uczniowie. &#8211; Niestety, odk\u0105d tylko pami\u0119tamy choroba dyktowa\u0142a mu warunki. Mimo to Igor zawsze by\u0142 i jest pe\u0142en nadziei. Jego u\u015bmiech ratuje nas w ka\u017cdej z\u0142ej sytuacji. Teraz to On nas pociesza, kiedy martwimy si\u0119 o Niego. Je\u015bli nie znacie Igora, uwierzcie nam na s\u0142owo- nie znamy bardziej empatycznej, szczerej i kochanej drugiej takiej osoby.&nbsp;Dzi\u015b przysz\u0142a kolej na nas, by odwdzi\u0119czy\u0107 si\u0119 za Jego przyja\u017a\u0144 &#8211; podkre\u015blaj\u0105 absolwenci.<\/p>\n\n\n\n<figure class=\"wp-block-image size-large\"><img decoding=\"async\" width=\"1024\" height=\"619\" data-src=\"https:\/\/gazetaregionalna.com\/wp-content\/uploads\/2021\/05\/Igor4-1-1024x619.jpg\" alt=\"\" class=\"wp-image-42564 lazyload\" data-srcset=\"https:\/\/gazetaregionalna.com\/wp-content\/uploads\/2021\/05\/Igor4-1-1024x619.jpg 1024w, https:\/\/gazetaregionalna.com\/wp-content\/uploads\/2021\/05\/Igor4-1-300x181.jpg 300w, https:\/\/gazetaregionalna.com\/wp-content\/uploads\/2021\/05\/Igor4-1-768x465.jpg 768w, https:\/\/gazetaregionalna.com\/wp-content\/uploads\/2021\/05\/Igor4-1-696x421.jpg 696w, https:\/\/gazetaregionalna.com\/wp-content\/uploads\/2021\/05\/Igor4-1-1068x646.jpg 1068w, https:\/\/gazetaregionalna.com\/wp-content\/uploads\/2021\/05\/Igor4-1-694x420.jpg 694w, https:\/\/gazetaregionalna.com\/wp-content\/uploads\/2021\/05\/Igor4-1.jpg 1200w\" data-sizes=\"(max-width: 1024px) 100vw, 1024px\" src=\"data:image\/svg+xml;base64,PHN2ZyB3aWR0aD0iMSIgaGVpZ2h0PSIxIiB4bWxucz0iaHR0cDovL3d3dy53My5vcmcvMjAwMC9zdmciPjwvc3ZnPg==\" style=\"--smush-placeholder-width: 1024px; --smush-placeholder-aspect-ratio: 1024\/619;\" \/><figcaption>Z archiwum absolwent\u00f3w Gimnazjum nr 3 w Cz\u0119stochowie<\/figcaption><\/figure>\n\n\n\n<h2 class=\"wp-block-heading\">Koncerty, aukcje&#8230; okazji do pomocy jest wiele!<\/h2>\n\n\n\n<p>Kreatywno\u015bci nie mo\u017cna im odm\u00f3wi\u0107. &#8211; Igorku, jeste\u015bmy z Tob\u0105 od zawsze i na zawsze &#8211; podkre\u015bla m\u0142odzie\u017c. <\/p>\n\n\n\n<p>W najbli\u017cszym czasie absolwenci organizuj\u0105 tak\u017ce koncerty na rzecz Igora. Pierwszy odb\u0119dzie si\u0119 30 maja w Ko\u015bciele \u015bw. Andrzeja Boboli przy ul. Ludowej (po mszy o godz. 18 zaplanowano koncert organowy). Z kolei 1 czerwca w Ko\u015bciele \u015bw. Zygmunta o godz. 17 wyst\u0105pi\u0105 uczniowie szko\u0142y muzycznej. Ostatni z planowanych wyst\u0119p\u00f3w zaplanowano na 10 czerwca na godz. 18.30. Koncert organowy odb\u0119dzie si\u0119 w Ko\u015bciele \u015bw. Brata Alberta przy ul. Narcyzowej 34.<\/p>\n\n\n\n<p>Co wi\u0119cej, w celu wsparcia zbi\u00f3rki uczniowie za\u0142o\u017cyli  grup\u0119 na Facebooku przeznaczon\u0105 specjalnie na licytacje. Mo\u017cna j\u0105 znale\u017a\u0107<a href=\"https:\/\/www.facebook.com\/groups\/518305505847818\/?ref=share\" class=\"rank-math-link\" target=\"_blank\" rel=\"noopener\"> TUTAJ<\/a><\/p>\n\n\n\n<p>-Codziennie pojawiaj\u0105 si\u0119 r\u00f3\u017cnorodne aukcje, ka\u017cdy znajdzie co\u015b tu dla siebie &#8211; od zabawek dla dzieci i s\u0142odko\u015bci, przez zabiegi piel\u0119gnacyjne, koszulki z autografami sportowc\u00f3w po lot wiatrakowcem, czy kilkudniowy pobyt w domku wypoczynkowym &#8211; zach\u0119caj\u0105 organizatorzy.<\/p>\n\n\n\n<figure class=\"wp-block-image size-large\"><img decoding=\"async\" width=\"725\" height=\"1024\" data-src=\"https:\/\/gazetaregionalna.com\/wp-content\/uploads\/2021\/05\/zapiekanka-725x1024.jpg\" alt=\"\" class=\"wp-image-42557 lazyload\" data-srcset=\"https:\/\/gazetaregionalna.com\/wp-content\/uploads\/2021\/05\/zapiekanka-725x1024.jpg 725w, https:\/\/gazetaregionalna.com\/wp-content\/uploads\/2021\/05\/zapiekanka-212x300.jpg 212w, https:\/\/gazetaregionalna.com\/wp-content\/uploads\/2021\/05\/zapiekanka-768x1085.jpg 768w, https:\/\/gazetaregionalna.com\/wp-content\/uploads\/2021\/05\/zapiekanka-1087x1536.jpg 1087w, https:\/\/gazetaregionalna.com\/wp-content\/uploads\/2021\/05\/zapiekanka-696x984.jpg 696w, https:\/\/gazetaregionalna.com\/wp-content\/uploads\/2021\/05\/zapiekanka-1068x1509.jpg 1068w, https:\/\/gazetaregionalna.com\/wp-content\/uploads\/2021\/05\/zapiekanka-297x420.jpg 297w, https:\/\/gazetaregionalna.com\/wp-content\/uploads\/2021\/05\/zapiekanka.jpg 1132w\" data-sizes=\"(max-width: 725px) 100vw, 725px\" src=\"data:image\/svg+xml;base64,PHN2ZyB3aWR0aD0iMSIgaGVpZ2h0PSIxIiB4bWxucz0iaHR0cDovL3d3dy53My5vcmcvMjAwMC9zdmciPjwvc3ZnPg==\" style=\"--smush-placeholder-width: 725px; --smush-placeholder-aspect-ratio: 725\/1024;\" \/><figcaption>Mat. Piekarnik\n<\/figcaption><\/figure>\n\n\n\n<p>Pom\u00f3c Igorowi mo\u017cna nawet&#8230; zamawiaj\u0105c zapiekanki. Tak\u0105 mo\u017cliwo\u015b\u0107 zaoferowa\u0142 cz\u0119stochowski lokal Piekarnik (Al. NMP 42). Od soboty 22 maja pojawi\u0142a si\u0119 w menu tzw. Zapiekanka Igora. Ma\u0142a kosztuje 12 z\u0142, du\u017ca &#8211; 14 z\u0142. Ka\u017cde 5 z\u0142 z zam\u00f3wienia przekazane jest na leczenie siedemnastolatka.<\/p>\n\n\n\n<p><strong>Zuzanna Suliga<\/strong><\/p>\n\n\n\n<p><a href=\"https:\/\/gazetaregionalna.com\/ratownik-medyczny-walczy-z-choroba-nowotworowa\/\" class=\"rank-math-link\"><strong>Czytaj tak\u017ce: Ratownik medyczny zwi\u0105zany z Cz\u0119stochow\u0105 walczy z chorob\u0105 nowotworow\u0105. Warto mu pom\u00f3c!<\/strong><\/a><br><\/p>\n","protected":false},"excerpt":{"rendered":"<p>Ta historia potwierdza, \u017ce szkolne przyja\u017anie nie ko\u0144cz\u0105 si\u0119 wraz z uzyskaniem \u015bwiadectwa. Absolwenci Gimnazjum nr 3 w Cz\u0119stochowie zjednoczyli si\u0119 bowiem by pom\u00f3c<\/p>\n","protected":false},"author":18,"featured_media":42560,"comment_status":"open","ping_status":"open","sticky":false,"template":"","format":"standard","meta":{"_monsterinsights_skip_tracking":false,"_monsterinsights_sitenote_active":false,"_monsterinsights_sitenote_note":"","_monsterinsights_sitenote_category":0,"_uf_show_specific_survey":0,"_uf_disable_surveys":false,"footnotes":""},"categories":[94,3,41,2],"tags":[2014,467,2015,2016],"class_list":["post-42551","post","type-post","status-publish","format-standard","has-post-thumbnail","hentry","category-polecane","category-czestochowa-informacje","category-edukacja","category-wiadomosci","tag-igor-flak","tag-pomoc","tag-siepomaga","tag-zbiorka-charytatywna"],"_links":{"self":[{"href":"https:\/\/gazetaregionalna.com\/index.php?rest_route=\/wp\/v2\/posts\/42551","targetHints":{"allow":["GET"]}}],"collection":[{"href":"https:\/\/gazetaregionalna.com\/index.php?rest_route=\/wp\/v2\/posts"}],"about":[{"href":"https:\/\/gazetaregionalna.com\/index.php?rest_route=\/wp\/v2\/types\/post"}],"author":[{"embeddable":true,"href":"https:\/\/gazetaregionalna.com\/index.php?rest_route=\/wp\/v2\/users\/18"}],"replies":[{"embeddable":true,"href":"https:\/\/gazetaregionalna.com\/index.php?rest_route=%2Fwp%2Fv2%2Fcomments&post=42551"}],"version-history":[{"count":13,"href":"https:\/\/gazetaregionalna.com\/index.php?rest_route=\/wp\/v2\/posts\/42551\/revisions"}],"predecessor-version":[{"id":43678,"href":"https:\/\/gazetaregionalna.com\/index.php?rest_route=\/wp\/v2\/posts\/42551\/revisions\/43678"}],"wp:featuredmedia":[{"embeddable":true,"href":"https:\/\/gazetaregionalna.com\/index.php?rest_route=\/wp\/v2\/media\/42560"}],"wp:attachment":[{"href":"https:\/\/gazetaregionalna.com\/index.php?rest_route=%2Fwp%2Fv2%2Fmedia&parent=42551"}],"wp:term":[{"taxonomy":"category","embeddable":true,"href":"https:\/\/gazetaregionalna.com\/index.php?rest_route=%2Fwp%2Fv2%2Fcategories&post=42551"},{"taxonomy":"post_tag","embeddable":true,"href":"https:\/\/gazetaregionalna.com\/index.php?rest_route=%2Fwp%2Fv2%2Ftags&post=42551"}],"curies":[{"name":"wp","href":"https:\/\/api.w.org\/{rel}","templated":true}]}}