{"id":4228,"date":"2019-07-08T09:28:28","date_gmt":"2019-07-08T09:28:28","guid":{"rendered":"https:\/\/gazetaregionalna.com\/?p=4228"},"modified":"2019-07-08T09:28:30","modified_gmt":"2019-07-08T09:28:30","slug":"na-dwoch-kolkach-po-jurze","status":"publish","type":"post","link":"https:\/\/gazetaregionalna.com\/?p=4228","title":{"rendered":"Na dw\u00f3ch k\u00f3\u0142kach po Jurze"},"content":{"rendered":"\n<p> Po raz czwarty mi\u0142o\u015bnicy kolarstwa terenowego spotkaj\u0105 si\u0119 na Jurze Krakowsko-Cz\u0119stochowskiej. W niedziel\u0119, 14 lipca rowerzy\u015bci \u015bciga\u0107 si\u0119 b\u0119d\u0105 po malowniczej trasie biegn\u0105cej przez trzy jurajskiej gminy: \u017barki, Niegowa oraz Jan\u00f3w. Zawody organizowane s\u0105 w ramach cyklu\u00a0Bike\u00a0Atelier\u00a0MTB\u00a0Maraton.<br> &#8211; Na pewno nie zabraknie interwa\u0142owym odcink\u00f3w \u2013 bardzo charakterystycznych dla tego terenu. B\u0119d\u0105 r\u00f3wnie\u017c pi\u0119kne widoki, ska\u0142ki, zamki. Warto sprawdzi\u0107 to osobi\u015bcie \u2013 zach\u0119ca Dariusz Le\u015bniewski z\u00a0Bike\u00a0Atelier\u00a0MTB\u00a0Maraton.<br> Start i met\u0119 niedzielnych zawod\u00f3w wyznaczono w \u017barkach Le\u015bniowie. W zwi\u0105zku z tym w obr\u0119bie ulic Klasztornej, Krzywej i \u0179r\u00f3dlanej 14 lipca nale\u017cy si\u0119 liczy\u0107 czasowym wstrzymaniem ruchu na czas przejazdu zawodnik\u00f3w.<\/p>\n\n\n\n<figure class=\"wp-block-image\"><img decoding=\"async\" width=\"1024\" height=\"576\" data-src=\"https:\/\/gazetaregionalna.com\/wp-content\/uploads\/2019\/07\/kolarze2-1024x576.jpg\" alt=\"\" class=\"wp-image-4229 lazyload\" data-srcset=\"https:\/\/gazetaregionalna.com\/wp-content\/uploads\/2019\/07\/kolarze2-1024x576.jpg 1024w, https:\/\/gazetaregionalna.com\/wp-content\/uploads\/2019\/07\/kolarze2-300x169.jpg 300w, https:\/\/gazetaregionalna.com\/wp-content\/uploads\/2019\/07\/kolarze2-768x432.jpg 768w, https:\/\/gazetaregionalna.com\/wp-content\/uploads\/2019\/07\/kolarze2.jpg 1600w\" data-sizes=\"(max-width: 1024px) 100vw, 1024px\" src=\"data:image\/svg+xml;base64,PHN2ZyB3aWR0aD0iMSIgaGVpZ2h0PSIxIiB4bWxucz0iaHR0cDovL3d3dy53My5vcmcvMjAwMC9zdmciPjwvc3ZnPg==\" style=\"--smush-placeholder-width: 1024px; --smush-placeholder-aspect-ratio: 1024\/576;\" \/><\/figure>\n\n\n\n<p><br> Trwa rejestracja uczestnik\u00f3w. Zapisy prowadzone s\u0105 za po\u015brednictwem strony bikeateliermaraton.pl. Tam te\u017c znajduj\u0105 si\u0119 szczeg\u00f3\u0142y dotycz\u0105ce tej, a tak\u017ce innych imprez kolarskich przygotowywanych w ramach cyklu.<br> Jak zapowiadaj\u0105 organizatorzy, podobnie jak w poprzednich latach do wyboru uczestnik\u00f3w niedzielnej rywalizacji przygotowano dwie trasy \u2013 d\u0142u\u017csza PRO i kr\u00f3tsza HOBBY. W przypadku tej drugiej przewidziano te\u017c rywalizacj\u0119 rodzinn\u0105 (FAMILY) dla zawodnik\u00f3w do 16 lat, kt\u00f3rzy startuj\u0105 w towarzystwie opiekun\u00f3w. Tak\u017ce najm\u0142odsi cykli\u015bci b\u0119d\u0105 mogli spr\u00f3bowa\u0107 swoich si\u0142, rywalizuj\u0105c na kr\u00f3tkim dystansie, dopasowanym do wieku (od\u00a0200m\u00a0do 3 km).<br> &#8211; Trasa jurajska jest jedn\u0105 z najtrudniejszych \u2014 m\u00f3wi burmistrz Miasta i Gminy \u017barki Klemens Podlejski.\u2014Tym razem trasa zosta\u0142a zmodyfikowana i w por\u00f3wnaniu do lat poprzednich wiedzie z \u017barek w kierunku po\u0142udniowym.<br> Program zawod\u00f3w:<br> Zapisy w biurze zawod\u00f3w<br> Sobota(13.07.) : godz. 17.00 \u2013 19.00<br> Niedziela (14.07.): godz. 8.00 \u2013 10.30<br> Wy\u015bcigi dzieci\u0119ce na dystansie KIDO<br> Rywalizacja dla dzieci w kategoriach wiekowych 7-8 lat oraz 9-11 lat<br> godz. 10.00 \u2013 11.00<br> Ustawianie zawodnik\u00f3w w sektorach startowych<br> Na dystansach PRO, HOBBY i\u00a0FAMILY<br> godz. 11.00<br> Start maratonu \u2013 dystanse PRO, HOBBY,\u00a0FAMILY<br> godz. 11.30<br> Wy\u015bcigi dzieci\u0119ce na dystansie KIDO<br> Rywalizacja dla dzieci w kategoriach wiekowych do 4 lat oraz 4-6 lat<br> godz. 11.50 \u2013 12.20<br> Dekoracja<br> godz. 13.00 \u2013 dekoracja dystansu KIDO (wy\u015bcigi dzieci\u0119ce)<br> godz. 14.30 \u2013 dekoracja dystans\u00f3w HOBBY oraz\u00a0FAMILY<br> godz. 15.30 \u2013 dekoracja dystansu PRO<br> Konkurs<br> godz. 15.50 \u2013 fina\u0142 konkursu dla zawodnik\u00f3w <\/p>\n","protected":false},"excerpt":{"rendered":"<p>Po raz czwarty mi\u0142o\u015bnicy kolarstwa terenowego spotkaj\u0105 si\u0119 na Jurze Krakowsko-Cz\u0119stochowskiej. W niedziel\u0119, 14 lipca rowerzy\u015bci \u015bciga\u0107 si\u0119 b\u0119d\u0105 po malowniczej trasie biegn\u0105cej przez<\/p>\n","protected":false},"author":3,"featured_media":4230,"comment_status":"open","ping_status":"open","sticky":false,"template":"","format":"standard","meta":{"_monsterinsights_skip_tracking":false,"_monsterinsights_sitenote_active":false,"_monsterinsights_sitenote_note":"","_monsterinsights_sitenote_category":0,"_uf_show_specific_survey":0,"_uf_disable_surveys":false,"footnotes":""},"categories":[4,2,13,30],"tags":[],"class_list":["post-4228","post","type-post","status-publish","format-standard","has-post-thumbnail","hentry","category-region","category-wiadomosci","category-wydarzenia","category-wypoczynek"],"_links":{"self":[{"href":"https:\/\/gazetaregionalna.com\/index.php?rest_route=\/wp\/v2\/posts\/4228","targetHints":{"allow":["GET"]}}],"collection":[{"href":"https:\/\/gazetaregionalna.com\/index.php?rest_route=\/wp\/v2\/posts"}],"about":[{"href":"https:\/\/gazetaregionalna.com\/index.php?rest_route=\/wp\/v2\/types\/post"}],"author":[{"embeddable":true,"href":"https:\/\/gazetaregionalna.com\/index.php?rest_route=\/wp\/v2\/users\/3"}],"replies":[{"embeddable":true,"href":"https:\/\/gazetaregionalna.com\/index.php?rest_route=%2Fwp%2Fv2%2Fcomments&post=4228"}],"version-history":[{"count":2,"href":"https:\/\/gazetaregionalna.com\/index.php?rest_route=\/wp\/v2\/posts\/4228\/revisions"}],"predecessor-version":[{"id":110256,"href":"https:\/\/gazetaregionalna.com\/index.php?rest_route=\/wp\/v2\/posts\/4228\/revisions\/110256"}],"wp:featuredmedia":[{"embeddable":true,"href":"https:\/\/gazetaregionalna.com\/index.php?rest_route=\/wp\/v2\/media\/4230"}],"wp:attachment":[{"href":"https:\/\/gazetaregionalna.com\/index.php?rest_route=%2Fwp%2Fv2%2Fmedia&parent=4228"}],"wp:term":[{"taxonomy":"category","embeddable":true,"href":"https:\/\/gazetaregionalna.com\/index.php?rest_route=%2Fwp%2Fv2%2Fcategories&post=4228"},{"taxonomy":"post_tag","embeddable":true,"href":"https:\/\/gazetaregionalna.com\/index.php?rest_route=%2Fwp%2Fv2%2Ftags&post=4228"}],"curies":[{"name":"wp","href":"https:\/\/api.w.org\/{rel}","templated":true}]}}