{"id":42277,"date":"2021-05-20T08:09:39","date_gmt":"2021-05-20T08:09:39","guid":{"rendered":"https:\/\/gazetaregionalna.com\/?p=42277"},"modified":"2021-05-20T08:09:40","modified_gmt":"2021-05-20T08:09:40","slug":"badanie-5","status":"publish","type":"post","link":"https:\/\/gazetaregionalna.com\/?p=42277","title":{"rendered":"Bezp\u0142atne badanie mammograficzne w Kozieg\u0142owach"},"content":{"rendered":"\n<h2 class=\"wp-block-heading\">W ramach akcji<strong> \u201eMamo! Mamo! Mammobus!\u201d <\/strong>\u015al\u0105ski Oddzia\u0142 Wojew\u00f3dzki Narodowego Funduszu Zdrowia zaprasza na bezp\u0142atne badania mammograficzne.<\/h2>\n\n\n\n<p>Badanie b\u0119dzie przeprowadzone w mobilnej pracowni mammograficznej \u2013 Mammobusie, z zachowaniem wszelkich \u015brodk\u00f3w ostro\u017cno\u015bci w zakresie wyposa\u017cenia technik\u00f3w, dezynfekcji pracowni i aparatury diagnostycznej, oraz obs\u0142ugi pacjent\u00f3w.<\/p>\n\n\n\n<p>Tylko trzy Panie na raz b\u0119d\u0105 mog\u0142y przebywa\u0107 w busie, daje to mo\u017cliwo\u015b\u0107 dystansu 2 metr\u00f3w. Przed badaniem pracownicy zmierz\u0105 temperatur\u0119 pacjentkom oraz poprosz\u0105 o wype\u0142nienie ankiety. Do dyspozycji b\u0119d\u0105 tak\u017ce \u015brodki do dezynfekcji r\u0105k. Maseczka obowi\u0105zkowa!<\/p>\n\n\n\n<p>W badaniu mog\u0105 wzi\u0105\u0107 udzia\u0142 Panie w wieku 50-69 lat, kt\u00f3re:<\/p>\n\n\n\n<ul class=\"wp-block-list\"><li>S\u0105 ubezpieczone;<\/li><li>Nie s\u0105 leczone z powodu raka piersi;<\/li><li>Nie mia\u0142y wykonanej mammografii w ramach Programu w ci\u0105gu ostatnich 24 miesi\u0119cy;<\/li><li>S\u0105 w grupie ryzyka i w roku poprzedzaj\u0105cym otrzyma\u0142y pisemne wskazanie do wykonania ponownej mammografii po up\u0142ywie 12 miesi\u0119cy.<\/li><\/ul>\n\n\n\n<p>Mammografia jest bezp\u0142atna, nie wymaga skierowania i wykonywana jest niezale\u017cnie od miejsca zamieszkania pacjentki.<\/p>\n\n\n\n<p>Mobilna pracownia mammograficzna b\u0119dzie do dyspozycji Pa\u0144 26 maja 2021 roku w godzinach od 9:00 do 17:00 przy Miejsko &#8211; Gminnym O\u015brodku Promocji Kultury na ul. \u017barecka 28.<\/p>\n\n\n\n<p>Na badanie trzeba si\u0119 wcze\u015bniej zarejestrowa\u0107 pod nr tel. <strong>58\/ 767 34 44<\/strong><strong>.<\/strong> Do rejestracji b\u0119dzie potrzebny dow\u00f3d osobisty, a na sam\u0105 ju\u017c kontrol\u0119 poprzednie zdj\u0119cia mammograficzne.<\/p>\n\n\n\n<p>Pami\u0119tajmy drogie Panie, systematyczne i dok\u0142adne badanie mo\u017ce w zdecydowany spos\u00f3b przyczyni\u0107 si\u0119 do wykrycia nowotworu na wczesnym etapie rozwoju, a co za tym idzie szybkie podj\u0119cie leczenia.<\/p>\n\n\n\n<figure class=\"wp-block-image size-large\"><img decoding=\"async\" width=\"400\" height=\"570\" data-src=\"https:\/\/gazetaregionalna.com\/wp-content\/uploads\/2021\/05\/kozieglowy.png\" alt=\"kozieg\u0142owy\" class=\"wp-image-42278 lazyload\" data-srcset=\"https:\/\/gazetaregionalna.com\/wp-content\/uploads\/2021\/05\/kozieglowy.png 400w, https:\/\/gazetaregionalna.com\/wp-content\/uploads\/2021\/05\/kozieglowy-211x300.png 211w, https:\/\/gazetaregionalna.com\/wp-content\/uploads\/2021\/05\/kozieglowy-295x420.png 295w\" data-sizes=\"(max-width: 400px) 100vw, 400px\" src=\"data:image\/svg+xml;base64,PHN2ZyB3aWR0aD0iMSIgaGVpZ2h0PSIxIiB4bWxucz0iaHR0cDovL3d3dy53My5vcmcvMjAwMC9zdmciPjwvc3ZnPg==\" style=\"--smush-placeholder-width: 400px; --smush-placeholder-aspect-ratio: 400\/570;\" \/><figcaption>Fot. UGiM w Kozieg\u0142owach<\/figcaption><\/figure>\n","protected":false},"excerpt":{"rendered":"<p>W ramach akcji \u201eMamo! Mamo! Mammobus!\u201d \u015al\u0105ski Oddzia\u0142 Wojew\u00f3dzki Narodowego Funduszu Zdrowia zaprasza na bezp\u0142atne badania mammograficzne. Badanie b\u0119dzie przeprowadzone w mobilnej pracowni mammograficznej<\/p>\n","protected":false},"author":12,"featured_media":42219,"comment_status":"open","ping_status":"open","sticky":false,"template":"","format":"standard","meta":{"_monsterinsights_skip_tracking":false,"_monsterinsights_sitenote_active":false,"_monsterinsights_sitenote_note":"","_monsterinsights_sitenote_category":0,"_uf_show_specific_survey":0,"_uf_disable_surveys":false,"footnotes":""},"categories":[94,4,2],"tags":[1503],"class_list":["post-42277","post","type-post","status-publish","format-standard","has-post-thumbnail","hentry","category-polecane","category-region","category-wiadomosci","tag-mammobus"],"_links":{"self":[{"href":"https:\/\/gazetaregionalna.com\/index.php?rest_route=\/wp\/v2\/posts\/42277","targetHints":{"allow":["GET"]}}],"collection":[{"href":"https:\/\/gazetaregionalna.com\/index.php?rest_route=\/wp\/v2\/posts"}],"about":[{"href":"https:\/\/gazetaregionalna.com\/index.php?rest_route=\/wp\/v2\/types\/post"}],"author":[{"embeddable":true,"href":"https:\/\/gazetaregionalna.com\/index.php?rest_route=\/wp\/v2\/users\/12"}],"replies":[{"embeddable":true,"href":"https:\/\/gazetaregionalna.com\/index.php?rest_route=%2Fwp%2Fv2%2Fcomments&post=42277"}],"version-history":[{"count":1,"href":"https:\/\/gazetaregionalna.com\/index.php?rest_route=\/wp\/v2\/posts\/42277\/revisions"}],"predecessor-version":[{"id":42279,"href":"https:\/\/gazetaregionalna.com\/index.php?rest_route=\/wp\/v2\/posts\/42277\/revisions\/42279"}],"wp:featuredmedia":[{"embeddable":true,"href":"https:\/\/gazetaregionalna.com\/index.php?rest_route=\/wp\/v2\/media\/42219"}],"wp:attachment":[{"href":"https:\/\/gazetaregionalna.com\/index.php?rest_route=%2Fwp%2Fv2%2Fmedia&parent=42277"}],"wp:term":[{"taxonomy":"category","embeddable":true,"href":"https:\/\/gazetaregionalna.com\/index.php?rest_route=%2Fwp%2Fv2%2Fcategories&post=42277"},{"taxonomy":"post_tag","embeddable":true,"href":"https:\/\/gazetaregionalna.com\/index.php?rest_route=%2Fwp%2Fv2%2Ftags&post=42277"}],"curies":[{"name":"wp","href":"https:\/\/api.w.org\/{rel}","templated":true}]}}