{"id":4223,"date":"2019-07-08T07:08:26","date_gmt":"2019-07-08T07:08:26","guid":{"rendered":"https:\/\/gazetaregionalna.com\/?p=4223"},"modified":"2019-07-08T07:08:29","modified_gmt":"2019-07-08T07:08:29","slug":"mozna-nauczyc-sie-ratowac","status":"publish","type":"post","link":"https:\/\/gazetaregionalna.com\/?p=4223","title":{"rendered":"Mo\u017cna nauczy\u0107 si\u0119  ratowa\u0107"},"content":{"rendered":"\n<p> Stowarzyszenie Sztab Ratownictwa i \u0141\u0105czno\u015bci w Cz\u0119stochowie\u00a0RESCUE\u00a0TEAM rozpocz\u0105\u0142 nowy projekt pod has\u0142em Akademia Pierwszej Pomocy dla NGO&#8221;. Skierowany\u00a0do\u00a0cz\u0142onk\u00f3w organizacji pozarz\u0105dowych. W ramach tego projektu od lipca do grudnia organizowane b\u0119d\u0105 bezp\u0142atne warsztaty z udzielania pierwszej pomocy.<br> Uczestnicy warsztat\u00f3w zdob\u0119d\u0105 niezb\u0119dn\u0105 wiedz\u0119 teoretyczn\u0105 oraz praktyczn\u0105 na temat post\u0119powania w stanach zagro\u017cenia \u017cycia i zdrowia.<\/p>\n\n\n\n<figure class=\"wp-block-image\"><img decoding=\"async\" width=\"1024\" height=\"682\" data-src=\"https:\/\/gazetaregionalna.com\/wp-content\/uploads\/2019\/07\/first-aid-4089599_1280-1024x682.jpg\" alt=\"\" class=\"wp-image-4224 lazyload\" data-srcset=\"https:\/\/gazetaregionalna.com\/wp-content\/uploads\/2019\/07\/first-aid-4089599_1280-1024x682.jpg 1024w, https:\/\/gazetaregionalna.com\/wp-content\/uploads\/2019\/07\/first-aid-4089599_1280-300x200.jpg 300w, https:\/\/gazetaregionalna.com\/wp-content\/uploads\/2019\/07\/first-aid-4089599_1280-768x512.jpg 768w, https:\/\/gazetaregionalna.com\/wp-content\/uploads\/2019\/07\/first-aid-4089599_1280.jpg 1280w\" data-sizes=\"(max-width: 1024px) 100vw, 1024px\" src=\"data:image\/svg+xml;base64,PHN2ZyB3aWR0aD0iMSIgaGVpZ2h0PSIxIiB4bWxucz0iaHR0cDovL3d3dy53My5vcmcvMjAwMC9zdmciPjwvc3ZnPg==\" style=\"--smush-placeholder-width: 1024px; --smush-placeholder-aspect-ratio: 1024\/682;\" \/><\/figure>\n\n\n\n<p><br> Warsztaty zosta\u0142y podzielone na dwa modu\u0142y:<br> I\u00a0modu\u0142 \u2014 Pierwsza\u00a0pomoc w stanach zagro\u017cenia\u00a0\u017cycia \u2014 w\u00a0tym module uczestnik dowie si\u0119\u00a0m.in.\u00a0jak rozpozna\u0107 zatrzymanie akcji serca oraz jak wykonywa\u0107 resuscytacj\u0119, co zrobi\u0107 przy zad\u0142awieniu, jak u\u0142o\u017cy\u0107 poszkodowanego w pozycji bocznej, kiedy i jak wezwa\u0107 pogotowie.<br> II\u00a0modu\u0142 \u2014 Pierwsza\u00a0pomoc w stanach zagro\u017cenia\u00a0zdrowia \u2014 w\u00a0tym module uczestnik dowie si\u0119 m.in. jak post\u0119powa\u0107 przy omdleniu, co zrobi\u0107 przy ataku padaczki, kiedy wezwa\u0107 pogotowie przy urazie, jak r\u00f3\u017cnicowa\u0107 b\u00f3l w klatce piersiowej, kiedy poda\u0107\u00a0ampu\u0142ko strzykawk\u0119\u00a0w cukrzycy, jak post\u0119powa\u0107 przy udarze m\u00f3zgu, kiedy mierzymy ci\u015bnienie t\u0119tnicze.<br> Zaj\u0119cia odbywa\u0107 si\u0119 b\u0119d\u0105 w ka\u017cd\u0105 pierwsz\u0105 \u015brod\u0119 miesi\u0105ca od lipca do grudnia (z wyj\u0105tkiem 9 lipca) w godzinach 9:00-14:00 w Urz\u0119dzie Stanu Cywilnego przy ul. Focha 19\/21, Sala B\u0142\u0119kitna.<br> Zaj\u0119cia ko\u0144czy\u0107 si\u0119 maj\u0105 testem oraz zdobyciem przez kursant\u00f3w za\u015bwiadcze\u0144 o przebytym szkoleniu.<br> Terminy szkole\u0144:<br> I\u00a0modu\u0142 \u2014 Pierwsza\u00a0pomoc w stanach zagro\u017cenia \u017cycia: 9, lipca, 4 wrze\u015bnia, 6 listopada.<br> <br> II\u00a0modu\u0142 \u2014 Pierwsza Pomoc w stanach zagro\u017cenia zdrowia: 7 sierpnia, 2 pa\u017adziernika, 4 grudnia.<br> <br> Liczba miejsca na warsztatach jest ograniczona. W jednym terminie szkoli\u0107 si\u0119 mo\u017ce jednocze\u015bnie maksymalnie 30 os\u00f3b. Z uwagi na to, jedna organizacja mo\u017ce zg\u0142osi\u0107 maksymalnie 2 swoich cz\u0142onk\u00f3w.<br> Zapisy odbywaj\u0105 si\u0119 online. Formularz zg\u0142oszeniowy znajduje si\u0119 pod adresem:<br> https:\/\/docs.google.com\/forms\/d\/e\/1FAIpQLSfMqF9Br7M31TDDzdHK1hI-9d53BWsXwFah7-iCEpmchDNqSw\/viewform<br> Informacje na temat kurs\u00f3w udzielane s\u0105 tak\u017ce telefonicznie pod numerem: 794 484 999.<br> G\u0142\u00f3wnym organizatorem jest Sztab Ratownictwa i \u0141\u0105czno\u015bci w Cz\u0119stochowie.<br> Partnerami projektu s\u0105: Jurajski O\u015brodek Wsparcia Ekonomi Spo\u0142ecznej, Agencja Rozwoju Regionalnego w Cz\u0119stochowie S.A, Miasto Cz\u0119stochowa, Wydzia\u0142 Polityki Spo\u0142ecznej, Cz\u0119stochowskie Centrum Organizacji Pozarz\u0105dowych, SP ZOZ Stacja Pogotowia Ratunkowego w Cz\u0119stochowie, Wojew\u00f3dzki Szpital Specjalistycznym im. NMP w Cz\u0119stochowie, SP ZOZ Miejski Szpital Zespolony w Cz\u0119stochowie. <\/p>\n","protected":false},"excerpt":{"rendered":"<p>Stowarzyszenie Sztab Ratownictwa i \u0141\u0105czno\u015bci w Cz\u0119stochowie\u00a0RESCUE\u00a0TEAM rozpocz\u0105\u0142 nowy projekt pod has\u0142em Akademia Pierwszej Pomocy dla NGO&#8221;. Skierowany\u00a0do\u00a0cz\u0142onk\u00f3w organizacji pozarz\u0105dowych. W ramach tego projektu<\/p>\n","protected":false},"author":3,"featured_media":4225,"comment_status":"open","ping_status":"open","sticky":false,"template":"","format":"standard","meta":{"_monsterinsights_skip_tracking":false,"_monsterinsights_sitenote_active":false,"_monsterinsights_sitenote_note":"","_monsterinsights_sitenote_category":0,"_uf_show_specific_survey":0,"_uf_disable_surveys":false,"footnotes":""},"categories":[3,2],"tags":[],"class_list":["post-4223","post","type-post","status-publish","format-standard","has-post-thumbnail","hentry","category-czestochowa-informacje","category-wiadomosci"],"_links":{"self":[{"href":"https:\/\/gazetaregionalna.com\/index.php?rest_route=\/wp\/v2\/posts\/4223","targetHints":{"allow":["GET"]}}],"collection":[{"href":"https:\/\/gazetaregionalna.com\/index.php?rest_route=\/wp\/v2\/posts"}],"about":[{"href":"https:\/\/gazetaregionalna.com\/index.php?rest_route=\/wp\/v2\/types\/post"}],"author":[{"embeddable":true,"href":"https:\/\/gazetaregionalna.com\/index.php?rest_route=\/wp\/v2\/users\/3"}],"replies":[{"embeddable":true,"href":"https:\/\/gazetaregionalna.com\/index.php?rest_route=%2Fwp%2Fv2%2Fcomments&post=4223"}],"version-history":[{"count":1,"href":"https:\/\/gazetaregionalna.com\/index.php?rest_route=\/wp\/v2\/posts\/4223\/revisions"}],"predecessor-version":[{"id":4226,"href":"https:\/\/gazetaregionalna.com\/index.php?rest_route=\/wp\/v2\/posts\/4223\/revisions\/4226"}],"wp:featuredmedia":[{"embeddable":true,"href":"https:\/\/gazetaregionalna.com\/index.php?rest_route=\/wp\/v2\/media\/4225"}],"wp:attachment":[{"href":"https:\/\/gazetaregionalna.com\/index.php?rest_route=%2Fwp%2Fv2%2Fmedia&parent=4223"}],"wp:term":[{"taxonomy":"category","embeddable":true,"href":"https:\/\/gazetaregionalna.com\/index.php?rest_route=%2Fwp%2Fv2%2Fcategories&post=4223"},{"taxonomy":"post_tag","embeddable":true,"href":"https:\/\/gazetaregionalna.com\/index.php?rest_route=%2Fwp%2Fv2%2Ftags&post=4223"}],"curies":[{"name":"wp","href":"https:\/\/api.w.org\/{rel}","templated":true}]}}