{"id":42158,"date":"2021-05-19T08:15:52","date_gmt":"2021-05-19T08:15:52","guid":{"rendered":"https:\/\/gazetaregionalna.com\/?p=42158"},"modified":"2021-05-19T08:15:54","modified_gmt":"2021-05-19T08:15:54","slug":"czas-na-dobry-klimat-w-czestochowie-twierdza-radni-i-wnioskuja-o-utworzenie-w-radzie-miasta-czestochowy-oddzielnej-komisji-klimatu","status":"publish","type":"post","link":"https:\/\/gazetaregionalna.com\/?p=42158","title":{"rendered":"Czas na dobry klimat w Cz\u0119stochowie \u2013 twierdz\u0105 radni i wnioskuj\u0105 o utworzenie w Radzie Miasta Cz\u0119stochowy oddzielnej Komisji Klimatu"},"content":{"rendered":"\n<h2 class=\"wp-block-heading\">Wniosek o powo\u0142anie Komisji Klimatu z\u0142o\u017cy\u0142 Klub Radnych Koalicji Obywatelskiej. Sprawa ma by\u0107 rozpatrywana na jutrzejszej sesji Rady Miasta.<\/h2>\n\n\n\n<p>&#8211; Wyszli\u015bmy z tak\u0105 inicjatyw\u0105, bo sprawy dotycz\u0105ce klimatu s\u0105 niezwykle wa\u017cne, o czym nie trzeba chyba nikogo przekonywa\u0107, i warto si\u0119 nimi zaj\u0105\u0107 szerzej ni\u017c dotychczas \u2013 argumentuje decyzj\u0119 klubu radny \u0141ukasz Bana\u015b. &#8211; Od Parlamentu Europejskiego, poprzez nasz polski parlament kolejne samorz\u0105dy w kraju powoduj\u0105 takie komisje. Czas wi\u0119c tak\u017ce na Cz\u0119stochow\u0119. <\/p>\n\n\n\n<p>Czym mia\u0142aby si\u0119 zaj\u0105\u0107 nowa komisja? Sprawami, kt\u00f3re do tej pory le\u017ca\u0142y w gestii r\u00f3\u017cnych komisji m.in. infrastruktury czy rozwoju oraz gospodarki. Nowe gremium ma by\u0107 powo\u0142ane, aby przekaza\u0107 wszystkie tematy dotycz\u0105ce klimatu jednemu zespo\u0142owi radnych. Ma to u\u0142atwi\u0107 prac\u0119 samorz\u0105du, a tak\u017ce, jak twierdzi radny Bana\u015b, sprawi\u0107, \u017ce kwestie dotycz\u0105ce \u015brodowiska naturalnego b\u0119d\u0105 dog\u0142\u0119bniej badane i szybciej za\u0142atwiane.<\/p>\n\n\n\n<p>&#8211; Chcemy, aby nowa komisja zajmowa\u0142a si\u0119 tymi sprawami zwi\u0105zanymi z popraw\u0105 klimatu, kt\u00f3re do tej pory le\u017c\u0105 w gestii innych komisji, a wi\u0119c na przyk\u0142ad dop\u0142atami do wymiany tak zwanych kopciuch\u00f3w czy te\u017c monta\u017cu fotowoltaiki \u2013 m\u00f3wi radny. &#8211; Mamy r\u00f3wnie\u017c sporo nowych pomys\u0142\u00f3w. Chcemy, aby ta grupa radnych zaj\u0119\u0142a si\u0119 mi\u0119dzy innymi tworzeniem program\u00f3w dla rozwoju zielonej gospodarki oraz odnawialnych \u017ar\u00f3de\u0142 energii. Priorytetem nowej komisji powinna by\u0107 tak\u017ce edukacja ekologiczna mieszka\u0144c\u00f3w Cz\u0119stochowy, a tak\u017ce przygotowanie miasta na walk\u0119 ze skutkami zjawisk takich jak nawa\u0142nice, ekstremalne temperatury czy smog \u2013 dodaje \u0141ukasz Bana\u015b. <\/p>\n\n\n\n<p>Jak przekonuj\u0105 radni KO, nowe gremium powinno si\u0119 r\u00f3wnie\u017c zaj\u0105\u0107 kwestiami zwi\u0105zanymi z szeroko poj\u0119tym porz\u0105dkiem i dba\u0142o\u015bci\u0105 o miasto.<\/p>\n\n\n\n<p>(zdj\u0119cie ilustracyjne pixabay.com)<\/p>\n","protected":false},"excerpt":{"rendered":"<p>Wniosek o powo\u0142anie Komisji Klimatu z\u0142o\u017cy\u0142 Klub Radnych Koalicji Obywatelskiej. Sprawa ma by\u0107 rozpatrywana na jutrzejszej sesji Rady Miasta. &#8211; Wyszli\u015bmy z tak\u0105 inicjatyw\u0105,<\/p>\n","protected":false},"author":7,"featured_media":42164,"comment_status":"open","ping_status":"open","sticky":false,"template":"","format":"standard","meta":{"_monsterinsights_skip_tracking":false,"_monsterinsights_sitenote_active":false,"_monsterinsights_sitenote_note":"","_monsterinsights_sitenote_category":0,"_uf_show_specific_survey":0,"_uf_disable_surveys":false,"footnotes":""},"categories":[29,3,94,2],"tags":[],"class_list":["post-42158","post","type-post","status-publish","format-standard","has-post-thumbnail","hentry","category-ekologia","category-czestochowa-informacje","category-polecane","category-wiadomosci"],"_links":{"self":[{"href":"https:\/\/gazetaregionalna.com\/index.php?rest_route=\/wp\/v2\/posts\/42158","targetHints":{"allow":["GET"]}}],"collection":[{"href":"https:\/\/gazetaregionalna.com\/index.php?rest_route=\/wp\/v2\/posts"}],"about":[{"href":"https:\/\/gazetaregionalna.com\/index.php?rest_route=\/wp\/v2\/types\/post"}],"author":[{"embeddable":true,"href":"https:\/\/gazetaregionalna.com\/index.php?rest_route=\/wp\/v2\/users\/7"}],"replies":[{"embeddable":true,"href":"https:\/\/gazetaregionalna.com\/index.php?rest_route=%2Fwp%2Fv2%2Fcomments&post=42158"}],"version-history":[{"count":5,"href":"https:\/\/gazetaregionalna.com\/index.php?rest_route=\/wp\/v2\/posts\/42158\/revisions"}],"predecessor-version":[{"id":42163,"href":"https:\/\/gazetaregionalna.com\/index.php?rest_route=\/wp\/v2\/posts\/42158\/revisions\/42163"}],"wp:featuredmedia":[{"embeddable":true,"href":"https:\/\/gazetaregionalna.com\/index.php?rest_route=\/wp\/v2\/media\/42164"}],"wp:attachment":[{"href":"https:\/\/gazetaregionalna.com\/index.php?rest_route=%2Fwp%2Fv2%2Fmedia&parent=42158"}],"wp:term":[{"taxonomy":"category","embeddable":true,"href":"https:\/\/gazetaregionalna.com\/index.php?rest_route=%2Fwp%2Fv2%2Fcategories&post=42158"},{"taxonomy":"post_tag","embeddable":true,"href":"https:\/\/gazetaregionalna.com\/index.php?rest_route=%2Fwp%2Fv2%2Ftags&post=42158"}],"curies":[{"name":"wp","href":"https:\/\/api.w.org\/{rel}","templated":true}]}}