{"id":42025,"date":"2021-05-18T07:14:53","date_gmt":"2021-05-18T07:14:53","guid":{"rendered":"https:\/\/gazetaregionalna.com\/?p=42025"},"modified":"2021-05-18T07:14:54","modified_gmt":"2021-05-18T07:14:54","slug":"ukrywal-sie-przez-rok-zostal-zatrzymany-przez-policjantow-z-czestochowy","status":"publish","type":"post","link":"https:\/\/gazetaregionalna.com\/?p=42025","title":{"rendered":"Ukrywa\u0142 si\u0119 przez rok, zosta\u0142 zatrzymany przez policjant\u00f3w z Cz\u0119stochowy"},"content":{"rendered":"\n<h3 class=\"wp-block-heading\">Funkcjonariusze z cz\u0119stochowskiego Referatu Poszukiwa\u0144 i Identyfikacji Os\u00f3b odnotowali kolejny sukces. Zatrzymali 27-latka poszukiwanego za kradzie\u017ce, w\u0142amania i oszustwa a\u017c pi\u0119cioma listami go\u0144czymi.<\/h3>\n\n\n\n<p>&#8211; Kryminalni z Cz\u0119stochowy wiele razy udowodnili, \u017ce ich dzia\u0142ania s\u0105 skuteczne i poszukiwani przest\u0119pcy pr\u0119dzej czy p\u00f3\u017aniej \u201ewpadaj\u0105\u201d w ich r\u0119ce \u2013 informuje Sabina Chyra-Giere\u015b, rzeczniczka prasowa Komendy Miejskiej Policji w Cz\u0119stochowie.- Policjanci w niedziel\u0119 zatrzymali 27-latka poszukiwanego za kradzie\u017ce, w\u0142amania i oszustwa, kt\u00f3rych dokonywa\u0142 w latach 2015 \u2013 2019. Zosta\u0142 zatrzymany w jednym z mieszka\u0144 w Cz\u0119stochowie po tym, jak dzie\u0144 wcze\u015bniej wr\u00f3ci\u0142 z Holandii, gdzie przez rok si\u0119 ukrywa\u0142 przed wymiarem sprawiedliwo\u015bci. <\/p>\n\n\n\n<p>Teraz zatrzymany m\u0119\u017cczyzna za pope\u0142nione przest\u0119pstwa najbli\u017csze 2,5 roku sp\u0119dzi w wi\u0119zieniu.<\/p>\n","protected":false},"excerpt":{"rendered":"<p>Funkcjonariusze z cz\u0119stochowskiego Referatu Poszukiwa\u0144 i Identyfikacji Os\u00f3b odnotowali kolejny sukces. Zatrzymali 27-latka poszukiwanego za kradzie\u017ce, w\u0142amania i oszustwa a\u017c pi\u0119cioma listami go\u0144czymi. &#8211;<\/p>\n","protected":false},"author":7,"featured_media":42029,"comment_status":"open","ping_status":"open","sticky":false,"template":"","format":"standard","meta":{"_monsterinsights_skip_tracking":false,"_monsterinsights_sitenote_active":false,"_monsterinsights_sitenote_note":"","_monsterinsights_sitenote_category":0,"_uf_show_specific_survey":0,"_uf_disable_surveys":false,"footnotes":""},"categories":[2,3],"tags":[],"class_list":["post-42025","post","type-post","status-publish","format-standard","has-post-thumbnail","hentry","category-wiadomosci","category-czestochowa-informacje"],"_links":{"self":[{"href":"https:\/\/gazetaregionalna.com\/index.php?rest_route=\/wp\/v2\/posts\/42025","targetHints":{"allow":["GET"]}}],"collection":[{"href":"https:\/\/gazetaregionalna.com\/index.php?rest_route=\/wp\/v2\/posts"}],"about":[{"href":"https:\/\/gazetaregionalna.com\/index.php?rest_route=\/wp\/v2\/types\/post"}],"author":[{"embeddable":true,"href":"https:\/\/gazetaregionalna.com\/index.php?rest_route=\/wp\/v2\/users\/7"}],"replies":[{"embeddable":true,"href":"https:\/\/gazetaregionalna.com\/index.php?rest_route=%2Fwp%2Fv2%2Fcomments&post=42025"}],"version-history":[{"count":3,"href":"https:\/\/gazetaregionalna.com\/index.php?rest_route=\/wp\/v2\/posts\/42025\/revisions"}],"predecessor-version":[{"id":42028,"href":"https:\/\/gazetaregionalna.com\/index.php?rest_route=\/wp\/v2\/posts\/42025\/revisions\/42028"}],"wp:featuredmedia":[{"embeddable":true,"href":"https:\/\/gazetaregionalna.com\/index.php?rest_route=\/wp\/v2\/media\/42029"}],"wp:attachment":[{"href":"https:\/\/gazetaregionalna.com\/index.php?rest_route=%2Fwp%2Fv2%2Fmedia&parent=42025"}],"wp:term":[{"taxonomy":"category","embeddable":true,"href":"https:\/\/gazetaregionalna.com\/index.php?rest_route=%2Fwp%2Fv2%2Fcategories&post=42025"},{"taxonomy":"post_tag","embeddable":true,"href":"https:\/\/gazetaregionalna.com\/index.php?rest_route=%2Fwp%2Fv2%2Ftags&post=42025"}],"curies":[{"name":"wp","href":"https:\/\/api.w.org\/{rel}","templated":true}]}}