{"id":42013,"date":"2021-05-18T06:56:35","date_gmt":"2021-05-18T06:56:35","guid":{"rendered":"https:\/\/gazetaregionalna.com\/?p=42013"},"modified":"2021-05-18T10:53:38","modified_gmt":"2021-05-18T10:53:38","slug":"czestochowski-stary-rynek-o-oku-kamery-i-to-nie-jednej","status":"publish","type":"post","link":"https:\/\/gazetaregionalna.com\/?p=42013","title":{"rendered":"Cz\u0119stochowski Stary Rynek w oku kamery. Mo\u017cna go teraz ogl\u0105da\u0107 za po\u015brednictwem internetu na ca\u0142ym \u015bwiecie"},"content":{"rendered":"\n<h2 class=\"wp-block-heading\">Uruchomiono dwie internetowe kamery promocyjne pokazuj\u0105ce na \u017cywo obraz z Cz\u0119stochowy. Instalacj\u0119 kamer w\u0142adze Cz\u0119stochowy uzgodni\u0142y z podmiotem zewn\u0119trznym, zainteresowanym transmitowaniem takiego przekazu. Od teraz \u201epodgl\u0105da\u0107\u201d mo\u017cna z ka\u017cdego zak\u0105tka \u015bwiata Stary Rynek oraz okolice Jasnej G\u00f3ry.<\/h2>\n\n\n\n<p>Przekaz w czasie rzeczywistym odbywa si\u0119 ca\u0142\u0105 dob\u0119. Nowo wyremontowany Stary Rynek mo\u017cna ogl\u0105da\u0107 dzi\u0119ki tzw. sta\u0142opozycyjnej, czyli nieruchomej kamerze, z kt\u00f3rej obraz transmitowany jest na bie\u017c\u0105co pod adresem&nbsp;<a href=\"https:\/\/czestochowa-rynek.webcamera.pl\/\" class=\"rank-math-link\" target=\"_blank\" rel=\"noopener\">https:\/\/czestochowa-rynek.webcamera.pl<\/a><\/p>\n\n\n\n<p>Widok b\u0142oni podjasnog\u00f3rskich i klasztoru od strony alei Naj\u015bwi\u0119tszej Maryi Panny dost\u0119pny jest natomiast pod linkiem&nbsp;<a href=\"https:\/\/czestochowa-jasna-gora.webcamera.pl\/\" target=\"_blank\" rel=\"noopener\">https:\/\/czestochowa-jasna-gora.webcamera.pl\/<\/a><br><br>O monta\u017c internetowych kamer wyst\u0105pili do miasta radni Klubu Wsp\u00f3lnie dla Cz\u0119stochowy miesi\u0105c temu. Pisali\u015bmy o tym pomy\u015ble jako pierwsi tutaj:<\/p>\n\n\n\n<figure class=\"wp-block-embed is-type-wp-embed is-provider-gazeta-regionalna wp-block-embed-gazeta-regionalna\"><div class=\"wp-block-embed__wrapper\">\n<div class=\"fitvids-video\"><blockquote class=\"wp-embedded-content\" data-secret=\"VCs0ky0Npq\"><a href=\"https:\/\/gazetaregionalna.com\/radni-chca-aby-wyremontowany-stary-rynek-w-czestochowie-mogli-podziwiac-internauci\/\">Radni chc\u0105, aby wyremontowany Stary Rynek w Cz\u0119stochowie mogli podziwia\u0107 internauci<\/a><\/blockquote><iframe class=\"wp-embedded-content lazyload\" sandbox=\"allow-scripts\" security=\"restricted\" style=\"position: absolute; clip: rect(1px, 1px, 1px, 1px);\" title=\"&#8222;Radni chc\u0105, aby wyremontowany Stary Rynek w Cz\u0119stochowie mogli podziwia\u0107 internauci&#8221; &#8212; Gazeta Regionalna\" data-src=\"https:\/\/gazetaregionalna.com\/radni-chca-aby-wyremontowany-stary-rynek-w-czestochowie-mogli-podziwiac-internauci\/embed\/#?secret=HLC0nFzCpF#?secret=VCs0ky0Npq\" data-secret=\"VCs0ky0Npq\" width=\"600\" height=\"338\" frameborder=\"0\" marginwidth=\"0\" marginheight=\"0\" scrolling=\"no\" src=\"data:image\/svg+xml;base64,PHN2ZyB3aWR0aD0iMSIgaGVpZ2h0PSIxIiB4bWxucz0iaHR0cDovL3d3dy53My5vcmcvMjAwMC9zdmciPjwvc3ZnPg==\" data-load-mode=\"1\"><\/iframe><\/div>\n<\/div><\/figure>\n\n\n\n<p><br><br>Kamera internetowa zamontowana na Starym Rynku s\u0142u\u017cy wy\u0142\u0105cznie celom promocyjnym Cz\u0119stochowy. Ze wzgl\u0119d\u00f3w bezpiecze\u0144stwa miasto uruchomi\u0142o na tym placu kilka innych kamer, tym razem w ramach miejskiego monitoringu.<\/p>\n\n\n\n<p>Zapewnieniu porz\u0105dku i bezpiecze\u0144stwa oraz zapobieganiu ewentualnym aktom wandalizmu s\u0142u\u017cy\u0107 maj\u0105 trzy nowo zamontowane punkty monitoringu. Na ka\u017cdy punkt sk\u0142adaj\u0105 si\u0119 2 kamery. \u0141\u0105cznie Starego Rynku strze\u017ce 6 kamer zewn\u0119trznych w\u0142\u0105czonych w miejski system monitoringu wizyjnego obs\u0142ugiwany przez centrum Stra\u017cy Miejskiej.<\/p>\n\n\n\n<p>To nie koniec zabezpiecze\u0144, jakie miasto zainstalowa\u0142o na Starym Rynku.<br>Szklany pawilon wystawienniczo-us\u0142ugowy stoj\u0105cy na p\u0142ycie Starego Rynku jest r\u00f3wnie\u017c wyposa\u017cony w system monitoringu wizyjnego CCTV, zainstalowany w pomieszczeniach komunikacji, stref wej\u015bciowych, pomieszcze\u0144 ekspozycji muzealnej, magazyn\u00f3w zbior\u00f3w. Dodatkowo wej\u015bcie do budynku dozoruj\u0105 kamery umo\u017cliwiaj\u0105ce identyfikacj\u0119 wchodz\u0105cych os\u00f3b. W pawilonie zamontowano \u0142\u0105cznie 26 kamer. System jest obs\u0142ugiwany przez administratora budynku, czyli Muzeum Cz\u0119stochowskie,<\/p>\n\n\n\n<p><br>(zdj\u0119cie: f<em>ragment transmisji online z kamery widokowej na Starym Rynku)<br>&nbsp;<\/em><\/p>\n","protected":false},"excerpt":{"rendered":"<p>Uruchomiono dwie internetowe kamery promocyjne pokazuj\u0105ce na \u017cywo obraz z Cz\u0119stochowy. Instalacj\u0119 kamer w\u0142adze Cz\u0119stochowy uzgodni\u0142y z podmiotem zewn\u0119trznym, zainteresowanym transmitowaniem takiego przekazu. Od<\/p>\n","protected":false},"author":7,"featured_media":42017,"comment_status":"open","ping_status":"open","sticky":false,"template":"","format":"standard","meta":{"_monsterinsights_skip_tracking":false,"_monsterinsights_sitenote_active":false,"_monsterinsights_sitenote_note":"","_monsterinsights_sitenote_category":0,"_uf_show_specific_survey":0,"_uf_disable_surveys":false,"footnotes":""},"categories":[94,3,2],"tags":[],"class_list":["post-42013","post","type-post","status-publish","format-standard","has-post-thumbnail","hentry","category-polecane","category-czestochowa-informacje","category-wiadomosci"],"_links":{"self":[{"href":"https:\/\/gazetaregionalna.com\/index.php?rest_route=\/wp\/v2\/posts\/42013","targetHints":{"allow":["GET"]}}],"collection":[{"href":"https:\/\/gazetaregionalna.com\/index.php?rest_route=\/wp\/v2\/posts"}],"about":[{"href":"https:\/\/gazetaregionalna.com\/index.php?rest_route=\/wp\/v2\/types\/post"}],"author":[{"embeddable":true,"href":"https:\/\/gazetaregionalna.com\/index.php?rest_route=\/wp\/v2\/users\/7"}],"replies":[{"embeddable":true,"href":"https:\/\/gazetaregionalna.com\/index.php?rest_route=%2Fwp%2Fv2%2Fcomments&post=42013"}],"version-history":[{"count":8,"href":"https:\/\/gazetaregionalna.com\/index.php?rest_route=\/wp\/v2\/posts\/42013\/revisions"}],"predecessor-version":[{"id":42089,"href":"https:\/\/gazetaregionalna.com\/index.php?rest_route=\/wp\/v2\/posts\/42013\/revisions\/42089"}],"wp:featuredmedia":[{"embeddable":true,"href":"https:\/\/gazetaregionalna.com\/index.php?rest_route=\/wp\/v2\/media\/42017"}],"wp:attachment":[{"href":"https:\/\/gazetaregionalna.com\/index.php?rest_route=%2Fwp%2Fv2%2Fmedia&parent=42013"}],"wp:term":[{"taxonomy":"category","embeddable":true,"href":"https:\/\/gazetaregionalna.com\/index.php?rest_route=%2Fwp%2Fv2%2Fcategories&post=42013"},{"taxonomy":"post_tag","embeddable":true,"href":"https:\/\/gazetaregionalna.com\/index.php?rest_route=%2Fwp%2Fv2%2Ftags&post=42013"}],"curies":[{"name":"wp","href":"https:\/\/api.w.org\/{rel}","templated":true}]}}