{"id":4177,"date":"2019-07-04T12:25:55","date_gmt":"2019-07-04T12:25:55","guid":{"rendered":"https:\/\/gazetaregionalna.com\/?p=4177"},"modified":"2019-07-04T12:25:58","modified_gmt":"2019-07-04T12:25:58","slug":"miasto-swietuje-2","status":"publish","type":"post","link":"https:\/\/gazetaregionalna.com\/?p=4177","title":{"rendered":"Miasto \u015bwi\u0119tuje"},"content":{"rendered":"\n<p>\nW\nnajbli\u017cszy weekend \u2013 6 i  7 lipca odb\u0119d\u0105 si\u0119 kolejne Dni\nMyszkowa. Jak co roku  organizatorzy \u015bwi\u0119ta miasta przygotowali\nwiele atrakcji. Na Placu Dworcowym stanie scena, na kt\u00f3rej\nzaprezentuj\u0105 si\u0119 soli\u015bci i zespo\u0142y. Sobotni\u0105 gwiazd\u0105 Dni\nMyszkowa b\u0119dzie Formacja Nie\u017cywych Schabuff, kt\u00f3ra wyst\u0105pi o\ngodzinie 21. W niedziel\u0119, o godzinie 20,40 natomiast za\u015bpiewa Piotr\nCugowski. Poza tymi artystami  na scenie odb\u0119d\u0105 si\u0119 pokazy\ntaneczne dzieci i m\u0142odzie\u017cy. W\npobli\u017cu stanie ponadto weso\u0142e miasteczko, powstanie tak\u017ce strefa\ngastronomiczna.<\/p>\n\n\n\n<figure class=\"wp-block-image\"><img decoding=\"async\" width=\"666\" height=\"960\" data-src=\"https:\/\/gazetaregionalna.com\/wp-content\/uploads\/2019\/07\/dni-myszkowa.jpg\" alt=\"\" class=\"wp-image-4178 lazyload\" data-srcset=\"https:\/\/gazetaregionalna.com\/wp-content\/uploads\/2019\/07\/dni-myszkowa.jpg 666w, https:\/\/gazetaregionalna.com\/wp-content\/uploads\/2019\/07\/dni-myszkowa-208x300.jpg 208w\" data-sizes=\"(max-width: 666px) 100vw, 666px\" src=\"data:image\/svg+xml;base64,PHN2ZyB3aWR0aD0iMSIgaGVpZ2h0PSIxIiB4bWxucz0iaHR0cDovL3d3dy53My5vcmcvMjAwMC9zdmciPjwvc3ZnPg==\" style=\"--smush-placeholder-width: 666px; --smush-placeholder-aspect-ratio: 666\/960;\" \/><\/figure>\n\n\n\n<p>\nW\nzwi\u0105zku z imprez\u0105, na Placu Dworcowym w Myszkowie\nnast\u0105pi czasowa zmiana organizacji ruchu.<\/p>\n\n\n\n<p><strong>O<\/strong><strong>d\ngodz<\/strong><strong>iny<\/strong><strong>\n4 <\/strong><strong>w\nsobot\u0119 6 lipca do godziny 24 w niedziel\u0119 <\/strong>wstrzymany\nb\u0119dzie\nruch\nko\u0142owy w\nrejonie:\nul. S\u0142owackiego (odcinek od skrzy\u017cowania z ul. Sp\u00f3\u0142dzielcz\u0105 do\nskrzy\u017cowania z ul. Ko\u015bciuszki), 1-go Maja (odcinek od ronda Flagi\nRP do ul. Ko\u015bciuszki), ul. T. Ko\u015bciuszki (od skrzy\u017cowania z ul.\nS\u0142owackiego do skrzy\u017cowania z ul. Ko\u015bciuszki i ul. PCK), Plac\nDworcowy.<\/p>\n","protected":false},"excerpt":{"rendered":"<p>W najbli\u017cszy weekend \u2013 6 i 7 lipca odb\u0119d\u0105 si\u0119 kolejne Dni Myszkowa. Jak co roku organizatorzy \u015bwi\u0119ta miasta przygotowali wiele atrakcji. Na Placu<\/p>\n","protected":false},"author":3,"featured_media":4178,"comment_status":"open","ping_status":"open","sticky":false,"template":"","format":"standard","meta":{"_monsterinsights_skip_tracking":false,"_monsterinsights_sitenote_active":false,"_monsterinsights_sitenote_note":"","_monsterinsights_sitenote_category":0,"_uf_show_specific_survey":0,"_uf_disable_surveys":false,"footnotes":""},"categories":[12,26,2],"tags":[],"class_list":["post-4177","post","type-post","status-publish","format-standard","has-post-thumbnail","hentry","category-kultura-i-rozrywka","category-myszkow","category-wiadomosci"],"_links":{"self":[{"href":"https:\/\/gazetaregionalna.com\/index.php?rest_route=\/wp\/v2\/posts\/4177","targetHints":{"allow":["GET"]}}],"collection":[{"href":"https:\/\/gazetaregionalna.com\/index.php?rest_route=\/wp\/v2\/posts"}],"about":[{"href":"https:\/\/gazetaregionalna.com\/index.php?rest_route=\/wp\/v2\/types\/post"}],"author":[{"embeddable":true,"href":"https:\/\/gazetaregionalna.com\/index.php?rest_route=\/wp\/v2\/users\/3"}],"replies":[{"embeddable":true,"href":"https:\/\/gazetaregionalna.com\/index.php?rest_route=%2Fwp%2Fv2%2Fcomments&post=4177"}],"version-history":[{"count":1,"href":"https:\/\/gazetaregionalna.com\/index.php?rest_route=\/wp\/v2\/posts\/4177\/revisions"}],"predecessor-version":[{"id":4179,"href":"https:\/\/gazetaregionalna.com\/index.php?rest_route=\/wp\/v2\/posts\/4177\/revisions\/4179"}],"wp:featuredmedia":[{"embeddable":true,"href":"https:\/\/gazetaregionalna.com\/index.php?rest_route=\/wp\/v2\/media\/4178"}],"wp:attachment":[{"href":"https:\/\/gazetaregionalna.com\/index.php?rest_route=%2Fwp%2Fv2%2Fmedia&parent=4177"}],"wp:term":[{"taxonomy":"category","embeddable":true,"href":"https:\/\/gazetaregionalna.com\/index.php?rest_route=%2Fwp%2Fv2%2Fcategories&post=4177"},{"taxonomy":"post_tag","embeddable":true,"href":"https:\/\/gazetaregionalna.com\/index.php?rest_route=%2Fwp%2Fv2%2Ftags&post=4177"}],"curies":[{"name":"wp","href":"https:\/\/api.w.org\/{rel}","templated":true}]}}