{"id":41744,"date":"2021-05-15T07:53:21","date_gmt":"2021-05-15T07:53:21","guid":{"rendered":"https:\/\/gazetaregionalna.com\/?p=41744"},"modified":"2021-05-15T07:53:21","modified_gmt":"2021-05-15T07:53:21","slug":"trener-rakowa-marek-papszun-przed-meczem-w-szczecinie-bedziemy-chcieli-wygrac-i-zakonczyc-ten-bardzo-udany-sezon-zwyciestwem","status":"publish","type":"post","link":"https:\/\/gazetaregionalna.com\/?p=41744","title":{"rendered":"Trener Rakowa Marek Papszun przed meczem w Szczecinie: B\u0119dziemy chcieli wygra\u0107 i zako\u0144czy\u0107 ten bardzo udany sezon zwyci\u0119stwem"},"content":{"rendered":"\n<p>&#8211; W ka\u017cdym meczu zawsze grali\u015bmy o zwyci\u0119stwo i nie inaczej b\u0119dzie teraz \u2013 zapowiada trener Rakowa Marek Papszun przed niedzielnym meczem ostatniej kolejki PKO BP Ekstrakalsy w Szczecinie z trzeci\u0105 w tabeli Pogoni\u0105.<\/p>\n\n\n\n<p>Przed ostatni\u0105 kolejk\u0105 w PKO BP Ekstraklasie wicemistrz Polski Rak\u00f3w Cz\u0119stochowa ma 4 punkty przewagi nad 3. w tabeli Pogoni\u0105 Szczecin. Cz\u0119stochowscy pi\u0142karze chc\u0105 jednak w dobrych nastrojach zako\u0144czy\u0107 najlepszy sezon w historii Rakowa.<\/p>\n\n\n\n<p>&#8211; Ostatni b\u00f3j, najdalszy wyjazd \u2013 m\u00f3wi przed meczem w Szczecinie trener Rakowa Marek Papszun. &#8211; Wydawa\u0142oby si\u0119, \u017ce mecz ma\u0142o istotny, ale dla nas wa\u017cny, bo w ka\u017cdym meczu zawsze grali\u015bmy o zwyci\u0119stwo i nie inaczej b\u0119dzie teraz. Dlatego powa\u017cnie podchodzimy do tego spotkania i b\u0119dziemy chcieli wygra\u0107 i zako\u0144czy\u0107 ten bardzo udany sezon zwyci\u0119stwem. I kontynuowa\u0107 swoj\u0105 pass\u0119 wielu mecz\u00f3w nieprzegranych, wielu zwyci\u0119stw. To te\u017c jest dla nas istotne. Jedziemy po zwyci\u0119stwo. I oczekuje postawy godnej wicemistrza Polski i zdobywcy Pucharu. I to te\u017c jest nasz obowi\u0105zek, aby ten poziom trzyma\u0107. Statystyki nie k\u0142ami\u0105. To bardzo dobry rywal. Rywal, kt\u00f3ry z nami ca\u0142y czas si\u0119 tasowa\u0142 w tej czo\u0142\u00f3wce i od pocz\u0105tku by\u0142. Ten klub mocno si\u0119 rozwija, dru\u017cyna si\u0119 rozwija. Trener te\u017c d\u0142ugo pracuje i nada\u0142 te\u017c szlif temu zespo\u0142owi. Te\u017c s\u0105 tam spore mo\u017cliwo\u015bci co do transfer\u00f3w. Wi\u0119c to nie jest przypadek. Na pewno trudne spotkanie, ale wiele trudnych ju\u017c rozegrali\u015bmy, ale te\u017c zwyci\u0119skich.<\/p>\n\n\n\n<p>MRK<\/p>\n\n\n\n<p>Foto: Gazeta Regionalna\/AK<\/p>\n\n\n\n<figure class=\"wp-block-image size-large\"><img decoding=\"async\" width=\"1024\" height=\"683\" data-src=\"https:\/\/gazetaregionalna.com\/wp-content\/uploads\/2021\/05\/MP-2-1024x683.jpg\" alt=\"\" class=\"wp-image-40295 lazyload\" data-srcset=\"https:\/\/gazetaregionalna.com\/wp-content\/uploads\/2021\/05\/MP-2-1024x683.jpg 1024w, https:\/\/gazetaregionalna.com\/wp-content\/uploads\/2021\/05\/MP-2-300x200.jpg 300w, https:\/\/gazetaregionalna.com\/wp-content\/uploads\/2021\/05\/MP-2-768x512.jpg 768w, https:\/\/gazetaregionalna.com\/wp-content\/uploads\/2021\/05\/MP-2-1536x1024.jpg 1536w, https:\/\/gazetaregionalna.com\/wp-content\/uploads\/2021\/05\/MP-2-2048x1365.jpg 2048w, https:\/\/gazetaregionalna.com\/wp-content\/uploads\/2021\/05\/MP-2-696x464.jpg 696w, https:\/\/gazetaregionalna.com\/wp-content\/uploads\/2021\/05\/MP-2-1068x712.jpg 1068w, https:\/\/gazetaregionalna.com\/wp-content\/uploads\/2021\/05\/MP-2-1920x1280.jpg 1920w, https:\/\/gazetaregionalna.com\/wp-content\/uploads\/2021\/05\/MP-2-630x420.jpg 630w, https:\/\/gazetaregionalna.com\/wp-content\/uploads\/2021\/05\/MP-2-scaled.jpg 1200w\" data-sizes=\"(max-width: 1024px) 100vw, 1024px\" src=\"data:image\/svg+xml;base64,PHN2ZyB3aWR0aD0iMSIgaGVpZ2h0PSIxIiB4bWxucz0iaHR0cDovL3d3dy53My5vcmcvMjAwMC9zdmciPjwvc3ZnPg==\" style=\"--smush-placeholder-width: 1024px; --smush-placeholder-aspect-ratio: 1024\/683;\" \/><\/figure>\n\n\n\n<figure class=\"wp-block-image size-large\"><img decoding=\"async\" width=\"1024\" height=\"630\" data-src=\"https:\/\/gazetaregionalna.com\/wp-content\/uploads\/2021\/05\/Rakow-Piast-2-1024x630.jpg\" alt=\"\" class=\"wp-image-41153 lazyload\" data-srcset=\"https:\/\/gazetaregionalna.com\/wp-content\/uploads\/2021\/05\/Rakow-Piast-2-1024x630.jpg 1024w, https:\/\/gazetaregionalna.com\/wp-content\/uploads\/2021\/05\/Rakow-Piast-2-300x185.jpg 300w, https:\/\/gazetaregionalna.com\/wp-content\/uploads\/2021\/05\/Rakow-Piast-2-768x473.jpg 768w, https:\/\/gazetaregionalna.com\/wp-content\/uploads\/2021\/05\/Rakow-Piast-2-1536x946.jpg 1536w, https:\/\/gazetaregionalna.com\/wp-content\/uploads\/2021\/05\/Rakow-Piast-2-2048x1261.jpg 2048w, https:\/\/gazetaregionalna.com\/wp-content\/uploads\/2021\/05\/Rakow-Piast-2-696x429.jpg 696w, https:\/\/gazetaregionalna.com\/wp-content\/uploads\/2021\/05\/Rakow-Piast-2-1068x658.jpg 1068w, https:\/\/gazetaregionalna.com\/wp-content\/uploads\/2021\/05\/Rakow-Piast-2-1920x1182.jpg 1920w, https:\/\/gazetaregionalna.com\/wp-content\/uploads\/2021\/05\/Rakow-Piast-2-682x420.jpg 682w, https:\/\/gazetaregionalna.com\/wp-content\/uploads\/2021\/05\/Rakow-Piast-2-356x220.jpg 356w, https:\/\/gazetaregionalna.com\/wp-content\/uploads\/2021\/05\/Rakow-Piast-2-scaled.jpg 1200w\" data-sizes=\"(max-width: 1024px) 100vw, 1024px\" src=\"data:image\/svg+xml;base64,PHN2ZyB3aWR0aD0iMSIgaGVpZ2h0PSIxIiB4bWxucz0iaHR0cDovL3d3dy53My5vcmcvMjAwMC9zdmciPjwvc3ZnPg==\" style=\"--smush-placeholder-width: 1024px; --smush-placeholder-aspect-ratio: 1024\/630;\" \/><\/figure>\n","protected":false},"excerpt":{"rendered":"<p>&#8211; W ka\u017cdym meczu zawsze grali\u015bmy o zwyci\u0119stwo i nie inaczej b\u0119dzie teraz \u2013 zapowiada trener Rakowa Marek Papszun przed niedzielnym meczem ostatniej kolejki<\/p>\n","protected":false},"author":15,"featured_media":40294,"comment_status":"open","ping_status":"open","sticky":false,"template":"","format":"standard","meta":{"_monsterinsights_skip_tracking":false,"_monsterinsights_sitenote_active":false,"_monsterinsights_sitenote_note":"","_monsterinsights_sitenote_category":0,"_uf_show_specific_survey":0,"_uf_disable_surveys":false,"footnotes":""},"categories":[5,6],"tags":[],"class_list":["post-41744","post","type-post","status-publish","format-standard","has-post-thumbnail","hentry","category-sport","category-pilka-nozna"],"_links":{"self":[{"href":"https:\/\/gazetaregionalna.com\/index.php?rest_route=\/wp\/v2\/posts\/41744","targetHints":{"allow":["GET"]}}],"collection":[{"href":"https:\/\/gazetaregionalna.com\/index.php?rest_route=\/wp\/v2\/posts"}],"about":[{"href":"https:\/\/gazetaregionalna.com\/index.php?rest_route=\/wp\/v2\/types\/post"}],"author":[{"embeddable":true,"href":"https:\/\/gazetaregionalna.com\/index.php?rest_route=\/wp\/v2\/users\/15"}],"replies":[{"embeddable":true,"href":"https:\/\/gazetaregionalna.com\/index.php?rest_route=%2Fwp%2Fv2%2Fcomments&post=41744"}],"version-history":[{"count":1,"href":"https:\/\/gazetaregionalna.com\/index.php?rest_route=\/wp\/v2\/posts\/41744\/revisions"}],"predecessor-version":[{"id":41745,"href":"https:\/\/gazetaregionalna.com\/index.php?rest_route=\/wp\/v2\/posts\/41744\/revisions\/41745"}],"wp:featuredmedia":[{"embeddable":true,"href":"https:\/\/gazetaregionalna.com\/index.php?rest_route=\/wp\/v2\/media\/40294"}],"wp:attachment":[{"href":"https:\/\/gazetaregionalna.com\/index.php?rest_route=%2Fwp%2Fv2%2Fmedia&parent=41744"}],"wp:term":[{"taxonomy":"category","embeddable":true,"href":"https:\/\/gazetaregionalna.com\/index.php?rest_route=%2Fwp%2Fv2%2Fcategories&post=41744"},{"taxonomy":"post_tag","embeddable":true,"href":"https:\/\/gazetaregionalna.com\/index.php?rest_route=%2Fwp%2Fv2%2Ftags&post=41744"}],"curies":[{"name":"wp","href":"https:\/\/api.w.org\/{rel}","templated":true}]}}