{"id":41713,"date":"2021-05-15T07:27:06","date_gmt":"2021-05-15T07:27:06","guid":{"rendered":"https:\/\/gazetaregionalna.com\/?p=41713"},"modified":"2021-05-15T07:27:07","modified_gmt":"2021-05-15T07:27:07","slug":"adoptuj-mnie-14","status":"publish","type":"post","link":"https:\/\/gazetaregionalna.com\/?p=41713","title":{"rendered":"Adoptuj mnie"},"content":{"rendered":"\n<h2 class=\"wp-block-heading\">W dzisiejszym k\u0105ciku adopcyjnym przedstawiamy psiaki niewidome lub bardzo s\u0142abo widz\u0105ce, czyli: Emi, Eddiego i Harveya. Takie zwierzaki najtrudniej chyba przystosowuj\u0105 si\u0119 do schroniskowej rzeczywisto\u015bci.<\/h2>\n\n\n\n<p>\u00a0&#8211; Niewidomy\u00a0 pies, trafiaj\u0105c do boksu, musi si\u0119 nagle odnale\u017a\u0107 w nieznanym miejscu, pe\u0142nym obcych zapach\u00f3w i szczekania innych ps\u00f3w \u2013 m\u00f3wi Marzena Szafert, Wiceprezes Zarz\u0105du\u00a0Stowarzyszenia Cz\u0119stochowa Dla Zwierz\u0105t.- \u00a0Jest cz\u0119sto zdezorientowany i przera\u017cony. Schronisko nie jest dobrym miejscem dla takich zwierz\u0105t, dlatego liczymy, \u017ce kto\u015b w ko\u0144cu je wypatrzy, pokocha i zaprosi do swojego domu, bo ka\u017cdy psiak z tej tr\u00f3jki bardzo tego domu potrzebuje.<\/p>\n\n\n\n<p>Stowarzyszenie Cz\u0119stochowa dla Zwierz\u0105t apeluje: &#8222;Nie obawiajmy si\u0119 adoptowa\u0107 niepe\u0142nosprawnego zwierzaka, ka\u017cdy\u00a0z nich potrafi kocha\u0107 r\u00f3wnie mocno jak ich zdrowi koledzy.\u00a0Kocha si\u0119 w ko\u0144cu sercem, nie oczami&#8230;&#8221;<\/p>\n\n\n\n<p><br><strong>Eddie\u00a0 <\/strong>(ur.2013)<\/p>\n\n\n\n<figure class=\"wp-block-gallery columns-2 is-cropped wp-block-gallery-1 is-layout-flex wp-block-gallery-is-layout-flex\"><ul class=\"blocks-gallery-grid\"><li class=\"blocks-gallery-item\"><figure><a href=\"https:\/\/gazetaregionalna.com\/wp-content\/uploads\/2021\/05\/Eddie1.jpg\"><img decoding=\"async\" width=\"943\" height=\"977\" data-src=\"https:\/\/gazetaregionalna.com\/wp-content\/uploads\/2021\/05\/Eddie1.jpg\" alt=\"\" data-id=\"41715\" data-full-url=\"https:\/\/gazetaregionalna.com\/wp-content\/uploads\/2021\/05\/Eddie1.jpg\" data-link=\"https:\/\/gazetaregionalna.com\/?attachment_id=41715\" class=\"wp-image-41715 lazyload\" data-srcset=\"https:\/\/gazetaregionalna.com\/wp-content\/uploads\/2021\/05\/Eddie1.jpg 943w, https:\/\/gazetaregionalna.com\/wp-content\/uploads\/2021\/05\/Eddie1-290x300.jpg 290w, https:\/\/gazetaregionalna.com\/wp-content\/uploads\/2021\/05\/Eddie1-768x796.jpg 768w, https:\/\/gazetaregionalna.com\/wp-content\/uploads\/2021\/05\/Eddie1-696x721.jpg 696w, https:\/\/gazetaregionalna.com\/wp-content\/uploads\/2021\/05\/Eddie1-405x420.jpg 405w\" data-sizes=\"(max-width: 943px) 100vw, 943px\" src=\"data:image\/svg+xml;base64,PHN2ZyB3aWR0aD0iMSIgaGVpZ2h0PSIxIiB4bWxucz0iaHR0cDovL3d3dy53My5vcmcvMjAwMC9zdmciPjwvc3ZnPg==\" style=\"--smush-placeholder-width: 943px; --smush-placeholder-aspect-ratio: 943\/977;\" \/><\/a><\/figure><\/li><li class=\"blocks-gallery-item\"><figure><a href=\"https:\/\/gazetaregionalna.com\/wp-content\/uploads\/2021\/05\/Eddie2.jpg\"><img decoding=\"async\" width=\"1024\" height=\"768\" data-src=\"https:\/\/gazetaregionalna.com\/wp-content\/uploads\/2021\/05\/Eddie2-1024x768.jpg\" alt=\"\" data-id=\"41716\" data-full-url=\"https:\/\/gazetaregionalna.com\/wp-content\/uploads\/2021\/05\/Eddie2.jpg\" data-link=\"https:\/\/gazetaregionalna.com\/?attachment_id=41716\" class=\"wp-image-41716 lazyload\" data-srcset=\"https:\/\/gazetaregionalna.com\/wp-content\/uploads\/2021\/05\/Eddie2-1024x768.jpg 1024w, https:\/\/gazetaregionalna.com\/wp-content\/uploads\/2021\/05\/Eddie2-300x225.jpg 300w, https:\/\/gazetaregionalna.com\/wp-content\/uploads\/2021\/05\/Eddie2-768x576.jpg 768w, https:\/\/gazetaregionalna.com\/wp-content\/uploads\/2021\/05\/Eddie2-1536x1152.jpg 1536w, https:\/\/gazetaregionalna.com\/wp-content\/uploads\/2021\/05\/Eddie2-696x522.jpg 696w, https:\/\/gazetaregionalna.com\/wp-content\/uploads\/2021\/05\/Eddie2-1068x801.jpg 1068w, https:\/\/gazetaregionalna.com\/wp-content\/uploads\/2021\/05\/Eddie2-560x420.jpg 560w, https:\/\/gazetaregionalna.com\/wp-content\/uploads\/2021\/05\/Eddie2-80x60.jpg 80w, https:\/\/gazetaregionalna.com\/wp-content\/uploads\/2021\/05\/Eddie2-265x198.jpg 265w, https:\/\/gazetaregionalna.com\/wp-content\/uploads\/2021\/05\/Eddie2.jpg 1200w\" data-sizes=\"(max-width: 1024px) 100vw, 1024px\" src=\"data:image\/svg+xml;base64,PHN2ZyB3aWR0aD0iMSIgaGVpZ2h0PSIxIiB4bWxucz0iaHR0cDovL3d3dy53My5vcmcvMjAwMC9zdmciPjwvc3ZnPg==\" style=\"--smush-placeholder-width: 1024px; --smush-placeholder-aspect-ratio: 1024\/768;\" \/><\/a><\/figure><\/li><li class=\"blocks-gallery-item\"><figure><a href=\"https:\/\/gazetaregionalna.com\/wp-content\/uploads\/2021\/05\/Eddie3.jpg\"><img decoding=\"async\" width=\"1024\" height=\"768\" data-src=\"https:\/\/gazetaregionalna.com\/wp-content\/uploads\/2021\/05\/Eddie3-1024x768.jpg\" alt=\"\" data-id=\"41717\" data-full-url=\"https:\/\/gazetaregionalna.com\/wp-content\/uploads\/2021\/05\/Eddie3.jpg\" data-link=\"https:\/\/gazetaregionalna.com\/?attachment_id=41717\" class=\"wp-image-41717 lazyload\" data-srcset=\"https:\/\/gazetaregionalna.com\/wp-content\/uploads\/2021\/05\/Eddie3-1024x768.jpg 1024w, https:\/\/gazetaregionalna.com\/wp-content\/uploads\/2021\/05\/Eddie3-300x225.jpg 300w, https:\/\/gazetaregionalna.com\/wp-content\/uploads\/2021\/05\/Eddie3-768x576.jpg 768w, https:\/\/gazetaregionalna.com\/wp-content\/uploads\/2021\/05\/Eddie3-1536x1152.jpg 1536w, https:\/\/gazetaregionalna.com\/wp-content\/uploads\/2021\/05\/Eddie3-696x522.jpg 696w, https:\/\/gazetaregionalna.com\/wp-content\/uploads\/2021\/05\/Eddie3-1068x801.jpg 1068w, https:\/\/gazetaregionalna.com\/wp-content\/uploads\/2021\/05\/Eddie3-560x420.jpg 560w, https:\/\/gazetaregionalna.com\/wp-content\/uploads\/2021\/05\/Eddie3-80x60.jpg 80w, https:\/\/gazetaregionalna.com\/wp-content\/uploads\/2021\/05\/Eddie3-265x198.jpg 265w, https:\/\/gazetaregionalna.com\/wp-content\/uploads\/2021\/05\/Eddie3.jpg 1200w\" data-sizes=\"(max-width: 1024px) 100vw, 1024px\" src=\"data:image\/svg+xml;base64,PHN2ZyB3aWR0aD0iMSIgaGVpZ2h0PSIxIiB4bWxucz0iaHR0cDovL3d3dy53My5vcmcvMjAwMC9zdmciPjwvc3ZnPg==\" style=\"--smush-placeholder-width: 1024px; --smush-placeholder-aspect-ratio: 1024\/768;\" \/><\/a><\/figure><\/li><li class=\"blocks-gallery-item\"><figure><a href=\"https:\/\/gazetaregionalna.com\/wp-content\/uploads\/2021\/05\/Eddie4.jpg\"><img decoding=\"async\" width=\"800\" height=\"533\" data-src=\"https:\/\/gazetaregionalna.com\/wp-content\/uploads\/2021\/05\/Eddie4.jpg\" alt=\"\" data-id=\"41718\" data-full-url=\"https:\/\/gazetaregionalna.com\/wp-content\/uploads\/2021\/05\/Eddie4.jpg\" data-link=\"https:\/\/gazetaregionalna.com\/?attachment_id=41718\" class=\"wp-image-41718 lazyload\" data-srcset=\"https:\/\/gazetaregionalna.com\/wp-content\/uploads\/2021\/05\/Eddie4.jpg 800w, https:\/\/gazetaregionalna.com\/wp-content\/uploads\/2021\/05\/Eddie4-300x200.jpg 300w, https:\/\/gazetaregionalna.com\/wp-content\/uploads\/2021\/05\/Eddie4-768x512.jpg 768w, https:\/\/gazetaregionalna.com\/wp-content\/uploads\/2021\/05\/Eddie4-696x464.jpg 696w, https:\/\/gazetaregionalna.com\/wp-content\/uploads\/2021\/05\/Eddie4-630x420.jpg 630w\" data-sizes=\"(max-width: 800px) 100vw, 800px\" src=\"data:image\/svg+xml;base64,PHN2ZyB3aWR0aD0iMSIgaGVpZ2h0PSIxIiB4bWxucz0iaHR0cDovL3d3dy53My5vcmcvMjAwMC9zdmciPjwvc3ZnPg==\" style=\"--smush-placeholder-width: 800px; --smush-placeholder-aspect-ratio: 800\/533;\" \/><\/a><\/figure><\/li><\/ul><\/figure>\n\n\n\n<p>To du\u017cy, sympatyczny pies, kt\u00f3ry niestety straci\u0142 wzrok. Dlatego przed planowan\u0105 adopcj\u0105 nale\u017cy skontaktowa\u0107 si\u0119 z lekarzem weterynarii w Schronisku. Potrzebuje du\u017co ciep\u0142a, uwagi i cierpliwo\u015bci oraz poczucia bezpiecze\u0144stwa. Ze wzgl\u0119du na to, \u017ce nie widzi co si\u0119 wok\u00f3\u0142 niego dzieje, musi by\u0107 prowadzony na smyczy ostro\u017cnie i mie\u0107 bardzo bezpieczne warunki do \u017cycia. Czeka na kogo\u015b, kto pokocha go ca\u0142ym sercem.<\/p>\n\n\n\n<p>Przed adopcj\u0105 wskazane s\u0105 spacery zapoznawcze w celu nawi\u0105zania pozytywnej relacji z pieskiem. Konieczna b\u0119dzie r\u00f3wnie\u017c wizyta przedadopcyjna. Do Schroniska trafi\u0142 dn. 20.01.2019r.\u00a0 <strong>Boks: A 32,\u00a0 numer karty<\/strong>:\u00a0<strong>39\/19<\/strong><\/p>\n\n\n\n<p><strong>Kontakt w sprawie adopcji: Schronisko dla Bezdomnych Zwierz\u0105t w Cz\u0119stochowie ul. Gilowa 44\/46 tel. 34 361-65-66<\/strong>&nbsp;<\/p>\n\n\n\n<p><strong>Emi<\/strong> (ur. 2019)<\/p>\n\n\n\n<figure class=\"wp-block-gallery columns-2 is-cropped wp-block-gallery-2 is-layout-flex wp-block-gallery-is-layout-flex\"><ul class=\"blocks-gallery-grid\"><li class=\"blocks-gallery-item\"><figure><a href=\"https:\/\/gazetaregionalna.com\/wp-content\/uploads\/2021\/05\/Emi1.jpg\"><img decoding=\"async\" width=\"275\" height=\"206\" data-src=\"https:\/\/gazetaregionalna.com\/wp-content\/uploads\/2021\/05\/Emi1.jpg\" alt=\"\" data-id=\"41721\" data-full-url=\"https:\/\/gazetaregionalna.com\/wp-content\/uploads\/2021\/05\/Emi1.jpg\" data-link=\"https:\/\/gazetaregionalna.com\/?attachment_id=41721\" class=\"wp-image-41721 lazyload\" data-srcset=\"https:\/\/gazetaregionalna.com\/wp-content\/uploads\/2021\/05\/Emi1.jpg 275w, https:\/\/gazetaregionalna.com\/wp-content\/uploads\/2021\/05\/Emi1-80x60.jpg 80w, https:\/\/gazetaregionalna.com\/wp-content\/uploads\/2021\/05\/Emi1-265x198.jpg 265w\" data-sizes=\"(max-width: 275px) 100vw, 275px\" src=\"data:image\/svg+xml;base64,PHN2ZyB3aWR0aD0iMSIgaGVpZ2h0PSIxIiB4bWxucz0iaHR0cDovL3d3dy53My5vcmcvMjAwMC9zdmciPjwvc3ZnPg==\" style=\"--smush-placeholder-width: 275px; --smush-placeholder-aspect-ratio: 275\/206;\" \/><\/a><\/figure><\/li><li class=\"blocks-gallery-item\"><figure><a href=\"https:\/\/gazetaregionalna.com\/wp-content\/uploads\/2021\/05\/Emi3.jpg\"><img decoding=\"async\" width=\"888\" height=\"916\" data-src=\"https:\/\/gazetaregionalna.com\/wp-content\/uploads\/2021\/05\/Emi3.jpg\" alt=\"\" data-id=\"41722\" data-full-url=\"https:\/\/gazetaregionalna.com\/wp-content\/uploads\/2021\/05\/Emi3.jpg\" data-link=\"https:\/\/gazetaregionalna.com\/?attachment_id=41722\" class=\"wp-image-41722 lazyload\" data-srcset=\"https:\/\/gazetaregionalna.com\/wp-content\/uploads\/2021\/05\/Emi3.jpg 888w, https:\/\/gazetaregionalna.com\/wp-content\/uploads\/2021\/05\/Emi3-291x300.jpg 291w, https:\/\/gazetaregionalna.com\/wp-content\/uploads\/2021\/05\/Emi3-768x792.jpg 768w, https:\/\/gazetaregionalna.com\/wp-content\/uploads\/2021\/05\/Emi3-696x718.jpg 696w, https:\/\/gazetaregionalna.com\/wp-content\/uploads\/2021\/05\/Emi3-407x420.jpg 407w\" data-sizes=\"(max-width: 888px) 100vw, 888px\" src=\"data:image\/svg+xml;base64,PHN2ZyB3aWR0aD0iMSIgaGVpZ2h0PSIxIiB4bWxucz0iaHR0cDovL3d3dy53My5vcmcvMjAwMC9zdmciPjwvc3ZnPg==\" style=\"--smush-placeholder-width: 888px; --smush-placeholder-aspect-ratio: 888\/916;\" \/><\/a><\/figure><\/li><li class=\"blocks-gallery-item\"><figure><a href=\"https:\/\/gazetaregionalna.com\/wp-content\/uploads\/2021\/05\/Emi4.jpg\"><img decoding=\"async\" width=\"275\" height=\"206\" data-src=\"https:\/\/gazetaregionalna.com\/wp-content\/uploads\/2021\/05\/Emi4.jpg\" alt=\"\" data-id=\"41723\" data-full-url=\"https:\/\/gazetaregionalna.com\/wp-content\/uploads\/2021\/05\/Emi4.jpg\" data-link=\"https:\/\/gazetaregionalna.com\/?attachment_id=41723\" class=\"wp-image-41723 lazyload\" data-srcset=\"https:\/\/gazetaregionalna.com\/wp-content\/uploads\/2021\/05\/Emi4.jpg 275w, https:\/\/gazetaregionalna.com\/wp-content\/uploads\/2021\/05\/Emi4-80x60.jpg 80w, https:\/\/gazetaregionalna.com\/wp-content\/uploads\/2021\/05\/Emi4-265x198.jpg 265w\" data-sizes=\"(max-width: 275px) 100vw, 275px\" src=\"data:image\/svg+xml;base64,PHN2ZyB3aWR0aD0iMSIgaGVpZ2h0PSIxIiB4bWxucz0iaHR0cDovL3d3dy53My5vcmcvMjAwMC9zdmciPjwvc3ZnPg==\" style=\"--smush-placeholder-width: 275px; --smush-placeholder-aspect-ratio: 275\/206;\" \/><\/a><\/figure><\/li><li class=\"blocks-gallery-item\"><figure><a href=\"https:\/\/gazetaregionalna.com\/wp-content\/uploads\/2021\/05\/Eni2.jpg\"><img decoding=\"async\" width=\"1024\" height=\"885\" data-src=\"https:\/\/gazetaregionalna.com\/wp-content\/uploads\/2021\/05\/Eni2.jpg\" alt=\"\" data-id=\"41724\" data-full-url=\"https:\/\/gazetaregionalna.com\/wp-content\/uploads\/2021\/05\/Eni2.jpg\" data-link=\"https:\/\/gazetaregionalna.com\/?attachment_id=41724\" class=\"wp-image-41724 lazyload\" data-srcset=\"https:\/\/gazetaregionalna.com\/wp-content\/uploads\/2021\/05\/Eni2.jpg 1024w, https:\/\/gazetaregionalna.com\/wp-content\/uploads\/2021\/05\/Eni2-300x259.jpg 300w, https:\/\/gazetaregionalna.com\/wp-content\/uploads\/2021\/05\/Eni2-768x664.jpg 768w, https:\/\/gazetaregionalna.com\/wp-content\/uploads\/2021\/05\/Eni2-696x602.jpg 696w, https:\/\/gazetaregionalna.com\/wp-content\/uploads\/2021\/05\/Eni2-486x420.jpg 486w, https:\/\/gazetaregionalna.com\/wp-content\/uploads\/2021\/05\/Eni2-534x462.jpg 534w\" data-sizes=\"(max-width: 1024px) 100vw, 1024px\" src=\"data:image\/svg+xml;base64,PHN2ZyB3aWR0aD0iMSIgaGVpZ2h0PSIxIiB4bWxucz0iaHR0cDovL3d3dy53My5vcmcvMjAwMC9zdmciPjwvc3ZnPg==\" style=\"--smush-placeholder-width: 1024px; --smush-placeholder-aspect-ratio: 1024\/885;\" \/><\/a><\/figure><\/li><\/ul><\/figure>\n\n\n\n<p>To \u015bliczna, m\u0142oda, bardzo przyjazna suczka. Niestety znalaz\u0142a si\u0119 w Schronisku po wypadku, w kt\u00f3rym straci\u0142a oba oczka. Suczka nie podda\u0142a si\u0119 i nadal ma w sobie mn\u00f3stwo energii i rado\u015bci. Uwielbia g\u0142askanie i kontakt z cz\u0142owiekiem. Wobec innych piesk\u00f3w jest zdystansowana zwykle reaguj\u0105c szczekaniem, prawdopodobnie ze strachu. Potrzebuje du\u017co ciep\u0142a, uwagi i cierpliwo\u015bci oraz bezpiecznego, i odpowiedzialnego domu, bez innych zwierz\u0105t. Ewentualnie mo\u017ce by\u0107 rozwa\u017cona adopcja do domu ze starszym, spokojnym, ma\u0142ym pieskiem, kt\u00f3rego sunia zaakceptuje, gdy\u017c kontakt z energicznymi psami mo\u017ce by\u0107 dla Emi niebezpieczny.&nbsp;<\/p>\n\n\n\n<p>Ze wzgl\u0119du na to, \u017ce nie widzi musi by\u0107 prowadzona na smyczy ostro\u017cnie i mie\u0107 bardzo bezpieczne warunki do \u017cycia.&nbsp;<\/p>\n\n\n\n<p>Przed planowan\u0105 adopcj\u0105 konieczne b\u0119d\u0105 spacery zapoznawcze\u00a0 w celu nawi\u0105zania pozytywnej relacji z pieskiem. Obowi\u0105zuje wizyta przedadopcyjna.\u00a0 Czeka na dom od dnia 13.03.2021 r.\u00a0 <strong>Numer karty: 109\/21, boks: Ad. szcz. 2<\/strong><\/p>\n\n\n\n<p><strong>Kontakt w sprawie adopcji: Schronisko dla Bezdomnych Zwierz\u0105t w Cz\u0119stochowie ul. Gilowa 44\/46 tel. 34 361-65-66<\/strong>&nbsp;<\/p>\n\n\n\n<p><strong>Harvey\u00a0<\/strong> (ur.2013)<\/p>\n\n\n\n<figure class=\"wp-block-gallery columns-2 is-cropped wp-block-gallery-3 is-layout-flex wp-block-gallery-is-layout-flex\"><ul class=\"blocks-gallery-grid\"><li class=\"blocks-gallery-item\"><figure><a href=\"https:\/\/gazetaregionalna.com\/wp-content\/uploads\/2021\/05\/Harvey-1.jpg\"><img decoding=\"async\" width=\"1024\" height=\"768\" data-src=\"https:\/\/gazetaregionalna.com\/wp-content\/uploads\/2021\/05\/Harvey-1-1024x768.jpg\" alt=\"\" data-id=\"41727\" data-full-url=\"https:\/\/gazetaregionalna.com\/wp-content\/uploads\/2021\/05\/Harvey-1.jpg\" data-link=\"https:\/\/gazetaregionalna.com\/?attachment_id=41727\" class=\"wp-image-41727 lazyload\" data-srcset=\"https:\/\/gazetaregionalna.com\/wp-content\/uploads\/2021\/05\/Harvey-1-1024x768.jpg 1024w, https:\/\/gazetaregionalna.com\/wp-content\/uploads\/2021\/05\/Harvey-1-300x225.jpg 300w, https:\/\/gazetaregionalna.com\/wp-content\/uploads\/2021\/05\/Harvey-1-768x576.jpg 768w, https:\/\/gazetaregionalna.com\/wp-content\/uploads\/2021\/05\/Harvey-1-1536x1152.jpg 1536w, https:\/\/gazetaregionalna.com\/wp-content\/uploads\/2021\/05\/Harvey-1-696x522.jpg 696w, https:\/\/gazetaregionalna.com\/wp-content\/uploads\/2021\/05\/Harvey-1-1068x801.jpg 1068w, https:\/\/gazetaregionalna.com\/wp-content\/uploads\/2021\/05\/Harvey-1-560x420.jpg 560w, https:\/\/gazetaregionalna.com\/wp-content\/uploads\/2021\/05\/Harvey-1-80x60.jpg 80w, https:\/\/gazetaregionalna.com\/wp-content\/uploads\/2021\/05\/Harvey-1-265x198.jpg 265w, https:\/\/gazetaregionalna.com\/wp-content\/uploads\/2021\/05\/Harvey-1.jpg 1200w\" data-sizes=\"(max-width: 1024px) 100vw, 1024px\" src=\"data:image\/svg+xml;base64,PHN2ZyB3aWR0aD0iMSIgaGVpZ2h0PSIxIiB4bWxucz0iaHR0cDovL3d3dy53My5vcmcvMjAwMC9zdmciPjwvc3ZnPg==\" style=\"--smush-placeholder-width: 1024px; --smush-placeholder-aspect-ratio: 1024\/768;\" \/><\/a><\/figure><\/li><li class=\"blocks-gallery-item\"><figure><a href=\"https:\/\/gazetaregionalna.com\/wp-content\/uploads\/2021\/05\/Harvey-2.jpg\"><img decoding=\"async\" width=\"1024\" height=\"830\" data-src=\"https:\/\/gazetaregionalna.com\/wp-content\/uploads\/2021\/05\/Harvey-2-1024x830.jpg\" alt=\"\" data-id=\"41728\" data-full-url=\"https:\/\/gazetaregionalna.com\/wp-content\/uploads\/2021\/05\/Harvey-2.jpg\" data-link=\"https:\/\/gazetaregionalna.com\/?attachment_id=41728\" class=\"wp-image-41728 lazyload\" data-srcset=\"https:\/\/gazetaregionalna.com\/wp-content\/uploads\/2021\/05\/Harvey-2-1024x830.jpg 1024w, https:\/\/gazetaregionalna.com\/wp-content\/uploads\/2021\/05\/Harvey-2-300x243.jpg 300w, https:\/\/gazetaregionalna.com\/wp-content\/uploads\/2021\/05\/Harvey-2-768x623.jpg 768w, https:\/\/gazetaregionalna.com\/wp-content\/uploads\/2021\/05\/Harvey-2-696x564.jpg 696w, https:\/\/gazetaregionalna.com\/wp-content\/uploads\/2021\/05\/Harvey-2-1068x866.jpg 1068w, https:\/\/gazetaregionalna.com\/wp-content\/uploads\/2021\/05\/Harvey-2-518x420.jpg 518w, https:\/\/gazetaregionalna.com\/wp-content\/uploads\/2021\/05\/Harvey-2.jpg 1200w\" data-sizes=\"(max-width: 1024px) 100vw, 1024px\" src=\"data:image\/svg+xml;base64,PHN2ZyB3aWR0aD0iMSIgaGVpZ2h0PSIxIiB4bWxucz0iaHR0cDovL3d3dy53My5vcmcvMjAwMC9zdmciPjwvc3ZnPg==\" style=\"--smush-placeholder-width: 1024px; --smush-placeholder-aspect-ratio: 1024\/830;\" \/><\/a><\/figure><\/li><li class=\"blocks-gallery-item\"><figure><a href=\"https:\/\/gazetaregionalna.com\/wp-content\/uploads\/2021\/05\/Harvey-3.jpg\"><img decoding=\"async\" width=\"480\" height=\"480\" data-src=\"https:\/\/gazetaregionalna.com\/wp-content\/uploads\/2021\/05\/Harvey-3.jpg\" alt=\"\" data-id=\"41729\" data-full-url=\"https:\/\/gazetaregionalna.com\/wp-content\/uploads\/2021\/05\/Harvey-3.jpg\" data-link=\"https:\/\/gazetaregionalna.com\/?attachment_id=41729\" class=\"wp-image-41729 lazyload\" data-srcset=\"https:\/\/gazetaregionalna.com\/wp-content\/uploads\/2021\/05\/Harvey-3.jpg 480w, https:\/\/gazetaregionalna.com\/wp-content\/uploads\/2021\/05\/Harvey-3-300x300.jpg 300w, https:\/\/gazetaregionalna.com\/wp-content\/uploads\/2021\/05\/Harvey-3-150x150.jpg 150w, https:\/\/gazetaregionalna.com\/wp-content\/uploads\/2021\/05\/Harvey-3-420x420.jpg 420w\" data-sizes=\"(max-width: 480px) 100vw, 480px\" src=\"data:image\/svg+xml;base64,PHN2ZyB3aWR0aD0iMSIgaGVpZ2h0PSIxIiB4bWxucz0iaHR0cDovL3d3dy53My5vcmcvMjAwMC9zdmciPjwvc3ZnPg==\" style=\"--smush-placeholder-width: 480px; --smush-placeholder-aspect-ratio: 480\/480;\" \/><\/a><\/figure><\/li><li class=\"blocks-gallery-item\"><figure><a href=\"https:\/\/gazetaregionalna.com\/wp-content\/uploads\/2021\/05\/Harvey-4.jpg\"><img decoding=\"async\" width=\"480\" height=\"480\" data-src=\"https:\/\/gazetaregionalna.com\/wp-content\/uploads\/2021\/05\/Harvey-4.jpg\" alt=\"\" data-id=\"41730\" data-full-url=\"https:\/\/gazetaregionalna.com\/wp-content\/uploads\/2021\/05\/Harvey-4.jpg\" data-link=\"https:\/\/gazetaregionalna.com\/?attachment_id=41730\" class=\"wp-image-41730 lazyload\" data-srcset=\"https:\/\/gazetaregionalna.com\/wp-content\/uploads\/2021\/05\/Harvey-4.jpg 480w, https:\/\/gazetaregionalna.com\/wp-content\/uploads\/2021\/05\/Harvey-4-300x300.jpg 300w, https:\/\/gazetaregionalna.com\/wp-content\/uploads\/2021\/05\/Harvey-4-150x150.jpg 150w, https:\/\/gazetaregionalna.com\/wp-content\/uploads\/2021\/05\/Harvey-4-420x420.jpg 420w\" data-sizes=\"(max-width: 480px) 100vw, 480px\" src=\"data:image\/svg+xml;base64,PHN2ZyB3aWR0aD0iMSIgaGVpZ2h0PSIxIiB4bWxucz0iaHR0cDovL3d3dy53My5vcmcvMjAwMC9zdmciPjwvc3ZnPg==\" style=\"--smush-placeholder-width: 480px; --smush-placeholder-aspect-ratio: 480\/480;\" \/><\/a><\/figure><\/li><\/ul><\/figure>\n\n\n\n<p>To bardzo przyjazny i mi\u0142y piesek. Kiedy znalaz\u0142 si\u0119 w Schronisku by\u0142 zaniedbany i wychudzony. Nie wiemy co przeszed\u0142 w swoim \u017cyciu, ale mimo wszystko jest to piesek niezwykle spragniony kontaktu z cz\u0142owiekiem. Uwielbia g\u0142askanie, ch\u0119tnie siada i daje \u0142apk\u0119, prosz\u0105c o nowy, kochaj\u0105cy dom. Jest otwarty i pogodny. Niestety na spacerze nie toleruje innych ps\u00f3w. Dogaduje si\u0119 z suczk\u0105 z boksu, ale nie ka\u017cdego zwierzaka zaakceptuje. Harvey to starszy piesek, niestety bardzo s\u0142abo widzi dlatego wskazane s\u0105 spokojne, kontrolowane spacery. Szukamy dla niego odpowiedzialnego domu, najlepiej bez schod\u00f3w, na kt\u00f3rych m\u00f3g\u0142by si\u0119 przewraca\u0107. Potrzebuje du\u017co ciep\u0142a, uwagi i troski, aby poczu\u0107 si\u0119 w pe\u0142ni bezpiecznie.\u00a0<br><br>Przed planowan\u0105 adopcj\u0105 konieczny b\u0119dzie kontakt ze schroniskowym lekarzem weterynarii oraz spacery zapoznawcze w celu poznania pieska. Obowi\u0105zuje wizyta przedadopcyjna. Na pewno warto da\u0107 szans\u0119 temu cudownemu pieskowi, a z pewno\u015bci\u0105 odwdzi\u0119czy si\u0119 ogromem mi\u0142o\u015bci i wierno\u015bci.\u00a0<br>Trafi\u0142 do Schroniska dnia 20.01.2021 r. <strong>Numer karty: 35\/21, boks: H 9<\/strong><br><strong>Kontakt w sprawie adopcji: Schronisko dla Bezdomnych Zwierz\u0105t w Cz\u0119stochowie ul. Gilowa 44\/46 tel. 34 361-65-66<\/strong><\/p>\n","protected":false},"excerpt":{"rendered":"<p>W dzisiejszym k\u0105ciku adopcyjnym przedstawiamy psiaki niewidome lub bardzo s\u0142abo widz\u0105ce, czyli: Emi, Eddiego i Harveya. Takie zwierzaki najtrudniej chyba przystosowuj\u0105 si\u0119 do schroniskowej<\/p>\n","protected":false},"author":7,"featured_media":41718,"comment_status":"open","ping_status":"open","sticky":false,"template":"","format":"standard","meta":{"_monsterinsights_skip_tracking":false,"_monsterinsights_sitenote_active":false,"_monsterinsights_sitenote_note":"","_monsterinsights_sitenote_category":0,"_uf_show_specific_survey":0,"_uf_disable_surveys":false,"footnotes":""},"categories":[94,3,2],"tags":[],"class_list":["post-41713","post","type-post","status-publish","format-standard","has-post-thumbnail","hentry","category-polecane","category-czestochowa-informacje","category-wiadomosci"],"_links":{"self":[{"href":"https:\/\/gazetaregionalna.com\/index.php?rest_route=\/wp\/v2\/posts\/41713","targetHints":{"allow":["GET"]}}],"collection":[{"href":"https:\/\/gazetaregionalna.com\/index.php?rest_route=\/wp\/v2\/posts"}],"about":[{"href":"https:\/\/gazetaregionalna.com\/index.php?rest_route=\/wp\/v2\/types\/post"}],"author":[{"embeddable":true,"href":"https:\/\/gazetaregionalna.com\/index.php?rest_route=\/wp\/v2\/users\/7"}],"replies":[{"embeddable":true,"href":"https:\/\/gazetaregionalna.com\/index.php?rest_route=%2Fwp%2Fv2%2Fcomments&post=41713"}],"version-history":[{"count":7,"href":"https:\/\/gazetaregionalna.com\/index.php?rest_route=\/wp\/v2\/posts\/41713\/revisions"}],"predecessor-version":[{"id":41732,"href":"https:\/\/gazetaregionalna.com\/index.php?rest_route=\/wp\/v2\/posts\/41713\/revisions\/41732"}],"wp:featuredmedia":[{"embeddable":true,"href":"https:\/\/gazetaregionalna.com\/index.php?rest_route=\/wp\/v2\/media\/41718"}],"wp:attachment":[{"href":"https:\/\/gazetaregionalna.com\/index.php?rest_route=%2Fwp%2Fv2%2Fmedia&parent=41713"}],"wp:term":[{"taxonomy":"category","embeddable":true,"href":"https:\/\/gazetaregionalna.com\/index.php?rest_route=%2Fwp%2Fv2%2Fcategories&post=41713"},{"taxonomy":"post_tag","embeddable":true,"href":"https:\/\/gazetaregionalna.com\/index.php?rest_route=%2Fwp%2Fv2%2Ftags&post=41713"}],"curies":[{"name":"wp","href":"https:\/\/api.w.org\/{rel}","templated":true}]}}