{"id":4170,"date":"2019-07-04T07:20:18","date_gmt":"2019-07-04T07:20:18","guid":{"rendered":"https:\/\/gazetaregionalna.com\/?p=4170"},"modified":"2019-07-04T07:20:21","modified_gmt":"2019-07-04T07:20:21","slug":"czestochowa-mistrzostwa-polski-w-siatkowce-plazowej","status":"publish","type":"post","link":"https:\/\/gazetaregionalna.com\/?p=4170","title":{"rendered":"Cz\u0119stochowa. Mistrzostwa Polski w Siatk\u00f3wce Pla\u017cowej"},"content":{"rendered":"\n<p>W najbli\u017cszy weekend, na boisku przy Galerii Jurajskiej zostanie rozegrany P\u00f3\u0142fina\u0142 Mistrzostw Polski Kadet\u00f3w w Siatk\u00f3wce Pla\u017cowej.<\/p>\n\n\n\n<p>W turnieju, kt\u00f3ry odb\u0119dzie si\u0119 w najbli\u017cszy weekend 6 i7 lipca, wezm\u0105 udzia\u0142 4 dru\u017cyny wy\u0142onione podczas fina\u0142\u00f3w wojew\u00f3dzkich z wojew\u00f3dztw: dolno\u015bl\u0105skiego, lubuskiego, opolskiego i \u015bl\u0105skiego.<br>\nCz\u0119stochow\u0119 reprezentowa\u0107 b\u0119dzie para Kuba Kantorowicz i Marcel Po\u015bpiech &#8211; ubieg\u0142oroczni mistrzowie \u015al\u0105ska m\u0142odzik\u00f3w, 9 para Mistrzostw Polski M\u0142odzik\u00f3w.<\/p>\n\n\n\n<div class=\"wp-block-image\"><figure class=\"aligncenter\"><img decoding=\"async\" width=\"424\" height=\"600\" data-src=\"https:\/\/gazetaregionalna.com\/wp-content\/uploads\/2019\/07\/plakat_64.jpg\" alt=\"\" class=\"wp-image-4171 lazyload\" data-srcset=\"https:\/\/gazetaregionalna.com\/wp-content\/uploads\/2019\/07\/plakat_64.jpg 424w, https:\/\/gazetaregionalna.com\/wp-content\/uploads\/2019\/07\/plakat_64-212x300.jpg 212w\" data-sizes=\"(max-width: 424px) 100vw, 424px\" src=\"data:image\/svg+xml;base64,PHN2ZyB3aWR0aD0iMSIgaGVpZ2h0PSIxIiB4bWxucz0iaHR0cDovL3d3dy53My5vcmcvMjAwMC9zdmciPjwvc3ZnPg==\" style=\"--smush-placeholder-width: 424px; --smush-placeholder-aspect-ratio: 424\/600;\" \/><\/figure><\/div>\n\n\n\n<p>Skr\u00f3cony plan zawod\u00f3w:<br> <strong>6 lipca (sobota)<\/strong><br> 9:15 \u2013uroczyste otwarcie zawod\u00f3w<br> 9:30 \u2013 do ok.18:45 gry eliminacyjne \u2013 mecze od 1 do 24<br> ok. 14.00 do 15.00 przerwa obiadowa<\/p>\n\n\n\n<p><strong>7 lipca (niedziela)<\/strong><br> 9:00 \u2013 do ok. 14:00 ci\u0105g dalszy gier \u2013 mecze od 25 do 31<br> Po meczach ok. godziny 15:00 uroczyste zako\u0144czenie turnieju i wr\u0119czenie nagr\u00f3d. Wyjazd dru\u017cyn.<\/p>\n\n\n\n<p>Organizatorem zawod\u00f3w jest Polski Zwi\u0105zek Pi\u0142ki Siatkowej, \u015al\u0105ski Zwi\u0105zek Pi\u0142ki Siatkowej, Urz\u0105d Miasta Cz\u0119stochowy, Exact Systems, Norwid Cz\u0119stochowa oraz Galeria Jurajska.                      <\/p>\n","protected":false},"excerpt":{"rendered":"<p>W najbli\u017cszy weekend, na boisku przy Galerii Jurajskiej zostanie rozegrany P\u00f3\u0142fina\u0142 Mistrzostw Polski Kadet\u00f3w w Siatk\u00f3wce Pla\u017cowej. W turnieju, kt\u00f3ry odb\u0119dzie si\u0119 w najbli\u017cszy<\/p>\n","protected":false},"author":3,"featured_media":4171,"comment_status":"open","ping_status":"open","sticky":false,"template":"","format":"standard","meta":{"_monsterinsights_skip_tracking":false,"_monsterinsights_sitenote_active":false,"_monsterinsights_sitenote_note":"","_monsterinsights_sitenote_category":0,"_uf_show_specific_survey":0,"_uf_disable_surveys":false,"footnotes":""},"categories":[3,8,5,2,30,37],"tags":[],"class_list":["post-4170","post","type-post","status-publish","format-standard","has-post-thumbnail","hentry","category-czestochowa-informacje","category-siatkowka","category-sport","category-wiadomosci","category-wypoczynek","category-zdrowie"],"_links":{"self":[{"href":"https:\/\/gazetaregionalna.com\/index.php?rest_route=\/wp\/v2\/posts\/4170","targetHints":{"allow":["GET"]}}],"collection":[{"href":"https:\/\/gazetaregionalna.com\/index.php?rest_route=\/wp\/v2\/posts"}],"about":[{"href":"https:\/\/gazetaregionalna.com\/index.php?rest_route=\/wp\/v2\/types\/post"}],"author":[{"embeddable":true,"href":"https:\/\/gazetaregionalna.com\/index.php?rest_route=\/wp\/v2\/users\/3"}],"replies":[{"embeddable":true,"href":"https:\/\/gazetaregionalna.com\/index.php?rest_route=%2Fwp%2Fv2%2Fcomments&post=4170"}],"version-history":[{"count":1,"href":"https:\/\/gazetaregionalna.com\/index.php?rest_route=\/wp\/v2\/posts\/4170\/revisions"}],"predecessor-version":[{"id":4172,"href":"https:\/\/gazetaregionalna.com\/index.php?rest_route=\/wp\/v2\/posts\/4170\/revisions\/4172"}],"wp:featuredmedia":[{"embeddable":true,"href":"https:\/\/gazetaregionalna.com\/index.php?rest_route=\/wp\/v2\/media\/4171"}],"wp:attachment":[{"href":"https:\/\/gazetaregionalna.com\/index.php?rest_route=%2Fwp%2Fv2%2Fmedia&parent=4170"}],"wp:term":[{"taxonomy":"category","embeddable":true,"href":"https:\/\/gazetaregionalna.com\/index.php?rest_route=%2Fwp%2Fv2%2Fcategories&post=4170"},{"taxonomy":"post_tag","embeddable":true,"href":"https:\/\/gazetaregionalna.com\/index.php?rest_route=%2Fwp%2Fv2%2Ftags&post=4170"}],"curies":[{"name":"wp","href":"https:\/\/api.w.org\/{rel}","templated":true}]}}