{"id":41692,"date":"2021-05-15T06:49:24","date_gmt":"2021-05-15T06:49:24","guid":{"rendered":"https:\/\/gazetaregionalna.com\/?p=41692"},"modified":"2021-05-15T06:49:28","modified_gmt":"2021-05-15T06:49:28","slug":"straz-miejska-w-czestochowie-ma-nowy-radiowoz","status":"publish","type":"post","link":"https:\/\/gazetaregionalna.com\/?p=41692","title":{"rendered":"Stra\u017c Miejska w Cz\u0119stochowie ma nowy radiow\u00f3z"},"content":{"rendered":"\n<h2 class=\"wp-block-heading\">To ford transit connect w pe\u0142ni przystosowany do s\u0142u\u017cby patrolowej oraz transportu zatrzymanych os\u00f3b.<\/h2>\n\n\n\n<figure class=\"wp-block-image size-large\"><img decoding=\"async\" width=\"900\" height=\"599\" data-src=\"https:\/\/gazetaregionalna.com\/wp-content\/uploads\/2021\/05\/r2-1.jpg\" alt=\"\" class=\"wp-image-41695 lazyload\" data-srcset=\"https:\/\/gazetaregionalna.com\/wp-content\/uploads\/2021\/05\/r2-1.jpg 900w, https:\/\/gazetaregionalna.com\/wp-content\/uploads\/2021\/05\/r2-1-300x200.jpg 300w, https:\/\/gazetaregionalna.com\/wp-content\/uploads\/2021\/05\/r2-1-768x511.jpg 768w, https:\/\/gazetaregionalna.com\/wp-content\/uploads\/2021\/05\/r2-1-696x463.jpg 696w, https:\/\/gazetaregionalna.com\/wp-content\/uploads\/2021\/05\/r2-1-631x420.jpg 631w\" data-sizes=\"(max-width: 900px) 100vw, 900px\" src=\"data:image\/svg+xml;base64,PHN2ZyB3aWR0aD0iMSIgaGVpZ2h0PSIxIiB4bWxucz0iaHR0cDovL3d3dy53My5vcmcvMjAwMC9zdmciPjwvc3ZnPg==\" style=\"--smush-placeholder-width: 900px; --smush-placeholder-aspect-ratio: 900\/599;\" \/><\/figure>\n\n\n\n<p>Samoch\u00f3d zosta\u0142 kupiony ze \u015brodk\u00f3w miasta przez Wydzia\u0142 Bezpiecze\u0144stwa i Zarz\u0105dzania Kryzysowego Urz\u0119du Miasta Cz\u0119stochowy w ramach zadania \u201eZapewnienie bezpiecze\u0144stwa dla mieszka\u0144c\u00f3w miasta\u201d. Pojazd kosztowa\u0142 \u00a0150 tys. z\u0142otych. W cenie tej mie\u015bci si\u0119 r\u00f3wnie\u017c bezp\u0142atny serwis przez najbli\u017csze 48 miesi\u0119cy oraz wyd\u0142u\u017cona gwarancja, tak\u017ce na 4 lata.<\/p>\n\n\n\n<p>(fot. \u0141ukasz Kolewi\u0144ski, UM)<\/p>\n","protected":false},"excerpt":{"rendered":"<p>To ford transit connect w pe\u0142ni przystosowany do s\u0142u\u017cby patrolowej oraz transportu zatrzymanych os\u00f3b. Samoch\u00f3d zosta\u0142 kupiony ze \u015brodk\u00f3w miasta przez Wydzia\u0142 Bezpiecze\u0144stwa i<\/p>\n","protected":false},"author":7,"featured_media":41699,"comment_status":"open","ping_status":"open","sticky":false,"template":"","format":"standard","meta":{"_monsterinsights_skip_tracking":false,"_monsterinsights_sitenote_active":false,"_monsterinsights_sitenote_note":"","_monsterinsights_sitenote_category":0,"_uf_show_specific_survey":0,"_uf_disable_surveys":false,"footnotes":""},"categories":[3,2],"tags":[],"class_list":["post-41692","post","type-post","status-publish","format-standard","has-post-thumbnail","hentry","category-czestochowa-informacje","category-wiadomosci"],"_links":{"self":[{"href":"https:\/\/gazetaregionalna.com\/index.php?rest_route=\/wp\/v2\/posts\/41692","targetHints":{"allow":["GET"]}}],"collection":[{"href":"https:\/\/gazetaregionalna.com\/index.php?rest_route=\/wp\/v2\/posts"}],"about":[{"href":"https:\/\/gazetaregionalna.com\/index.php?rest_route=\/wp\/v2\/types\/post"}],"author":[{"embeddable":true,"href":"https:\/\/gazetaregionalna.com\/index.php?rest_route=\/wp\/v2\/users\/7"}],"replies":[{"embeddable":true,"href":"https:\/\/gazetaregionalna.com\/index.php?rest_route=%2Fwp%2Fv2%2Fcomments&post=41692"}],"version-history":[{"count":3,"href":"https:\/\/gazetaregionalna.com\/index.php?rest_route=\/wp\/v2\/posts\/41692\/revisions"}],"predecessor-version":[{"id":41700,"href":"https:\/\/gazetaregionalna.com\/index.php?rest_route=\/wp\/v2\/posts\/41692\/revisions\/41700"}],"wp:featuredmedia":[{"embeddable":true,"href":"https:\/\/gazetaregionalna.com\/index.php?rest_route=\/wp\/v2\/media\/41699"}],"wp:attachment":[{"href":"https:\/\/gazetaregionalna.com\/index.php?rest_route=%2Fwp%2Fv2%2Fmedia&parent=41692"}],"wp:term":[{"taxonomy":"category","embeddable":true,"href":"https:\/\/gazetaregionalna.com\/index.php?rest_route=%2Fwp%2Fv2%2Fcategories&post=41692"},{"taxonomy":"post_tag","embeddable":true,"href":"https:\/\/gazetaregionalna.com\/index.php?rest_route=%2Fwp%2Fv2%2Ftags&post=41692"}],"curies":[{"name":"wp","href":"https:\/\/api.w.org\/{rel}","templated":true}]}}