{"id":41682,"date":"2021-05-14T14:33:43","date_gmt":"2021-05-14T14:33:43","guid":{"rendered":"https:\/\/gazetaregionalna.com\/?p=41682"},"modified":"2021-05-14T14:33:45","modified_gmt":"2021-05-14T14:33:45","slug":"zuzlowcy-eltrox-wlokniarza-jada-do-torunia-po-przelamanie","status":"publish","type":"post","link":"https:\/\/gazetaregionalna.com\/?p=41682","title":{"rendered":"\u017bu\u017clowcy Eltrox W\u0142\u00f3kniarza jad\u0105 do Torunia po prze\u0142amanie"},"content":{"rendered":"\n<p>Sezon 2021 w PGE Ekstralidze nie uk\u0142ada si\u0119 dobrze dla \u017cu\u017clowc\u00f3w Eltrox W\u0142\u00f3kniarza. Po czterech meczach cz\u0119stochowianie maj\u0105 na koncie tylko jedno zwyci\u0119stwo. Czy w niedziel\u0119 b\u0119d\u0105 cieszy\u0107 si\u0119 z wygranej w Toruniu z beniaminkiem Apatorem?<\/p>\n\n\n\n<p>Eltrox W\u0142\u00f3kniarz mia\u0142 walczy\u0107 o czo\u0142ow\u0105 czw\u00f3rk\u0119, a tymczasem ma na koncie tylko jedno zwyci\u0119stwo po czterech meczach. Cz\u0119stochowscy \u017cu\u017clowcy wygrali z Falubazem Zielona G\u00f3ra oraz przegrali w Lublinie z Motorem i u siebie z Fogo Uni\u0105 Leszno oraz w ostatni\u0105 niedziel\u0119 z Betardem Spart\u0105 Wroc\u0142aw 38:52. I ta ostatnia pora\u017cka r\u00f3\u017cnic\u0105 14 punkt\u00f3w na w\u0142asnym torze daje du\u017co do my\u015blenia&#8230;<\/p>\n\n\n\n<p>Poza Jakubem Mi\u015bkowiakiem, kt\u00f3ry zdoby\u0142 11 punkt\u00f3w zawiedli pozostali zawodnicy Eltrox W\u0142\u00f3kniarza. W tym liderzy: Leon Madsen i Fredrik Lindgren. Madsen nie spasowa\u0142 si\u0119 z silnikami i to by\u0142o wida\u0107. Ani razu nie wygra\u0142 z Artiomem \u0141agut\u0105 czy Maciejem Janowskim. Dawno ju\u017c kibice nie widzieli meczu, aby Madsen nie wygra\u0142 w meczu ani jednego biegu&#8230;<\/p>\n\n\n\n<p>W niedziel\u0119 w Toruniu cz\u0119stochowianie rozegraj\u0105 drugi mecz wyjazdowy w obecnym sezonie. Kibice narzekaj\u0105, \u017ce jak dru\u017cyna nie potrafi wygra\u0107 na w\u0142asnym torze to na wyje\u017adzie mo\u017ce by\u0107 jeszcze gorzej&#8230; Apator to beniaminek PGE Ekstraligi. Ale torunianie na razie radz\u0105 sobie bardzo dobrze. Na koncie maj\u0105 2 zwyci\u0119stwa i 2 pora\u017cki. Co prawda Apator przegra\u0142 dwa razy na wyje\u017adzie, ale w Lesznie postraszy\u0142 Fogo Uni\u0119 i uleg\u0142 tylko 4 punktami (43:47). Torunianie s\u0105 jednak niepokonani u siebie. Wygrali z Falubazem i GKM-em Grudzi\u0105dz. Teraz my\u015bl\u0105 o trzeciej wygranej z Eltrox W\u0142\u00f3kniarzem.<\/p>\n\n\n\n<p>Jak na razie w Apatorze liderem jest Robert Lambert. Dzielnie wspieraj\u0105 go bracia Jack i Chris Holder. W meczu przeciwko W\u0142\u00f3kniarzowi na pewno dobrze b\u0119dzie chcia\u0142 te\u017c pojecha\u0107 Pawe\u0142 Przedpe\u0142ski, kt\u00f3ry rok temu reprezentowa\u0142 \u201eLwy\u201d&#8230;<\/p>\n\n\n\n<p>Jedno jest pewne. Cz\u0119stochowian czeka trudne zadanie, ale je\u015bli Eltrox W\u0142\u00f3kniarz nadal my\u015bli o czo\u0142owej czw\u00f3rce to trzeba zacz\u0105\u0107 wygrywa\u0107 i odrabia\u0107 poniesione straty&#8230;<\/p>\n\n\n\n<p>Awizowane sk\u0142ady:<\/p>\n\n\n\n<p>1. Leon Madsen<\/p>\n\n\n\n<p>2. Jonas Jeppesen<\/p>\n\n\n\n<p>3. Bartosz Smekta\u0142a<\/p>\n\n\n\n<p>4. Kacper Woryna<\/p>\n\n\n\n<p>5. Fredrik Lindgren<\/p>\n\n\n\n<p>6. Jakub Mi\u015bkowiak<\/p>\n\n\n\n<p>7. Bart\u0142omiej Kowalski<\/p>\n\n\n\n<p>9. Pawe\u0142 Przedpe\u0142ski<\/p>\n\n\n\n<p>10. Jack Holder<\/p>\n\n\n\n<p>11. Adrian Miedzi\u0144ski<\/p>\n\n\n\n<p>12. Petr Chlupac<\/p>\n\n\n\n<p>13. Chris Holder<\/p>\n\n\n\n<p>14. Justin Stolp<\/p>\n\n\n\n<p>15. Krzysztof Lewandowski<\/p>\n\n\n\n<p>MRK, AK<\/p>\n\n\n\n<p>Foto: Gazeta Regionalna\/AK<\/p>\n\n\n\n<figure class=\"wp-block-image size-large\"><img decoding=\"async\" width=\"1024\" height=\"644\" data-src=\"https:\/\/gazetaregionalna.com\/wp-content\/uploads\/2021\/05\/CKM-Sparta-75-1024x644.jpg\" alt=\"\" class=\"wp-image-41030 lazyload\" data-srcset=\"https:\/\/gazetaregionalna.com\/wp-content\/uploads\/2021\/05\/CKM-Sparta-75-1024x644.jpg 1024w, https:\/\/gazetaregionalna.com\/wp-content\/uploads\/2021\/05\/CKM-Sparta-75-300x189.jpg 300w, https:\/\/gazetaregionalna.com\/wp-content\/uploads\/2021\/05\/CKM-Sparta-75-768x483.jpg 768w, https:\/\/gazetaregionalna.com\/wp-content\/uploads\/2021\/05\/CKM-Sparta-75-1536x965.jpg 1536w, https:\/\/gazetaregionalna.com\/wp-content\/uploads\/2021\/05\/CKM-Sparta-75-2048x1287.jpg 2048w, https:\/\/gazetaregionalna.com\/wp-content\/uploads\/2021\/05\/CKM-Sparta-75-696x437.jpg 696w, https:\/\/gazetaregionalna.com\/wp-content\/uploads\/2021\/05\/CKM-Sparta-75-1068x671.jpg 1068w, https:\/\/gazetaregionalna.com\/wp-content\/uploads\/2021\/05\/CKM-Sparta-75-1920x1207.jpg 1920w, https:\/\/gazetaregionalna.com\/wp-content\/uploads\/2021\/05\/CKM-Sparta-75-668x420.jpg 668w, https:\/\/gazetaregionalna.com\/wp-content\/uploads\/2021\/05\/CKM-Sparta-75-scaled.jpg 1200w\" data-sizes=\"(max-width: 1024px) 100vw, 1024px\" src=\"data:image\/svg+xml;base64,PHN2ZyB3aWR0aD0iMSIgaGVpZ2h0PSIxIiB4bWxucz0iaHR0cDovL3d3dy53My5vcmcvMjAwMC9zdmciPjwvc3ZnPg==\" style=\"--smush-placeholder-width: 1024px; --smush-placeholder-aspect-ratio: 1024\/644;\" \/><\/figure>\n\n\n\n<figure class=\"wp-block-image size-large\"><img decoding=\"async\" width=\"1024\" height=\"450\" data-src=\"https:\/\/gazetaregionalna.com\/wp-content\/uploads\/2021\/05\/CKM-Sparta-62-1024x450.jpg\" alt=\"\" class=\"wp-image-41029 lazyload\" data-srcset=\"https:\/\/gazetaregionalna.com\/wp-content\/uploads\/2021\/05\/CKM-Sparta-62-1024x450.jpg 1024w, https:\/\/gazetaregionalna.com\/wp-content\/uploads\/2021\/05\/CKM-Sparta-62-300x132.jpg 300w, https:\/\/gazetaregionalna.com\/wp-content\/uploads\/2021\/05\/CKM-Sparta-62-768x337.jpg 768w, https:\/\/gazetaregionalna.com\/wp-content\/uploads\/2021\/05\/CKM-Sparta-62-1536x675.jpg 1536w, https:\/\/gazetaregionalna.com\/wp-content\/uploads\/2021\/05\/CKM-Sparta-62-2048x899.jpg 2048w, https:\/\/gazetaregionalna.com\/wp-content\/uploads\/2021\/05\/CKM-Sparta-62-696x306.jpg 696w, https:\/\/gazetaregionalna.com\/wp-content\/uploads\/2021\/05\/CKM-Sparta-62-1068x469.jpg 1068w, https:\/\/gazetaregionalna.com\/wp-content\/uploads\/2021\/05\/CKM-Sparta-62-1920x843.jpg 1920w, https:\/\/gazetaregionalna.com\/wp-content\/uploads\/2021\/05\/CKM-Sparta-62-956x420.jpg 956w, https:\/\/gazetaregionalna.com\/wp-content\/uploads\/2021\/05\/CKM-Sparta-62-scaled.jpg 1200w\" data-sizes=\"(max-width: 1024px) 100vw, 1024px\" src=\"data:image\/svg+xml;base64,PHN2ZyB3aWR0aD0iMSIgaGVpZ2h0PSIxIiB4bWxucz0iaHR0cDovL3d3dy53My5vcmcvMjAwMC9zdmciPjwvc3ZnPg==\" style=\"--smush-placeholder-width: 1024px; --smush-placeholder-aspect-ratio: 1024\/450;\" \/><\/figure>\n\n\n\n<figure class=\"wp-block-image size-large\"><img decoding=\"async\" width=\"1024\" height=\"579\" data-src=\"https:\/\/gazetaregionalna.com\/wp-content\/uploads\/2021\/05\/CKM-Sparta-36-1024x579.jpg\" alt=\"\" class=\"wp-image-41026 lazyload\" data-srcset=\"https:\/\/gazetaregionalna.com\/wp-content\/uploads\/2021\/05\/CKM-Sparta-36-1024x579.jpg 1024w, https:\/\/gazetaregionalna.com\/wp-content\/uploads\/2021\/05\/CKM-Sparta-36-300x170.jpg 300w, https:\/\/gazetaregionalna.com\/wp-content\/uploads\/2021\/05\/CKM-Sparta-36-768x434.jpg 768w, https:\/\/gazetaregionalna.com\/wp-content\/uploads\/2021\/05\/CKM-Sparta-36-1536x869.jpg 1536w, https:\/\/gazetaregionalna.com\/wp-content\/uploads\/2021\/05\/CKM-Sparta-36-2048x1158.jpg 2048w, https:\/\/gazetaregionalna.com\/wp-content\/uploads\/2021\/05\/CKM-Sparta-36-696x394.jpg 696w, https:\/\/gazetaregionalna.com\/wp-content\/uploads\/2021\/05\/CKM-Sparta-36-1068x604.jpg 1068w, https:\/\/gazetaregionalna.com\/wp-content\/uploads\/2021\/05\/CKM-Sparta-36-1920x1086.jpg 1920w, https:\/\/gazetaregionalna.com\/wp-content\/uploads\/2021\/05\/CKM-Sparta-36-743x420.jpg 743w, https:\/\/gazetaregionalna.com\/wp-content\/uploads\/2021\/05\/CKM-Sparta-36-scaled.jpg 1200w\" data-sizes=\"(max-width: 1024px) 100vw, 1024px\" src=\"data:image\/svg+xml;base64,PHN2ZyB3aWR0aD0iMSIgaGVpZ2h0PSIxIiB4bWxucz0iaHR0cDovL3d3dy53My5vcmcvMjAwMC9zdmciPjwvc3ZnPg==\" style=\"--smush-placeholder-width: 1024px; --smush-placeholder-aspect-ratio: 1024\/579;\" \/><\/figure>\n\n\n\n<figure class=\"wp-block-image size-large\"><img decoding=\"async\" width=\"1024\" height=\"683\" data-src=\"https:\/\/gazetaregionalna.com\/wp-content\/uploads\/2021\/05\/CKM-Sparta-32-1024x683.jpg\" alt=\"\" class=\"wp-image-41023 lazyload\" data-srcset=\"https:\/\/gazetaregionalna.com\/wp-content\/uploads\/2021\/05\/CKM-Sparta-32-1024x683.jpg 1024w, https:\/\/gazetaregionalna.com\/wp-content\/uploads\/2021\/05\/CKM-Sparta-32-300x200.jpg 300w, https:\/\/gazetaregionalna.com\/wp-content\/uploads\/2021\/05\/CKM-Sparta-32-768x512.jpg 768w, https:\/\/gazetaregionalna.com\/wp-content\/uploads\/2021\/05\/CKM-Sparta-32-1536x1024.jpg 1536w, https:\/\/gazetaregionalna.com\/wp-content\/uploads\/2021\/05\/CKM-Sparta-32-2048x1365.jpg 2048w, https:\/\/gazetaregionalna.com\/wp-content\/uploads\/2021\/05\/CKM-Sparta-32-696x464.jpg 696w, https:\/\/gazetaregionalna.com\/wp-content\/uploads\/2021\/05\/CKM-Sparta-32-1068x712.jpg 1068w, https:\/\/gazetaregionalna.com\/wp-content\/uploads\/2021\/05\/CKM-Sparta-32-1920x1280.jpg 1920w, https:\/\/gazetaregionalna.com\/wp-content\/uploads\/2021\/05\/CKM-Sparta-32-630x420.jpg 630w, https:\/\/gazetaregionalna.com\/wp-content\/uploads\/2021\/05\/CKM-Sparta-32-scaled.jpg 1200w\" data-sizes=\"(max-width: 1024px) 100vw, 1024px\" src=\"data:image\/svg+xml;base64,PHN2ZyB3aWR0aD0iMSIgaGVpZ2h0PSIxIiB4bWxucz0iaHR0cDovL3d3dy53My5vcmcvMjAwMC9zdmciPjwvc3ZnPg==\" style=\"--smush-placeholder-width: 1024px; --smush-placeholder-aspect-ratio: 1024\/683;\" \/><\/figure>\n\n\n\n<figure class=\"wp-block-image size-large\"><img decoding=\"async\" width=\"1024\" height=\"553\" data-src=\"https:\/\/gazetaregionalna.com\/wp-content\/uploads\/2021\/05\/CKM-Sparta-6-1024x553.jpg\" alt=\"\" class=\"wp-image-41014 lazyload\" data-srcset=\"https:\/\/gazetaregionalna.com\/wp-content\/uploads\/2021\/05\/CKM-Sparta-6-1024x553.jpg 1024w, https:\/\/gazetaregionalna.com\/wp-content\/uploads\/2021\/05\/CKM-Sparta-6-300x162.jpg 300w, https:\/\/gazetaregionalna.com\/wp-content\/uploads\/2021\/05\/CKM-Sparta-6-768x415.jpg 768w, https:\/\/gazetaregionalna.com\/wp-content\/uploads\/2021\/05\/CKM-Sparta-6-1536x830.jpg 1536w, https:\/\/gazetaregionalna.com\/wp-content\/uploads\/2021\/05\/CKM-Sparta-6-2048x1107.jpg 2048w, https:\/\/gazetaregionalna.com\/wp-content\/uploads\/2021\/05\/CKM-Sparta-6-696x376.jpg 696w, https:\/\/gazetaregionalna.com\/wp-content\/uploads\/2021\/05\/CKM-Sparta-6-1068x577.jpg 1068w, https:\/\/gazetaregionalna.com\/wp-content\/uploads\/2021\/05\/CKM-Sparta-6-1920x1037.jpg 1920w, https:\/\/gazetaregionalna.com\/wp-content\/uploads\/2021\/05\/CKM-Sparta-6-777x420.jpg 777w, https:\/\/gazetaregionalna.com\/wp-content\/uploads\/2021\/05\/CKM-Sparta-6-scaled.jpg 1200w\" data-sizes=\"(max-width: 1024px) 100vw, 1024px\" src=\"data:image\/svg+xml;base64,PHN2ZyB3aWR0aD0iMSIgaGVpZ2h0PSIxIiB4bWxucz0iaHR0cDovL3d3dy53My5vcmcvMjAwMC9zdmciPjwvc3ZnPg==\" style=\"--smush-placeholder-width: 1024px; --smush-placeholder-aspect-ratio: 1024\/553;\" \/><\/figure>\n","protected":false},"excerpt":{"rendered":"<p>Sezon 2021 w PGE Ekstralidze nie uk\u0142ada si\u0119 dobrze dla \u017cu\u017clowc\u00f3w Eltrox W\u0142\u00f3kniarza. Po czterech meczach cz\u0119stochowianie maj\u0105 na koncie tylko jedno zwyci\u0119stwo. Czy<\/p>\n","protected":false},"author":15,"featured_media":41029,"comment_status":"open","ping_status":"open","sticky":false,"template":"","format":"standard","meta":{"_monsterinsights_skip_tracking":false,"_monsterinsights_sitenote_active":false,"_monsterinsights_sitenote_note":"","_monsterinsights_sitenote_category":0,"_uf_show_specific_survey":0,"_uf_disable_surveys":false,"footnotes":""},"categories":[94,5,7],"tags":[],"class_list":["post-41682","post","type-post","status-publish","format-standard","has-post-thumbnail","hentry","category-polecane","category-sport","category-zuzel"],"_links":{"self":[{"href":"https:\/\/gazetaregionalna.com\/index.php?rest_route=\/wp\/v2\/posts\/41682","targetHints":{"allow":["GET"]}}],"collection":[{"href":"https:\/\/gazetaregionalna.com\/index.php?rest_route=\/wp\/v2\/posts"}],"about":[{"href":"https:\/\/gazetaregionalna.com\/index.php?rest_route=\/wp\/v2\/types\/post"}],"author":[{"embeddable":true,"href":"https:\/\/gazetaregionalna.com\/index.php?rest_route=\/wp\/v2\/users\/15"}],"replies":[{"embeddable":true,"href":"https:\/\/gazetaregionalna.com\/index.php?rest_route=%2Fwp%2Fv2%2Fcomments&post=41682"}],"version-history":[{"count":1,"href":"https:\/\/gazetaregionalna.com\/index.php?rest_route=\/wp\/v2\/posts\/41682\/revisions"}],"predecessor-version":[{"id":41683,"href":"https:\/\/gazetaregionalna.com\/index.php?rest_route=\/wp\/v2\/posts\/41682\/revisions\/41683"}],"wp:featuredmedia":[{"embeddable":true,"href":"https:\/\/gazetaregionalna.com\/index.php?rest_route=\/wp\/v2\/media\/41029"}],"wp:attachment":[{"href":"https:\/\/gazetaregionalna.com\/index.php?rest_route=%2Fwp%2Fv2%2Fmedia&parent=41682"}],"wp:term":[{"taxonomy":"category","embeddable":true,"href":"https:\/\/gazetaregionalna.com\/index.php?rest_route=%2Fwp%2Fv2%2Fcategories&post=41682"},{"taxonomy":"post_tag","embeddable":true,"href":"https:\/\/gazetaregionalna.com\/index.php?rest_route=%2Fwp%2Fv2%2Ftags&post=41682"}],"curies":[{"name":"wp","href":"https:\/\/api.w.org\/{rel}","templated":true}]}}