{"id":41678,"date":"2021-05-14T14:22:22","date_gmt":"2021-05-14T14:22:22","guid":{"rendered":"https:\/\/gazetaregionalna.com\/?p=41678"},"modified":"2021-05-14T14:22:23","modified_gmt":"2021-05-14T14:22:23","slug":"w-czestochowie-po-raz-6-odbeda-sie-integracyjne-mistrzostwa-polski-azs-w-bowlingu-i-bilardzie-dla-studentow-z-niepelnosprawnosciami","status":"publish","type":"post","link":"https:\/\/gazetaregionalna.com\/?p=41678","title":{"rendered":"W Cz\u0119stochowie po raz 6 odb\u0119d\u0105 si\u0119 Integracyjne Mistrzostwa Polski AZS w bowlingu i bilardzie dla student\u00f3w z niepe\u0142nosprawno\u015bciami"},"content":{"rendered":"\n<p>Prawie setka student\u00f3w z niepe\u0142nosprawno\u015bciami we\u017amie udzia\u0142 w Cz\u0119stochowie w Integracyjnych Mistrzostwach Polski AZS w bilardzie i kr\u0119glach.<\/p>\n\n\n\n<p>Mistrzostwa planowane s\u0105 w dniach 15-16 maja 2021 w Cz\u0119stochowie. Do rywalizacji ma przyst\u0105pi\u0107 kilkudziesi\u0119ciu student\u00f3w z niepe\u0142nosprawno\u015bciami z cz\u0119stochowskich uczelni, a tak\u017ce z ca\u0142ej Polski. Organizatorem jest AZS Cz\u0119stochowa.<\/p>\n\n\n\n<p>&#8211; Jako Cz\u0119stochowa jeste\u015bmy kolebk\u0105 tej imprezy \u2013 m\u00f3wi organizator Adam St\u0119pniak, prezes AZS Cz\u0119stochowa. &#8211; To z naszej Og\u00f3lnopolskiej Olimpiady Student\u00f3w z niepe\u0142nosprawno\u015bciami uda\u0142o si\u0119 stworzy\u0107 cykl Integracyjnych Mistrzostw Polski AZS, kt\u00f3ry odbywa\u0142 si\u0119 na terenie ca\u0142ej Polski. W sk\u0142ad cyklu wchodzi 17 dyscyplin. My w Cz\u0119stochowie organizujemy bilard i bowling.<\/p>\n\n\n\n<p>Impreza w Cz\u0119stochowie odb\u0119dzie si\u0119 po raz 6. W 2020 roku studenci z niepe\u0142nosprawno\u015bciami rywalizowali w pa\u017adzierniku. &#8211; Og\u00f3lnie to w bilard i w bowling powinni\u015bmy w poprzednim roku gra\u0107 w Cz\u0119stochowie w marcu, ale pocz\u0105tek pandemii koronawirusa sprawi\u0142, \u017ce zawody nie zosta\u0142y odwo\u0142ane tylko prze\u0142o\u017cone na pa\u017adziernik \u2013 dodaje prezes St\u0119pniak. &#8211; W tym roku te\u017c musieli\u015bmy prze\u0142o\u017cy\u0107 imprez\u0119 na maj 2021.<\/p>\n\n\n\n<p>Prezes St\u0119pniak cieszy si\u0119, \u017ce impreza gromadzi osoby z ca\u0142ej Polski. &#8211; Mam nadziej\u0119, \u017ce cz\u0119stochowscy studenci b\u0119d\u0105 godnie reprezentowa\u0107 nasze miasto i powalcz\u0105 o medale \u2013 m\u00f3wi Adam St\u0119pniak. &#8211; G\u0142\u00f3wnym celem mistrzostw jest jednak integracja, mo\u017cliwo\u015b\u0107 poznania innych os\u00f3b z niepe\u0142nosprawno\u015bciami, wymiana pogl\u0105d\u00f3w i nawi\u0105zanie kontakt\u00f3w.<\/p>\n\n\n\n<p>Przypomnijmy wyniki z IMP AZS w Cz\u0119stochowie z pa\u017adziernika 2020 roku.<\/p>\n\n\n\n<p>Wyniki 2020 rok: bilard kobiet:<\/p>\n\n\n\n<p>Gabriela Sarzy\u0144ska (Politechnika Wroc\u0142aw)<\/p>\n\n\n\n<p>Natalia Szeligowska (Uniwersytet Przyrodniczy Wroc\u0142aw)<\/p>\n\n\n\n<p>Anna Kwieci\u0144ska (Uniwersytet Adama Mickiewicza Pozna\u0144)<\/p>\n\n\n\n<p>Bilard pan\u00f3w:<\/p>\n\n\n\n<p>Marcel Cebulski (UAM Pozna\u0144)<\/p>\n\n\n\n<p>Karol Ratusi\u0144ski (Wy\u017csza Szko\u0142a Gospodarki w Bydgoszczy)<\/p>\n\n\n\n<p>Mi\u0142osz Dziadosz (Politechnika Wroc\u0142aw)<\/p>\n\n\n\n<p>Bowling pa\u0144:<\/p>\n\n\n\n<p>Anna Knia\u017a (Politechnika Pozna\u0144)<\/p>\n\n\n\n<p>Katarzyna Walczak (Uniwersytet Zielonog\u00f3rski)<\/p>\n\n\n\n<p>Dominika Hoft (UAM Pozna\u0144)<\/p>\n\n\n\n<p>Bowling pan\u00f3w:<\/p>\n\n\n\n<p>Tomasz Betka (Uniwersytet Ekonomiczny w Katowicach)<\/p>\n\n\n\n<p>\u0141ukasz Le\u015bny (Akademia G\u00f3rniczo-Hutnicza Krak\u00f3w)<\/p>\n\n\n\n<p>Damian Mordal (Politechnika Wroc\u0142aw)<\/p>\n\n\n\n<p>Foto: Gazeta Regionalna\/AK<\/p>\n\n\n\n<figure class=\"wp-block-image size-large\"><img decoding=\"async\" width=\"1024\" height=\"683\" data-src=\"https:\/\/gazetaregionalna.com\/wp-content\/uploads\/2020\/10\/Bilard-2-1024x683.jpg\" alt=\"\" class=\"wp-image-23055 lazyload\" data-srcset=\"https:\/\/gazetaregionalna.com\/wp-content\/uploads\/2020\/10\/Bilard-2-1024x683.jpg 1024w, https:\/\/gazetaregionalna.com\/wp-content\/uploads\/2020\/10\/Bilard-2-300x200.jpg 300w, https:\/\/gazetaregionalna.com\/wp-content\/uploads\/2020\/10\/Bilard-2-768x512.jpg 768w, https:\/\/gazetaregionalna.com\/wp-content\/uploads\/2020\/10\/Bilard-2-1536x1024.jpg 1536w, https:\/\/gazetaregionalna.com\/wp-content\/uploads\/2020\/10\/Bilard-2-696x464.jpg 696w, https:\/\/gazetaregionalna.com\/wp-content\/uploads\/2020\/10\/Bilard-2-1068x712.jpg 1068w, https:\/\/gazetaregionalna.com\/wp-content\/uploads\/2020\/10\/Bilard-2-630x420.jpg 630w, https:\/\/gazetaregionalna.com\/wp-content\/uploads\/2020\/10\/Bilard-2.jpg 1200w\" data-sizes=\"(max-width: 1024px) 100vw, 1024px\" src=\"data:image\/svg+xml;base64,PHN2ZyB3aWR0aD0iMSIgaGVpZ2h0PSIxIiB4bWxucz0iaHR0cDovL3d3dy53My5vcmcvMjAwMC9zdmciPjwvc3ZnPg==\" style=\"--smush-placeholder-width: 1024px; --smush-placeholder-aspect-ratio: 1024\/683;\" \/><\/figure>\n\n\n\n<figure class=\"wp-block-image size-large\"><img decoding=\"async\" width=\"1024\" height=\"683\" data-src=\"https:\/\/gazetaregionalna.com\/wp-content\/uploads\/2020\/10\/Bilard-10-1024x683.jpg\" alt=\"\" class=\"wp-image-23067 lazyload\" data-srcset=\"https:\/\/gazetaregionalna.com\/wp-content\/uploads\/2020\/10\/Bilard-10-1024x683.jpg 1024w, https:\/\/gazetaregionalna.com\/wp-content\/uploads\/2020\/10\/Bilard-10-300x200.jpg 300w, https:\/\/gazetaregionalna.com\/wp-content\/uploads\/2020\/10\/Bilard-10-768x512.jpg 768w, https:\/\/gazetaregionalna.com\/wp-content\/uploads\/2020\/10\/Bilard-10-1536x1024.jpg 1536w, https:\/\/gazetaregionalna.com\/wp-content\/uploads\/2020\/10\/Bilard-10-696x464.jpg 696w, https:\/\/gazetaregionalna.com\/wp-content\/uploads\/2020\/10\/Bilard-10-1068x712.jpg 1068w, https:\/\/gazetaregionalna.com\/wp-content\/uploads\/2020\/10\/Bilard-10-630x420.jpg 630w, https:\/\/gazetaregionalna.com\/wp-content\/uploads\/2020\/10\/Bilard-10.jpg 1200w\" data-sizes=\"(max-width: 1024px) 100vw, 1024px\" src=\"data:image\/svg+xml;base64,PHN2ZyB3aWR0aD0iMSIgaGVpZ2h0PSIxIiB4bWxucz0iaHR0cDovL3d3dy53My5vcmcvMjAwMC9zdmciPjwvc3ZnPg==\" style=\"--smush-placeholder-width: 1024px; --smush-placeholder-aspect-ratio: 1024\/683;\" \/><\/figure>\n\n\n\n<figure class=\"wp-block-image size-large\"><img decoding=\"async\" width=\"1024\" height=\"683\" data-src=\"https:\/\/gazetaregionalna.com\/wp-content\/uploads\/2020\/10\/Bilard-9-1024x683.jpg\" alt=\"\" class=\"wp-image-23066 lazyload\" data-srcset=\"https:\/\/gazetaregionalna.com\/wp-content\/uploads\/2020\/10\/Bilard-9-1024x683.jpg 1024w, https:\/\/gazetaregionalna.com\/wp-content\/uploads\/2020\/10\/Bilard-9-300x200.jpg 300w, https:\/\/gazetaregionalna.com\/wp-content\/uploads\/2020\/10\/Bilard-9-768x512.jpg 768w, https:\/\/gazetaregionalna.com\/wp-content\/uploads\/2020\/10\/Bilard-9-1536x1024.jpg 1536w, https:\/\/gazetaregionalna.com\/wp-content\/uploads\/2020\/10\/Bilard-9-696x464.jpg 696w, https:\/\/gazetaregionalna.com\/wp-content\/uploads\/2020\/10\/Bilard-9-1068x712.jpg 1068w, https:\/\/gazetaregionalna.com\/wp-content\/uploads\/2020\/10\/Bilard-9-630x420.jpg 630w, https:\/\/gazetaregionalna.com\/wp-content\/uploads\/2020\/10\/Bilard-9.jpg 1200w\" data-sizes=\"(max-width: 1024px) 100vw, 1024px\" src=\"data:image\/svg+xml;base64,PHN2ZyB3aWR0aD0iMSIgaGVpZ2h0PSIxIiB4bWxucz0iaHR0cDovL3d3dy53My5vcmcvMjAwMC9zdmciPjwvc3ZnPg==\" style=\"--smush-placeholder-width: 1024px; --smush-placeholder-aspect-ratio: 1024\/683;\" \/><\/figure>\n\n\n\n<figure class=\"wp-block-image size-large\"><img decoding=\"async\" width=\"1024\" height=\"683\" data-src=\"https:\/\/gazetaregionalna.com\/wp-content\/uploads\/2020\/10\/Bilard-6-1024x683.jpg\" alt=\"\" class=\"wp-image-23059 lazyload\" data-srcset=\"https:\/\/gazetaregionalna.com\/wp-content\/uploads\/2020\/10\/Bilard-6-1024x683.jpg 1024w, https:\/\/gazetaregionalna.com\/wp-content\/uploads\/2020\/10\/Bilard-6-300x200.jpg 300w, https:\/\/gazetaregionalna.com\/wp-content\/uploads\/2020\/10\/Bilard-6-768x512.jpg 768w, https:\/\/gazetaregionalna.com\/wp-content\/uploads\/2020\/10\/Bilard-6-1536x1024.jpg 1536w, https:\/\/gazetaregionalna.com\/wp-content\/uploads\/2020\/10\/Bilard-6-696x464.jpg 696w, https:\/\/gazetaregionalna.com\/wp-content\/uploads\/2020\/10\/Bilard-6-1068x712.jpg 1068w, https:\/\/gazetaregionalna.com\/wp-content\/uploads\/2020\/10\/Bilard-6-630x420.jpg 630w, https:\/\/gazetaregionalna.com\/wp-content\/uploads\/2020\/10\/Bilard-6.jpg 1200w\" data-sizes=\"(max-width: 1024px) 100vw, 1024px\" src=\"data:image\/svg+xml;base64,PHN2ZyB3aWR0aD0iMSIgaGVpZ2h0PSIxIiB4bWxucz0iaHR0cDovL3d3dy53My5vcmcvMjAwMC9zdmciPjwvc3ZnPg==\" style=\"--smush-placeholder-width: 1024px; --smush-placeholder-aspect-ratio: 1024\/683;\" \/><\/figure>\n\n\n\n<figure class=\"wp-block-image size-large\"><img decoding=\"async\" width=\"1024\" height=\"683\" data-src=\"https:\/\/gazetaregionalna.com\/wp-content\/uploads\/2020\/10\/Bilard-5-1024x683.jpg\" alt=\"\" class=\"wp-image-23058 lazyload\" data-srcset=\"https:\/\/gazetaregionalna.com\/wp-content\/uploads\/2020\/10\/Bilard-5-1024x683.jpg 1024w, https:\/\/gazetaregionalna.com\/wp-content\/uploads\/2020\/10\/Bilard-5-300x200.jpg 300w, https:\/\/gazetaregionalna.com\/wp-content\/uploads\/2020\/10\/Bilard-5-768x512.jpg 768w, https:\/\/gazetaregionalna.com\/wp-content\/uploads\/2020\/10\/Bilard-5-1536x1024.jpg 1536w, https:\/\/gazetaregionalna.com\/wp-content\/uploads\/2020\/10\/Bilard-5-696x464.jpg 696w, https:\/\/gazetaregionalna.com\/wp-content\/uploads\/2020\/10\/Bilard-5-1068x712.jpg 1068w, https:\/\/gazetaregionalna.com\/wp-content\/uploads\/2020\/10\/Bilard-5-630x420.jpg 630w, https:\/\/gazetaregionalna.com\/wp-content\/uploads\/2020\/10\/Bilard-5.jpg 1200w\" data-sizes=\"(max-width: 1024px) 100vw, 1024px\" src=\"data:image\/svg+xml;base64,PHN2ZyB3aWR0aD0iMSIgaGVpZ2h0PSIxIiB4bWxucz0iaHR0cDovL3d3dy53My5vcmcvMjAwMC9zdmciPjwvc3ZnPg==\" style=\"--smush-placeholder-width: 1024px; --smush-placeholder-aspect-ratio: 1024\/683;\" \/><\/figure>\n\n\n\n<figure class=\"wp-block-image size-large\"><img decoding=\"async\" width=\"1024\" height=\"683\" data-src=\"https:\/\/gazetaregionalna.com\/wp-content\/uploads\/2020\/10\/Bilard-4-1024x683.jpg\" alt=\"\" class=\"wp-image-23057 lazyload\" data-srcset=\"https:\/\/gazetaregionalna.com\/wp-content\/uploads\/2020\/10\/Bilard-4-1024x683.jpg 1024w, https:\/\/gazetaregionalna.com\/wp-content\/uploads\/2020\/10\/Bilard-4-300x200.jpg 300w, https:\/\/gazetaregionalna.com\/wp-content\/uploads\/2020\/10\/Bilard-4-768x512.jpg 768w, https:\/\/gazetaregionalna.com\/wp-content\/uploads\/2020\/10\/Bilard-4-1536x1024.jpg 1536w, https:\/\/gazetaregionalna.com\/wp-content\/uploads\/2020\/10\/Bilard-4-696x464.jpg 696w, https:\/\/gazetaregionalna.com\/wp-content\/uploads\/2020\/10\/Bilard-4-1068x712.jpg 1068w, https:\/\/gazetaregionalna.com\/wp-content\/uploads\/2020\/10\/Bilard-4-630x420.jpg 630w, https:\/\/gazetaregionalna.com\/wp-content\/uploads\/2020\/10\/Bilard-4.jpg 1200w\" data-sizes=\"(max-width: 1024px) 100vw, 1024px\" src=\"data:image\/svg+xml;base64,PHN2ZyB3aWR0aD0iMSIgaGVpZ2h0PSIxIiB4bWxucz0iaHR0cDovL3d3dy53My5vcmcvMjAwMC9zdmciPjwvc3ZnPg==\" style=\"--smush-placeholder-width: 1024px; --smush-placeholder-aspect-ratio: 1024\/683;\" \/><\/figure>\n","protected":false},"excerpt":{"rendered":"<p>Prawie setka student\u00f3w z niepe\u0142nosprawno\u015bciami we\u017amie udzia\u0142 w Cz\u0119stochowie w Integracyjnych Mistrzostwach Polski AZS w bilardzie i kr\u0119glach. Mistrzostwa planowane s\u0105 w dniach 15-16<\/p>\n","protected":false},"author":15,"featured_media":23055,"comment_status":"open","ping_status":"open","sticky":false,"template":"","format":"standard","meta":{"_monsterinsights_skip_tracking":false,"_monsterinsights_sitenote_active":false,"_monsterinsights_sitenote_note":"","_monsterinsights_sitenote_category":0,"_uf_show_specific_survey":0,"_uf_disable_surveys":false,"footnotes":""},"categories":[5,11],"tags":[],"class_list":["post-41678","post","type-post","status-publish","format-standard","has-post-thumbnail","hentry","category-sport","category-pozostale"],"_links":{"self":[{"href":"https:\/\/gazetaregionalna.com\/index.php?rest_route=\/wp\/v2\/posts\/41678","targetHints":{"allow":["GET"]}}],"collection":[{"href":"https:\/\/gazetaregionalna.com\/index.php?rest_route=\/wp\/v2\/posts"}],"about":[{"href":"https:\/\/gazetaregionalna.com\/index.php?rest_route=\/wp\/v2\/types\/post"}],"author":[{"embeddable":true,"href":"https:\/\/gazetaregionalna.com\/index.php?rest_route=\/wp\/v2\/users\/15"}],"replies":[{"embeddable":true,"href":"https:\/\/gazetaregionalna.com\/index.php?rest_route=%2Fwp%2Fv2%2Fcomments&post=41678"}],"version-history":[{"count":1,"href":"https:\/\/gazetaregionalna.com\/index.php?rest_route=\/wp\/v2\/posts\/41678\/revisions"}],"predecessor-version":[{"id":41680,"href":"https:\/\/gazetaregionalna.com\/index.php?rest_route=\/wp\/v2\/posts\/41678\/revisions\/41680"}],"wp:featuredmedia":[{"embeddable":true,"href":"https:\/\/gazetaregionalna.com\/index.php?rest_route=\/wp\/v2\/media\/23055"}],"wp:attachment":[{"href":"https:\/\/gazetaregionalna.com\/index.php?rest_route=%2Fwp%2Fv2%2Fmedia&parent=41678"}],"wp:term":[{"taxonomy":"category","embeddable":true,"href":"https:\/\/gazetaregionalna.com\/index.php?rest_route=%2Fwp%2Fv2%2Fcategories&post=41678"},{"taxonomy":"post_tag","embeddable":true,"href":"https:\/\/gazetaregionalna.com\/index.php?rest_route=%2Fwp%2Fv2%2Ftags&post=41678"}],"curies":[{"name":"wp","href":"https:\/\/api.w.org\/{rel}","templated":true}]}}