{"id":4166,"date":"2019-07-04T07:15:58","date_gmt":"2019-07-04T07:15:58","guid":{"rendered":"https:\/\/gazetaregionalna.com\/?p=4166"},"modified":"2019-07-04T07:16:00","modified_gmt":"2019-07-04T07:16:00","slug":"podroze-po-jurze-gmina-janow","status":"publish","type":"post","link":"https:\/\/gazetaregionalna.com\/?p=4166","title":{"rendered":"Podr\u00f3\u017ce po Jurze &#8211; Gmina Jan\u00f3w"},"content":{"rendered":"\n<p>Jan\u00f3w \u2013 gmina wiejska w wojew\u00f3dztwie \u015bl\u0105skim, w powiecie cz\u0119stochowskim. W latach 1975\u20131998 gmina po\u0142o\u017cona by\u0142a w wojew\u00f3dztwie cz\u0119stochowskim. W latach 1696-1870 miejscowo\u015b\u0107 posiada\u0142a prawa miejskie.<\/p>\n\n\n\n<p><strong>\u015awiat  przyrody<\/strong><\/p>\n\n\n\n<p>Tereny gminy le\u017c\u0105 w granicach Parku Krajobrazowego Orlich Gniazd i Obszaru Natura 2000 \u2013 Ostoja Z\u0142otopotocka (2748 ha). <br> S\u0105 tutaj cztery rezerwaty przyrody:<br> Ostr\u0119\u017cnik, Parkowe, Kaliszak i Bukowa K\u0119pa. Wzg\u00f3rza powsta\u0142e z utwor\u00f3w g\u00f3rnojurajskich porastaj\u0105 naturalne lasy (sosna, d\u0105b, buk i jod\u0142a). Spotykane tu formy krasowe to liczne: osta\u0144ce, jaskinie, groty, leje i studnie. W\u015br\u00f3d tych pierwszych szczeg\u00f3lnie wyr\u00f3\u017cniaj\u0105 si\u0119 Brama Twardowskiego \u2013 pomnik przyrody i Diabelskie Mosty. <br> Pi\u0119knym zak\u0105tkiem jest dolina Wiercicy z jej obszarem \u017ar\u00f3dliskowym. Tworz\u0105 go \u017ar\u00f3d\u0142a Zygmunta i El\u017cbiety (Z\u0142oty Potok) oraz okresowe \u0179r\u00f3d\u0142o Zdarze\u0144 (Ostr\u0119\u017cnik). Wody rzeki zasilaj\u0105 liczne stawy przep\u0142ywowe, m.in.: Zygmunt, Szmaragdowy, Nocy Letniej, Amerykan oraz Irydion. W Wiercicy<br> \u017cyj\u0105 min\u00f3g strumieniowy i g\u0142owacz bia\u0142op\u0142etwy, a w jaskiniach odnotowano 15 gatunk\u00f3w nietoperzy. Na zach\u00f3d od Janowa le\u017cy Pustynia Siedlecka (25 ha). Niekt\u00f3re jej wydmy si\u0119gaj\u0105 30 m wysoko\u015bci.<br> Natomiast na p\u0142d. od Siedlca zobaczymy dawny Kamienio\u0142om Warszawski \u2013 dobre miejsce do poszukiwa\u0144 amonit\u00f3w, g\u0105bek i belemnit\u00f3w. <\/p>\n\n\n\n<figure class=\"wp-block-image\"><img decoding=\"async\" width=\"958\" height=\"539\" data-src=\"https:\/\/gazetaregionalna.com\/wp-content\/uploads\/2019\/07\/32804-brama-twardowskiego.jpg\" alt=\"\" class=\"wp-image-4167 lazyload\" data-srcset=\"https:\/\/gazetaregionalna.com\/wp-content\/uploads\/2019\/07\/32804-brama-twardowskiego.jpg 958w, https:\/\/gazetaregionalna.com\/wp-content\/uploads\/2019\/07\/32804-brama-twardowskiego-300x169.jpg 300w, https:\/\/gazetaregionalna.com\/wp-content\/uploads\/2019\/07\/32804-brama-twardowskiego-768x432.jpg 768w\" data-sizes=\"(max-width: 958px) 100vw, 958px\" src=\"data:image\/svg+xml;base64,PHN2ZyB3aWR0aD0iMSIgaGVpZ2h0PSIxIiB4bWxucz0iaHR0cDovL3d3dy53My5vcmcvMjAwMC9zdmciPjwvc3ZnPg==\" style=\"--smush-placeholder-width: 958px; --smush-placeholder-aspect-ratio: 958\/539;\" \/><figcaption>Brama Twardowskiego.<br>fot. Gmina Jan\u00f3w<\/figcaption><\/figure>\n\n\n\n<p><strong>Zabytki ma\u0142e i du\u017ce<\/strong><\/p>\n\n\n\n<p>Najstarsze \u015blady pobytu ludzi si\u0119gaj\u0105 tutaj paleolitu (m.in. Grota Nied\u017awiedzia). W VIII w. na terenie obecnego rezerwatu Parkowe powsta\u0142o s\u0142owia\u0144skie Osiedle Wa\u0142y. Natomiast na pocz. XIV w. na wzg\u00f3rzu Ostr\u0119\u017cnik stan\u0105\u0142 zamek, po kt\u00f3rym dzi\u015b zosta\u0142y niewielkie fragmenty mur\u00f3w.<br> Przez stulecia dobra z\u0142otopotockie nale\u017ca\u0142y m.in. do Szreniewit\u00f3w, Jelitczyk\u00f3w, Potockich i Koniecpolskich. W XIX w. dzi\u0119ki rodowi Krasi\u0144skich, a p\u00f3\u017aniej Raczy\u0144skich dla okolicy nasta\u0142y z\u0142ote czasy.<br> Ich \u015bwiadectwem s\u0105 dworek Krasi\u0144skiego z 1829 r. oraz pa\u0142ac Raczy\u0144skich z lat 1852\u20131856. W 1881 r. Edward Raczy\u0144ski za\u0142o\u017cy\u0142 w Z\u0142otym Potoku jedn\u0105 z pierwszych w Europie hodowl\u0119 ryb \u0142ososiowatych. W Z\u0142otym Potoku zobaczymy dwa obiekty architektury drewnianej \u2013 M\u0142yn Ko\u0142aczew z 1807 r. oraz budynek dawnego schroniska Polskiego Towarzystwa Tatrza\u0144skiego z 1935 r. Do zabytk\u00f3w sakralnych gminy nale\u017c\u0105 ko\u015bcio\u0142y: \u015bw. Jana Chrzciciela (Z\u0142oty Potok), \u015bw. Bart\u0142omieja (\u017buraw) oraz Niepokalanego Pocz\u0119cia NMP (Jan\u00f3w). W Janowie zachowa\u0142 si\u0119 cmentarz \u017cydowski z prze\u0142omu XVII i XVIII  w. (ok. 20 macew). O latach powsta\u0144 i wojen przypominaj\u0105<br> liczne kapliczki, tablice i pomniki. Oddaj\u0105 one ho\u0142d bohaterom powstania styczniowego z 1863 r., kampanii wrze\u015bniowej z 1939 r. oraz walk partyzanckich z lat 1939\u20131945.<\/p>\n\n\n\n<div class=\"wp-block-image\"><figure class=\"aligncenter\"><img decoding=\"async\" width=\"1024\" height=\"683\" data-src=\"https:\/\/gazetaregionalna.com\/wp-content\/uploads\/2019\/07\/IMG_0997-1024x683.jpg\" alt=\"\" class=\"wp-image-4168 lazyload\" src=\"data:image\/svg+xml;base64,PHN2ZyB3aWR0aD0iMSIgaGVpZ2h0PSIxIiB4bWxucz0iaHR0cDovL3d3dy53My5vcmcvMjAwMC9zdmciPjwvc3ZnPg==\" style=\"--smush-placeholder-width: 1024px; --smush-placeholder-aspect-ratio: 1024\/683;\"><figcaption>Balonowe Mistrzostwa Polski.<br>fot. arch. Zwi\u0105zek Gmin Jurajskich, Jakub Krawczyk<\/figcaption><\/figure><\/div>\n\n\n\n<p><strong>Miejscowe atrakcje<\/strong><\/p>\n\n\n\n<ul class=\"wp-block-list\"><li>Agroturystyka i noclegi (www.janow.pl): w gminie dzia\u0142a kilkadziesi\u0105t gospodarstw agroturystycznych \u2013 najwi\u0119cej na Jurze. Do bazy turystycznej nale\u017c\u0105 r\u00f3wnie\u017c: Hotel Kmicic (Z\u0142oty Potok), Motel Jurajski Gr\u00f3d (Piasek), Dw\u00f3r Bystrzanowice (Bystrzanowice-Dw\u00f3r) oraz schroniska PTSM w Siedlcu i Z\u0142otym Potoku,<\/li><li>Basen, SPA i wypo\u017cyczalnia ro<\/li><li>wer\u00f3w (Hotel Kmicic, Z\u0142oty Potok, ul. Wrzoska 35, tel. 34 327 80 64)<\/li><\/ul>\n\n\n\n<ul class=\"wp-block-list\"><li>Firma Oaza (Piasek, tel. 34 363 13 65) imprezy plenerowe m.in.: Jurajska Karawana Konna, Zaczarowany Las i Galeria Planet,<\/li><li>Galeria Po Schodkach (Jan\u00f3w, ul. Cz\u0119stochowska 1, tel. 34 327 80 48): wystawy okresowe, spotkania poetyckie,<\/li><li>Jurajski Park Linowy (Z\u0142oty Potok, ul. Wrzoska 19, tel. 664 450 692),<\/li><li>Muzeum Regionalne im. Zygmunta Krasi\u0144skiego (Z\u0142oty Potok, ul. Ko\u015bciuszki 11, tel. 34 329 11 62): sta\u0142a wystawa Pami\u0105tki po Krasi\u0144skich i Raczy\u0144skich, wystawy czasowe,<\/li><li>Pstr\u0105garnia Raczy\u0144skich (Z\u0142oty Potok, ul. Ko\u015bciuszki 100, tel. 34 327 80 76): sprzeda\u017c \u015bwie\u017cych oraz w\u0119dzonych pstr\u0105g\u00f3w, karpi <\/li><li>i jesiotr\u00f3w, sma\u017calnia ryb<\/li><li>QUEST \u2013 Spacer po dnie jurajskiego morza (www.janow.pl): gra <br>\nterenowa, szukanie skarbu<\/li><li>Stajnia Wiking (Z\u0142oty Potok, ul. Ko\u015bciuszki 8\/1, tel.34 327 81 89): przeja\u017cd\u017cki konne i kryta uje\u017cd\u017calnia<\/li><li>Wspinaczka skalna (Z\u0142oty Potok, Diabelskie Mosty).<\/li><\/ul>\n\n\n\n<p><strong>Pieszo, rowerem i konno<\/strong><br> <em>Szlaki piesze: <\/em><\/p>\n\n\n\n<ul class=\"wp-block-list\"><li>Orlich Gniazd (czerwony), Warowni Jurajskich (niebieski),<br> Zamonitu (\u017c\u00f3\u0142ty), Walk 7. Dywizji Piechoty (zielony) i G\u00f3r<br> Gorzkowskich (czarny)<\/li><li>\u015acie\u017cki przyrodniczo-historyczne: Parkowe, Tropem<br> tajemnic, Le\u015bnicz\u00f3wka Dziad\u00f3wki, Z\u0142ota kraina pstr\u0105ga, Siedlecka, Zjawisk krasowych i Maryjna<\/li><li>E-Audio\u2013Wycieczki: Historyczna kraina poezji, Z\u0142ota kraina pstr\u0105ga, Przez jurajskie podziemia na pustyni\u0119<br><\/li><li><em>Szlaki rowerowe:<\/em> <br> -Orlich Gniazd (czerwony), im. Z. Krasi\u0144skiego (zielony), Hotelu Kmicic (czarny), im. Kacpra Karli\u0144skiego (niebieski), \u015acie\u017cka rowerowa doliny Wiercicy Ku \u0179r\u00f3d\u0142om i Szlak Atrakcji Turystycznych<\/li><li>Szlaki rowerowo-samochodowe: Szlak Architektury Drewnianej<br> Wojew\u00f3dztwa \u015al\u0105skiego, Mi\u0119dzynarodowa Trasa Pielgrzymkowa. Szlak Maryjny Cz\u0119stochowa\u2013Mariazell<\/li><li>W\u0119dr\u00f3wki konne: Transjuraski Szlak Konny PTTK, Szlak Konny Stajni Wiking, Szlak Jurajskiej Karawany Konnej i Szlak Kosmiczny.<\/li><\/ul>\n\n\n\n<p>(Opracowanie tekst\u00f3w &#8211; Jerzy Pleszyniak &#8222;Jurajska Kraina&#8221;)<\/p>\n","protected":false},"excerpt":{"rendered":"<p>Jan\u00f3w \u2013 gmina wiejska w wojew\u00f3dztwie \u015bl\u0105skim, w powiecie cz\u0119stochowskim. W latach 1975\u20131998 gmina po\u0142o\u017cona by\u0142a w wojew\u00f3dztwie cz\u0119stochowskim. W latach 1696-1870 miejscowo\u015b\u0107 posiada\u0142a<\/p>\n","protected":false},"author":3,"featured_media":4168,"comment_status":"open","ping_status":"open","sticky":false,"template":"","format":"standard","meta":{"_monsterinsights_skip_tracking":false,"_monsterinsights_sitenote_active":false,"_monsterinsights_sitenote_note":"","_monsterinsights_sitenote_category":0,"_uf_show_specific_survey":0,"_uf_disable_surveys":false,"footnotes":""},"categories":[12,31,4,30],"tags":[],"class_list":["post-4166","post","type-post","status-publish","format-standard","has-post-thumbnail","hentry","category-kultura-i-rozrywka","category-podroze","category-region","category-wypoczynek"],"_links":{"self":[{"href":"https:\/\/gazetaregionalna.com\/index.php?rest_route=\/wp\/v2\/posts\/4166","targetHints":{"allow":["GET"]}}],"collection":[{"href":"https:\/\/gazetaregionalna.com\/index.php?rest_route=\/wp\/v2\/posts"}],"about":[{"href":"https:\/\/gazetaregionalna.com\/index.php?rest_route=\/wp\/v2\/types\/post"}],"author":[{"embeddable":true,"href":"https:\/\/gazetaregionalna.com\/index.php?rest_route=\/wp\/v2\/users\/3"}],"replies":[{"embeddable":true,"href":"https:\/\/gazetaregionalna.com\/index.php?rest_route=%2Fwp%2Fv2%2Fcomments&post=4166"}],"version-history":[{"count":1,"href":"https:\/\/gazetaregionalna.com\/index.php?rest_route=\/wp\/v2\/posts\/4166\/revisions"}],"predecessor-version":[{"id":4169,"href":"https:\/\/gazetaregionalna.com\/index.php?rest_route=\/wp\/v2\/posts\/4166\/revisions\/4169"}],"wp:featuredmedia":[{"embeddable":true,"href":"https:\/\/gazetaregionalna.com\/index.php?rest_route=\/wp\/v2\/media\/4168"}],"wp:attachment":[{"href":"https:\/\/gazetaregionalna.com\/index.php?rest_route=%2Fwp%2Fv2%2Fmedia&parent=4166"}],"wp:term":[{"taxonomy":"category","embeddable":true,"href":"https:\/\/gazetaregionalna.com\/index.php?rest_route=%2Fwp%2Fv2%2Fcategories&post=4166"},{"taxonomy":"post_tag","embeddable":true,"href":"https:\/\/gazetaregionalna.com\/index.php?rest_route=%2Fwp%2Fv2%2Ftags&post=4166"}],"curies":[{"name":"wp","href":"https:\/\/api.w.org\/{rel}","templated":true}]}}