{"id":4154,"date":"2019-07-04T07:02:48","date_gmt":"2019-07-04T07:02:48","guid":{"rendered":"https:\/\/gazetaregionalna.com\/?p=4154"},"modified":"2019-07-04T07:02:49","modified_gmt":"2019-07-04T07:02:49","slug":"lubliniec-medale-na-mistrzostwach-polski-w-badmintonie","status":"publish","type":"post","link":"https:\/\/gazetaregionalna.com\/?p=4154","title":{"rendered":"Lubliniec. Medale na Mistrzostwach Polski  w badmintonie"},"content":{"rendered":"\n<p>W dniach 14-16 czerwca br. w Piotrkowie Trybunalskim odby\u0142y si\u0119 Mistrzostwa Polski Junior\u00f3w i M\u0142odzie\u017cowc\u00f3w w Badmintonie. <\/p>\n\n\n\n<p>By\u0142y to bardzo udane zawody dla uczestnik\u00f3w reprezentuj\u0105cych powiat lubliniecki. W kategorii m\u0142odzie\u017cowiec wystartowa\u0142&nbsp;J\u0119drzej Wachowski, a w kategorii junior&nbsp;Agnieszka Foryta&nbsp;i&nbsp;Hanna Szyma\u0144ska.<br>\nMistrzostwa zako\u0144czy\u0142y si\u0119 trzema br\u0105zowymi medalami dla lublinieckich badmintonistek.&nbsp;Agnieszka Foryta&nbsp;zdoby\u0142a br\u0105zowy medal w mik\u015bcie (w parze z Nestor Gabrysiak, Kometa Sian\u00f3w, trener Robert Kowalczyk) oraz br\u0105zowy medal w deblu (w parze z Aleksandr\u0105 Paj\u0105k, Orlicz Suchedni\u00f3w, trener Aleksandra D\u0105bczy\u0144ska).<\/p>\n\n\n\n<p>Z br\u0105zowym medalem w mik\u015bcie w kategorii M\u0142odzie\u017cowiec wr\u00f3ci\u0142a r\u00f3wnie\u017c&nbsp;Aleksandra Ptak&nbsp;(w parze z Tymoteuszem Malikien, Stal Nowa D\u0119ba).<\/p>\n\n\n\n<p>Z kolei&nbsp;Hanna Szyma\u0144ska&nbsp;zar\u00f3wno w singlu jak i deblu (w parze z Beat\u0105 Mycek, Stal Nowa D\u0119ba) uplasowa\u0142a si\u0119 na V miejscu Mistrzostw Polski Junior\u00f3w.Jak zawsze zawody by\u0142y bardzo emocjonuj\u0105ce. Wszyscy zawodnicy zaprezentowali bardzo wysoki poziom gry. W\u015br\u00f3d uczestnik\u00f3w znale\u017ali si\u0119 medali\u015bci Mistrzostw Europy. Tu ka\u017cdy punkt, ka\u017cda wygrana akcja jest na wag\u0119 p\u00f3\u017aniejszego medalu. Najbardziej nerwowe bywaj\u0105 ko\u0144c\u00f3wki trzysetowych mecz\u00f3w\u00a0\u2013 m\u00f3wi\u0142a trener STB Energia\u00a0Sonia Wachowska.<\/p>\n\n\n\n<p>(STB Energia)<\/p>\n","protected":false},"excerpt":{"rendered":"<p>W dniach 14-16 czerwca br. w Piotrkowie Trybunalskim odby\u0142y si\u0119 Mistrzostwa Polski Junior\u00f3w i M\u0142odzie\u017cowc\u00f3w w Badmintonie. By\u0142y to bardzo udane zawody dla uczestnik\u00f3w<\/p>\n","protected":false},"author":3,"featured_media":4155,"comment_status":"open","ping_status":"open","sticky":false,"template":"","format":"standard","meta":{"_monsterinsights_skip_tracking":false,"_monsterinsights_sitenote_active":false,"_monsterinsights_sitenote_note":"","_monsterinsights_sitenote_category":0,"_uf_show_specific_survey":0,"_uf_disable_surveys":false,"footnotes":""},"categories":[25,11,5,2],"tags":[],"class_list":["post-4154","post","type-post","status-publish","format-standard","has-post-thumbnail","hentry","category-lubliniec","category-pozostale","category-sport","category-wiadomosci"],"_links":{"self":[{"href":"https:\/\/gazetaregionalna.com\/index.php?rest_route=\/wp\/v2\/posts\/4154","targetHints":{"allow":["GET"]}}],"collection":[{"href":"https:\/\/gazetaregionalna.com\/index.php?rest_route=\/wp\/v2\/posts"}],"about":[{"href":"https:\/\/gazetaregionalna.com\/index.php?rest_route=\/wp\/v2\/types\/post"}],"author":[{"embeddable":true,"href":"https:\/\/gazetaregionalna.com\/index.php?rest_route=\/wp\/v2\/users\/3"}],"replies":[{"embeddable":true,"href":"https:\/\/gazetaregionalna.com\/index.php?rest_route=%2Fwp%2Fv2%2Fcomments&post=4154"}],"version-history":[{"count":1,"href":"https:\/\/gazetaregionalna.com\/index.php?rest_route=\/wp\/v2\/posts\/4154\/revisions"}],"predecessor-version":[{"id":4156,"href":"https:\/\/gazetaregionalna.com\/index.php?rest_route=\/wp\/v2\/posts\/4154\/revisions\/4156"}],"wp:featuredmedia":[{"embeddable":true,"href":"https:\/\/gazetaregionalna.com\/index.php?rest_route=\/wp\/v2\/media\/4155"}],"wp:attachment":[{"href":"https:\/\/gazetaregionalna.com\/index.php?rest_route=%2Fwp%2Fv2%2Fmedia&parent=4154"}],"wp:term":[{"taxonomy":"category","embeddable":true,"href":"https:\/\/gazetaregionalna.com\/index.php?rest_route=%2Fwp%2Fv2%2Fcategories&post=4154"},{"taxonomy":"post_tag","embeddable":true,"href":"https:\/\/gazetaregionalna.com\/index.php?rest_route=%2Fwp%2Fv2%2Ftags&post=4154"}],"curies":[{"name":"wp","href":"https:\/\/api.w.org\/{rel}","templated":true}]}}