{"id":41398,"date":"2021-05-12T16:32:02","date_gmt":"2021-05-12T16:32:02","guid":{"rendered":"https:\/\/gazetaregionalna.com\/?p=41398"},"modified":"2021-05-13T09:58:09","modified_gmt":"2021-05-13T09:58:09","slug":"przebudowa-torowiska-w-czestochowie-znowu-z-opoznieniem","status":"publish","type":"post","link":"https:\/\/gazetaregionalna.com\/?p=41398","title":{"rendered":"Przebudowa torowiska w Cz\u0119stochowie znowu z op\u00f3\u017anieniem"},"content":{"rendered":"\n<h2 class=\"wp-block-heading\">Nie b\u0119dzie planowanego na najbli\u017csz\u0105 sobot\u0119 otwarcia dla samochod\u00f3w skrzy\u017cowania al. Wolno\u015bci z Alejami. Wykonawca inwestycji przeprasza, t\u0142umaczy op\u00f3\u017anienia problemami z dostaw\u0105 materia\u0142\u00f3w budowlanych, czemu winna jest pandemia, ale nowej, konkretniej daty nie podaje.<\/h2>\n\n\n\n<figure class=\"wp-block-gallery columns-2 is-cropped wp-block-gallery-1 is-layout-flex wp-block-gallery-is-layout-flex\"><ul class=\"blocks-gallery-grid\"><li class=\"blocks-gallery-item\"><figure><a href=\"https:\/\/gazetaregionalna.com\/wp-content\/uploads\/2021\/05\/IMG_20210510_112548932_HDR-1024x576.jpg\"><img decoding=\"async\" width=\"1024\" height=\"576\" data-src=\"https:\/\/gazetaregionalna.com\/wp-content\/uploads\/2021\/05\/IMG_20210510_112548932_HDR-1024x576.jpg\" alt=\"\" data-id=\"41402\" data-link=\"https:\/\/gazetaregionalna.com\/?attachment_id=41402\" class=\"wp-image-41402 lazyload\" data-srcset=\"https:\/\/gazetaregionalna.com\/wp-content\/uploads\/2021\/05\/IMG_20210510_112548932_HDR-1024x576.jpg 1024w, https:\/\/gazetaregionalna.com\/wp-content\/uploads\/2021\/05\/IMG_20210510_112548932_HDR-300x169.jpg 300w, https:\/\/gazetaregionalna.com\/wp-content\/uploads\/2021\/05\/IMG_20210510_112548932_HDR-768x432.jpg 768w, https:\/\/gazetaregionalna.com\/wp-content\/uploads\/2021\/05\/IMG_20210510_112548932_HDR-1536x864.jpg 1536w, https:\/\/gazetaregionalna.com\/wp-content\/uploads\/2021\/05\/IMG_20210510_112548932_HDR-2048x1152.jpg 2048w, https:\/\/gazetaregionalna.com\/wp-content\/uploads\/2021\/05\/IMG_20210510_112548932_HDR-696x392.jpg 696w, https:\/\/gazetaregionalna.com\/wp-content\/uploads\/2021\/05\/IMG_20210510_112548932_HDR-1068x601.jpg 1068w, https:\/\/gazetaregionalna.com\/wp-content\/uploads\/2021\/05\/IMG_20210510_112548932_HDR-1920x1080.jpg 1920w, https:\/\/gazetaregionalna.com\/wp-content\/uploads\/2021\/05\/IMG_20210510_112548932_HDR-747x420.jpg 747w, https:\/\/gazetaregionalna.com\/wp-content\/uploads\/2021\/05\/IMG_20210510_112548932_HDR-scaled.jpg 1200w\" data-sizes=\"(max-width: 1024px) 100vw, 1024px\" src=\"data:image\/svg+xml;base64,PHN2ZyB3aWR0aD0iMSIgaGVpZ2h0PSIxIiB4bWxucz0iaHR0cDovL3d3dy53My5vcmcvMjAwMC9zdmciPjwvc3ZnPg==\" style=\"--smush-placeholder-width: 1024px; --smush-placeholder-aspect-ratio: 1024\/576;\" \/><\/a><\/figure><\/li><li class=\"blocks-gallery-item\"><figure><a href=\"https:\/\/gazetaregionalna.com\/wp-content\/uploads\/2021\/05\/IMG_20210510_112552755_HDR-576x1024.jpg\"><img decoding=\"async\" width=\"576\" height=\"1024\" data-src=\"https:\/\/gazetaregionalna.com\/wp-content\/uploads\/2021\/05\/IMG_20210510_112552755_HDR-576x1024.jpg\" alt=\"\" data-id=\"41403\" data-link=\"https:\/\/gazetaregionalna.com\/?attachment_id=41403\" class=\"wp-image-41403 lazyload\" data-srcset=\"https:\/\/gazetaregionalna.com\/wp-content\/uploads\/2021\/05\/IMG_20210510_112552755_HDR-576x1024.jpg 576w, https:\/\/gazetaregionalna.com\/wp-content\/uploads\/2021\/05\/IMG_20210510_112552755_HDR-169x300.jpg 169w, https:\/\/gazetaregionalna.com\/wp-content\/uploads\/2021\/05\/IMG_20210510_112552755_HDR-768x1365.jpg 768w, https:\/\/gazetaregionalna.com\/wp-content\/uploads\/2021\/05\/IMG_20210510_112552755_HDR-864x1536.jpg 864w, https:\/\/gazetaregionalna.com\/wp-content\/uploads\/2021\/05\/IMG_20210510_112552755_HDR-1152x2048.jpg 1152w, https:\/\/gazetaregionalna.com\/wp-content\/uploads\/2021\/05\/IMG_20210510_112552755_HDR-696x1237.jpg 696w, https:\/\/gazetaregionalna.com\/wp-content\/uploads\/2021\/05\/IMG_20210510_112552755_HDR-1068x1899.jpg 1068w, https:\/\/gazetaregionalna.com\/wp-content\/uploads\/2021\/05\/IMG_20210510_112552755_HDR-236x420.jpg 236w, https:\/\/gazetaregionalna.com\/wp-content\/uploads\/2021\/05\/IMG_20210510_112552755_HDR-scaled.jpg 900w\" data-sizes=\"(max-width: 576px) 100vw, 576px\" src=\"data:image\/svg+xml;base64,PHN2ZyB3aWR0aD0iMSIgaGVpZ2h0PSIxIiB4bWxucz0iaHR0cDovL3d3dy53My5vcmcvMjAwMC9zdmciPjwvc3ZnPg==\" style=\"--smush-placeholder-width: 576px; --smush-placeholder-aspect-ratio: 576\/1024;\" \/><\/a><\/figure><\/li><li class=\"blocks-gallery-item\"><figure><a href=\"https:\/\/gazetaregionalna.com\/wp-content\/uploads\/2021\/05\/IMG_20210510_112554916_HDR-576x1024.jpg\"><img decoding=\"async\" width=\"576\" height=\"1024\" data-src=\"https:\/\/gazetaregionalna.com\/wp-content\/uploads\/2021\/05\/IMG_20210510_112554916_HDR-576x1024.jpg\" alt=\"\" data-id=\"41404\" data-link=\"https:\/\/gazetaregionalna.com\/?attachment_id=41404\" class=\"wp-image-41404 lazyload\" data-srcset=\"https:\/\/gazetaregionalna.com\/wp-content\/uploads\/2021\/05\/IMG_20210510_112554916_HDR-576x1024.jpg 576w, https:\/\/gazetaregionalna.com\/wp-content\/uploads\/2021\/05\/IMG_20210510_112554916_HDR-169x300.jpg 169w, https:\/\/gazetaregionalna.com\/wp-content\/uploads\/2021\/05\/IMG_20210510_112554916_HDR-768x1365.jpg 768w, https:\/\/gazetaregionalna.com\/wp-content\/uploads\/2021\/05\/IMG_20210510_112554916_HDR-864x1536.jpg 864w, https:\/\/gazetaregionalna.com\/wp-content\/uploads\/2021\/05\/IMG_20210510_112554916_HDR-1152x2048.jpg 1152w, https:\/\/gazetaregionalna.com\/wp-content\/uploads\/2021\/05\/IMG_20210510_112554916_HDR-696x1237.jpg 696w, https:\/\/gazetaregionalna.com\/wp-content\/uploads\/2021\/05\/IMG_20210510_112554916_HDR-1068x1899.jpg 1068w, https:\/\/gazetaregionalna.com\/wp-content\/uploads\/2021\/05\/IMG_20210510_112554916_HDR-236x420.jpg 236w, https:\/\/gazetaregionalna.com\/wp-content\/uploads\/2021\/05\/IMG_20210510_112554916_HDR-scaled.jpg 900w\" data-sizes=\"(max-width: 576px) 100vw, 576px\" src=\"data:image\/svg+xml;base64,PHN2ZyB3aWR0aD0iMSIgaGVpZ2h0PSIxIiB4bWxucz0iaHR0cDovL3d3dy53My5vcmcvMjAwMC9zdmciPjwvc3ZnPg==\" style=\"--smush-placeholder-width: 576px; --smush-placeholder-aspect-ratio: 576\/1024;\" \/><\/a><\/figure><\/li><li class=\"blocks-gallery-item\"><figure><a href=\"https:\/\/gazetaregionalna.com\/wp-content\/uploads\/2021\/05\/IMG_20210510_114526650_HDR-1024x576.jpg\"><img decoding=\"async\" width=\"1024\" height=\"576\" data-src=\"https:\/\/gazetaregionalna.com\/wp-content\/uploads\/2021\/05\/IMG_20210510_114526650_HDR-1024x576.jpg\" alt=\"\" data-id=\"41406\" data-link=\"https:\/\/gazetaregionalna.com\/?attachment_id=41406\" class=\"wp-image-41406 lazyload\" data-srcset=\"https:\/\/gazetaregionalna.com\/wp-content\/uploads\/2021\/05\/IMG_20210510_114526650_HDR-1024x576.jpg 1024w, https:\/\/gazetaregionalna.com\/wp-content\/uploads\/2021\/05\/IMG_20210510_114526650_HDR-300x169.jpg 300w, https:\/\/gazetaregionalna.com\/wp-content\/uploads\/2021\/05\/IMG_20210510_114526650_HDR-768x432.jpg 768w, https:\/\/gazetaregionalna.com\/wp-content\/uploads\/2021\/05\/IMG_20210510_114526650_HDR-1536x864.jpg 1536w, https:\/\/gazetaregionalna.com\/wp-content\/uploads\/2021\/05\/IMG_20210510_114526650_HDR-2048x1152.jpg 2048w, https:\/\/gazetaregionalna.com\/wp-content\/uploads\/2021\/05\/IMG_20210510_114526650_HDR-696x392.jpg 696w, https:\/\/gazetaregionalna.com\/wp-content\/uploads\/2021\/05\/IMG_20210510_114526650_HDR-1068x601.jpg 1068w, https:\/\/gazetaregionalna.com\/wp-content\/uploads\/2021\/05\/IMG_20210510_114526650_HDR-1920x1080.jpg 1920w, https:\/\/gazetaregionalna.com\/wp-content\/uploads\/2021\/05\/IMG_20210510_114526650_HDR-747x420.jpg 747w, https:\/\/gazetaregionalna.com\/wp-content\/uploads\/2021\/05\/IMG_20210510_114526650_HDR-scaled.jpg 1200w\" data-sizes=\"(max-width: 1024px) 100vw, 1024px\" src=\"data:image\/svg+xml;base64,PHN2ZyB3aWR0aD0iMSIgaGVpZ2h0PSIxIiB4bWxucz0iaHR0cDovL3d3dy53My5vcmcvMjAwMC9zdmciPjwvc3ZnPg==\" style=\"--smush-placeholder-width: 1024px; --smush-placeholder-aspect-ratio: 1024\/576;\" \/><\/a><\/figure><\/li><li class=\"blocks-gallery-item\"><figure><a href=\"https:\/\/gazetaregionalna.com\/wp-content\/uploads\/2021\/05\/IMG_20210510_112548932_HDR-1-1024x576.jpg\"><img decoding=\"async\" width=\"1024\" height=\"576\" data-src=\"https:\/\/gazetaregionalna.com\/wp-content\/uploads\/2021\/05\/IMG_20210510_112548932_HDR-1-1024x576.jpg\" alt=\"\" data-id=\"41407\" data-link=\"https:\/\/gazetaregionalna.com\/?attachment_id=41407\" class=\"wp-image-41407 lazyload\" data-srcset=\"https:\/\/gazetaregionalna.com\/wp-content\/uploads\/2021\/05\/IMG_20210510_112548932_HDR-1-1024x576.jpg 1024w, https:\/\/gazetaregionalna.com\/wp-content\/uploads\/2021\/05\/IMG_20210510_112548932_HDR-1-300x169.jpg 300w, https:\/\/gazetaregionalna.com\/wp-content\/uploads\/2021\/05\/IMG_20210510_112548932_HDR-1-768x432.jpg 768w, https:\/\/gazetaregionalna.com\/wp-content\/uploads\/2021\/05\/IMG_20210510_112548932_HDR-1-1536x864.jpg 1536w, https:\/\/gazetaregionalna.com\/wp-content\/uploads\/2021\/05\/IMG_20210510_112548932_HDR-1-2048x1152.jpg 2048w, https:\/\/gazetaregionalna.com\/wp-content\/uploads\/2021\/05\/IMG_20210510_112548932_HDR-1-696x392.jpg 696w, https:\/\/gazetaregionalna.com\/wp-content\/uploads\/2021\/05\/IMG_20210510_112548932_HDR-1-1068x601.jpg 1068w, https:\/\/gazetaregionalna.com\/wp-content\/uploads\/2021\/05\/IMG_20210510_112548932_HDR-1-1920x1080.jpg 1920w, https:\/\/gazetaregionalna.com\/wp-content\/uploads\/2021\/05\/IMG_20210510_112548932_HDR-1-747x420.jpg 747w, https:\/\/gazetaregionalna.com\/wp-content\/uploads\/2021\/05\/IMG_20210510_112548932_HDR-1-scaled.jpg 1200w\" data-sizes=\"(max-width: 1024px) 100vw, 1024px\" src=\"data:image\/svg+xml;base64,PHN2ZyB3aWR0aD0iMSIgaGVpZ2h0PSIxIiB4bWxucz0iaHR0cDovL3d3dy53My5vcmcvMjAwMC9zdmciPjwvc3ZnPg==\" style=\"--smush-placeholder-width: 1024px; --smush-placeholder-aspect-ratio: 1024\/576;\" \/><\/a><\/figure><\/li><li class=\"blocks-gallery-item\"><figure><a href=\"https:\/\/gazetaregionalna.com\/wp-content\/uploads\/2021\/05\/IMG_20210510_141404719_HDR-1024x576.jpg\"><img decoding=\"async\" width=\"1024\" height=\"576\" data-src=\"https:\/\/gazetaregionalna.com\/wp-content\/uploads\/2021\/05\/IMG_20210510_141404719_HDR-1024x576.jpg\" alt=\"\" data-id=\"41408\" data-link=\"https:\/\/gazetaregionalna.com\/?attachment_id=41408\" class=\"wp-image-41408 lazyload\" data-srcset=\"https:\/\/gazetaregionalna.com\/wp-content\/uploads\/2021\/05\/IMG_20210510_141404719_HDR-1024x576.jpg 1024w, https:\/\/gazetaregionalna.com\/wp-content\/uploads\/2021\/05\/IMG_20210510_141404719_HDR-300x169.jpg 300w, https:\/\/gazetaregionalna.com\/wp-content\/uploads\/2021\/05\/IMG_20210510_141404719_HDR-768x432.jpg 768w, https:\/\/gazetaregionalna.com\/wp-content\/uploads\/2021\/05\/IMG_20210510_141404719_HDR-1536x864.jpg 1536w, https:\/\/gazetaregionalna.com\/wp-content\/uploads\/2021\/05\/IMG_20210510_141404719_HDR-2048x1152.jpg 2048w, https:\/\/gazetaregionalna.com\/wp-content\/uploads\/2021\/05\/IMG_20210510_141404719_HDR-696x392.jpg 696w, https:\/\/gazetaregionalna.com\/wp-content\/uploads\/2021\/05\/IMG_20210510_141404719_HDR-1068x601.jpg 1068w, https:\/\/gazetaregionalna.com\/wp-content\/uploads\/2021\/05\/IMG_20210510_141404719_HDR-1920x1080.jpg 1920w, https:\/\/gazetaregionalna.com\/wp-content\/uploads\/2021\/05\/IMG_20210510_141404719_HDR-747x420.jpg 747w, https:\/\/gazetaregionalna.com\/wp-content\/uploads\/2021\/05\/IMG_20210510_141404719_HDR-scaled.jpg 1200w\" data-sizes=\"(max-width: 1024px) 100vw, 1024px\" src=\"data:image\/svg+xml;base64,PHN2ZyB3aWR0aD0iMSIgaGVpZ2h0PSIxIiB4bWxucz0iaHR0cDovL3d3dy53My5vcmcvMjAwMC9zdmciPjwvc3ZnPg==\" style=\"--smush-placeholder-width: 1024px; --smush-placeholder-aspect-ratio: 1024\/576;\" \/><\/a><\/figure><\/li><li class=\"blocks-gallery-item\"><figure><a href=\"https:\/\/gazetaregionalna.com\/wp-content\/uploads\/2021\/05\/tory1.jpg\"><img decoding=\"async\" width=\"468\" height=\"600\" data-src=\"https:\/\/gazetaregionalna.com\/wp-content\/uploads\/2021\/05\/tory1.jpg\" alt=\"\" data-id=\"41409\" data-link=\"https:\/\/gazetaregionalna.com\/?attachment_id=41409\" class=\"wp-image-41409 lazyload\" data-srcset=\"https:\/\/gazetaregionalna.com\/wp-content\/uploads\/2021\/05\/tory1.jpg 468w, https:\/\/gazetaregionalna.com\/wp-content\/uploads\/2021\/05\/tory1-234x300.jpg 234w, https:\/\/gazetaregionalna.com\/wp-content\/uploads\/2021\/05\/tory1-328x420.jpg 328w\" data-sizes=\"(max-width: 468px) 100vw, 468px\" src=\"data:image\/svg+xml;base64,PHN2ZyB3aWR0aD0iMSIgaGVpZ2h0PSIxIiB4bWxucz0iaHR0cDovL3d3dy53My5vcmcvMjAwMC9zdmciPjwvc3ZnPg==\" style=\"--smush-placeholder-width: 468px; --smush-placeholder-aspect-ratio: 468\/600;\" \/><\/a><\/figure><\/li><li class=\"blocks-gallery-item\"><figure><a href=\"https:\/\/gazetaregionalna.com\/wp-content\/uploads\/2021\/05\/tory2.jpg\"><img decoding=\"async\" width=\"735\" height=\"472\" data-src=\"https:\/\/gazetaregionalna.com\/wp-content\/uploads\/2021\/05\/tory2.jpg\" alt=\"\" data-id=\"41410\" data-link=\"https:\/\/gazetaregionalna.com\/?attachment_id=41410\" class=\"wp-image-41410 lazyload\" data-srcset=\"https:\/\/gazetaregionalna.com\/wp-content\/uploads\/2021\/05\/tory2.jpg 735w, https:\/\/gazetaregionalna.com\/wp-content\/uploads\/2021\/05\/tory2-300x193.jpg 300w, https:\/\/gazetaregionalna.com\/wp-content\/uploads\/2021\/05\/tory2-696x447.jpg 696w, https:\/\/gazetaregionalna.com\/wp-content\/uploads\/2021\/05\/tory2-654x420.jpg 654w\" data-sizes=\"(max-width: 735px) 100vw, 735px\" src=\"data:image\/svg+xml;base64,PHN2ZyB3aWR0aD0iMSIgaGVpZ2h0PSIxIiB4bWxucz0iaHR0cDovL3d3dy53My5vcmcvMjAwMC9zdmciPjwvc3ZnPg==\" style=\"--smush-placeholder-width: 735px; --smush-placeholder-aspect-ratio: 735\/472;\" \/><\/a><\/figure><\/li><li class=\"blocks-gallery-item\"><figure><a href=\"https:\/\/gazetaregionalna.com\/wp-content\/uploads\/2021\/05\/t3-min-1-1024x576.jpg\"><img decoding=\"async\" width=\"1024\" height=\"576\" data-src=\"https:\/\/gazetaregionalna.com\/wp-content\/uploads\/2021\/05\/t3-min-1-1024x576.jpg\" alt=\"\" data-id=\"41477\" data-link=\"https:\/\/gazetaregionalna.com\/przebudowa-torowiska-w-czestochowie-znowu-z-opoznieniem\/t3-min-1\/\" class=\"wp-image-41477 lazyload\" data-srcset=\"https:\/\/gazetaregionalna.com\/wp-content\/uploads\/2021\/05\/t3-min-1-1024x576.jpg 1024w, https:\/\/gazetaregionalna.com\/wp-content\/uploads\/2021\/05\/t3-min-1-300x169.jpg 300w, https:\/\/gazetaregionalna.com\/wp-content\/uploads\/2021\/05\/t3-min-1-768x432.jpg 768w, https:\/\/gazetaregionalna.com\/wp-content\/uploads\/2021\/05\/t3-min-1-1536x864.jpg 1536w, https:\/\/gazetaregionalna.com\/wp-content\/uploads\/2021\/05\/t3-min-1-2048x1152.jpg 2048w, https:\/\/gazetaregionalna.com\/wp-content\/uploads\/2021\/05\/t3-min-1-696x392.jpg 696w, https:\/\/gazetaregionalna.com\/wp-content\/uploads\/2021\/05\/t3-min-1-1068x601.jpg 1068w, https:\/\/gazetaregionalna.com\/wp-content\/uploads\/2021\/05\/t3-min-1-1920x1080.jpg 1920w, https:\/\/gazetaregionalna.com\/wp-content\/uploads\/2021\/05\/t3-min-1-747x420.jpg 747w, https:\/\/gazetaregionalna.com\/wp-content\/uploads\/2021\/05\/t3-min-1-scaled.jpg 1200w\" data-sizes=\"(max-width: 1024px) 100vw, 1024px\" src=\"data:image\/svg+xml;base64,PHN2ZyB3aWR0aD0iMSIgaGVpZ2h0PSIxIiB4bWxucz0iaHR0cDovL3d3dy53My5vcmcvMjAwMC9zdmciPjwvc3ZnPg==\" style=\"--smush-placeholder-width: 1024px; --smush-placeholder-aspect-ratio: 1024\/576;\" \/><\/a><\/figure><\/li><li class=\"blocks-gallery-item\"><figure><a href=\"https:\/\/gazetaregionalna.com\/wp-content\/uploads\/2021\/05\/t5-min-1-1024x576.jpg\"><img decoding=\"async\" width=\"1024\" height=\"576\" data-src=\"https:\/\/gazetaregionalna.com\/wp-content\/uploads\/2021\/05\/t5-min-1-1024x576.jpg\" alt=\"\" data-id=\"41479\" data-link=\"https:\/\/gazetaregionalna.com\/przebudowa-torowiska-w-czestochowie-znowu-z-opoznieniem\/t5-min-1\/\" class=\"wp-image-41479 lazyload\" data-srcset=\"https:\/\/gazetaregionalna.com\/wp-content\/uploads\/2021\/05\/t5-min-1-1024x576.jpg 1024w, https:\/\/gazetaregionalna.com\/wp-content\/uploads\/2021\/05\/t5-min-1-300x169.jpg 300w, https:\/\/gazetaregionalna.com\/wp-content\/uploads\/2021\/05\/t5-min-1-768x432.jpg 768w, https:\/\/gazetaregionalna.com\/wp-content\/uploads\/2021\/05\/t5-min-1-1536x864.jpg 1536w, https:\/\/gazetaregionalna.com\/wp-content\/uploads\/2021\/05\/t5-min-1-2048x1152.jpg 2048w, https:\/\/gazetaregionalna.com\/wp-content\/uploads\/2021\/05\/t5-min-1-696x392.jpg 696w, https:\/\/gazetaregionalna.com\/wp-content\/uploads\/2021\/05\/t5-min-1-1068x601.jpg 1068w, https:\/\/gazetaregionalna.com\/wp-content\/uploads\/2021\/05\/t5-min-1-1920x1080.jpg 1920w, https:\/\/gazetaregionalna.com\/wp-content\/uploads\/2021\/05\/t5-min-1-747x420.jpg 747w, https:\/\/gazetaregionalna.com\/wp-content\/uploads\/2021\/05\/t5-min-1-scaled.jpg 1200w\" data-sizes=\"(max-width: 1024px) 100vw, 1024px\" src=\"data:image\/svg+xml;base64,PHN2ZyB3aWR0aD0iMSIgaGVpZ2h0PSIxIiB4bWxucz0iaHR0cDovL3d3dy53My5vcmcvMjAwMC9zdmciPjwvc3ZnPg==\" style=\"--smush-placeholder-width: 1024px; --smush-placeholder-aspect-ratio: 1024\/576;\" \/><\/a><\/figure><\/li><li class=\"blocks-gallery-item\"><figure><a href=\"https:\/\/gazetaregionalna.com\/wp-content\/uploads\/2021\/05\/t4-min-1024x576.jpg\"><img decoding=\"async\" width=\"1024\" height=\"576\" data-src=\"https:\/\/gazetaregionalna.com\/wp-content\/uploads\/2021\/05\/t4-min-1024x576.jpg\" alt=\"\" data-id=\"41481\" data-link=\"https:\/\/gazetaregionalna.com\/przebudowa-torowiska-w-czestochowie-znowu-z-opoznieniem\/t4-min\/\" class=\"wp-image-41481 lazyload\" data-srcset=\"https:\/\/gazetaregionalna.com\/wp-content\/uploads\/2021\/05\/t4-min-1024x576.jpg 1024w, https:\/\/gazetaregionalna.com\/wp-content\/uploads\/2021\/05\/t4-min-300x169.jpg 300w, https:\/\/gazetaregionalna.com\/wp-content\/uploads\/2021\/05\/t4-min-768x432.jpg 768w, https:\/\/gazetaregionalna.com\/wp-content\/uploads\/2021\/05\/t4-min-1536x864.jpg 1536w, https:\/\/gazetaregionalna.com\/wp-content\/uploads\/2021\/05\/t4-min-2048x1152.jpg 2048w, https:\/\/gazetaregionalna.com\/wp-content\/uploads\/2021\/05\/t4-min-696x392.jpg 696w, https:\/\/gazetaregionalna.com\/wp-content\/uploads\/2021\/05\/t4-min-1068x601.jpg 1068w, https:\/\/gazetaregionalna.com\/wp-content\/uploads\/2021\/05\/t4-min-1920x1080.jpg 1920w, https:\/\/gazetaregionalna.com\/wp-content\/uploads\/2021\/05\/t4-min-747x420.jpg 747w, https:\/\/gazetaregionalna.com\/wp-content\/uploads\/2021\/05\/t4-min-scaled.jpg 1200w\" data-sizes=\"(max-width: 1024px) 100vw, 1024px\" src=\"data:image\/svg+xml;base64,PHN2ZyB3aWR0aD0iMSIgaGVpZ2h0PSIxIiB4bWxucz0iaHR0cDovL3d3dy53My5vcmcvMjAwMC9zdmciPjwvc3ZnPg==\" style=\"--smush-placeholder-width: 1024px; --smush-placeholder-aspect-ratio: 1024\/576;\" \/><\/a><\/figure><\/li><li class=\"blocks-gallery-item\"><figure><a href=\"https:\/\/gazetaregionalna.com\/wp-content\/uploads\/2021\/05\/t1-min-2-scaled.jpg\"><img decoding=\"async\" width=\"1024\" height=\"576\" data-src=\"https:\/\/gazetaregionalna.com\/wp-content\/uploads\/2021\/05\/t1-min-2-1024x576.jpg\" alt=\"\" data-id=\"41483\" data-full-url=\"https:\/\/gazetaregionalna.com\/wp-content\/uploads\/2021\/05\/t1-min-2-scaled.jpg\" data-link=\"https:\/\/gazetaregionalna.com\/przebudowa-torowiska-w-czestochowie-znowu-z-opoznieniem\/t1-min-2-2\/\" class=\"wp-image-41483 lazyload\" data-srcset=\"https:\/\/gazetaregionalna.com\/wp-content\/uploads\/2021\/05\/t1-min-2-1024x576.jpg 1024w, https:\/\/gazetaregionalna.com\/wp-content\/uploads\/2021\/05\/t1-min-2-300x169.jpg 300w, https:\/\/gazetaregionalna.com\/wp-content\/uploads\/2021\/05\/t1-min-2-768x432.jpg 768w, https:\/\/gazetaregionalna.com\/wp-content\/uploads\/2021\/05\/t1-min-2-1536x864.jpg 1536w, https:\/\/gazetaregionalna.com\/wp-content\/uploads\/2021\/05\/t1-min-2-2048x1152.jpg 2048w, https:\/\/gazetaregionalna.com\/wp-content\/uploads\/2021\/05\/t1-min-2-696x392.jpg 696w, https:\/\/gazetaregionalna.com\/wp-content\/uploads\/2021\/05\/t1-min-2-1068x601.jpg 1068w, https:\/\/gazetaregionalna.com\/wp-content\/uploads\/2021\/05\/t1-min-2-1920x1080.jpg 1920w, https:\/\/gazetaregionalna.com\/wp-content\/uploads\/2021\/05\/t1-min-2-747x420.jpg 747w, https:\/\/gazetaregionalna.com\/wp-content\/uploads\/2021\/05\/t1-min-2-scaled.jpg 1200w\" data-sizes=\"(max-width: 1024px) 100vw, 1024px\" src=\"data:image\/svg+xml;base64,PHN2ZyB3aWR0aD0iMSIgaGVpZ2h0PSIxIiB4bWxucz0iaHR0cDovL3d3dy53My5vcmcvMjAwMC9zdmciPjwvc3ZnPg==\" style=\"--smush-placeholder-width: 1024px; --smush-placeholder-aspect-ratio: 1024\/576;\" \/><\/a><\/figure><\/li><\/ul><figcaption class=\"blocks-gallery-caption\">(fot. IBS)<\/figcaption><\/figure>\n\n\n\n<p>Jeszcze nie tak dawno, bo 21 kwietnia cz\u0119stochowskie MPK podawa\u0142o za wykonawc\u0105 rob\u00f3t, firm\u0105 NDI zaktualizowany harmonogram prac. Wygl\u0105da\u0142 obiecuj\u0105co. Ju\u017c od tego poniedzia\u0142ku ponownie mia\u0142y zosta\u0142 otwarte dwa istotne dla organizacji ruchu w \u015ar\u00f3dmie\u015bciu skrzy\u017cowania: przy ul. Jasnog\u00f3rskiej i ul. Orzechowskiego. Na sobot\u0119, 15 maja zapowiadano natomiast przywr\u00f3cenie ruchu na najwi\u0119kszym skrzy\u017cowaniu w centrum Cz\u0119stochowy, skrzy\u017cowaniu alej Wolno\u015bci i Naj\u015bwi\u0119tszej Maryi Panny. Nic jednak z tego nie b\u0119dzie.<\/p>\n\n\n\n<p>Op\u00f3\u017anienie w samym centrum wp\u0142ynie na rozpocz\u0119cie kolejnego wa\u017cnego i trudnego odcinka rob\u00f3t \u2013 w alei Jana Paw\u0142a II. Ostatecznie r\u00f3wnie\u017c spowoduje przesuni\u0119cie zako\u0144czenia ca\u0142ej inwestycji, co, przy dobrym rozwoju sytuacji, mog\u0142o nast\u0105pi\u0107 w czerwcu.<\/p>\n\n\n\n<p>Jak przekaza\u0142a firma NDI, zako\u0144czenie prac na skrzy\u017cowaniu w Alejach nast\u0105pi z op\u00f3\u017anieniem. Kiedy? Tego ju\u017c nie podano.<\/p>\n\n\n\n<p>-Jest nam bardzo przykro, ale aktualna sytuacja z dostawami materia\u0142\u00f3w jest komplikowana przez pandemi\u0119. Ostatnio borykali\u015bmy si\u0119 z brakiem masy zalewowej i niezb\u0119dne komponenty uda\u0142o nam si\u0119 kupi\u0107 dopiero w Holandii. Ten problem zosta\u0142 rozwi\u0105zany, ale teraz czekamy na dostaw\u0119 kostki granitowej, kt\u00f3ra jest specjalnie docinana, a jej powierzchnia &#8222;groszkowana&#8221;&nbsp;\u2013 informuje dyrektor kontraktu z NDI, \u0141ukasz Sus\u0142o.<\/p>\n\n\n\n<p>Jak t\u0142umaczy NDI, dostawca op\u00f3\u017ani\u0142 z powodu COVID-19 dostarczenie kostki. Nieterminowe jest r\u00f3wnie\u017c dostarczanie cz\u0119\u015bci innych komponent\u00f3w niezb\u0119dnych do prowadzenia prac. To wp\u0142yn\u0119\u0142o na niedotrzymanie majowego terminu.<\/p>\n\n\n\n<p>-Mamy nadziej\u0119, \u017ce wspomniane braki materia\u0142owe zostan\u0105 uzupe\u0142nione przez dostawc\u00f3w w przysz\u0142ym tygodniu, tak by do ko\u0144ca miesi\u0105ca mo\u017cna by\u0142o przede wszystkim u\u0142o\u017cy\u0107 kostk\u0119, zaspoinowa\u0107 i przywr\u00f3ci\u0107 ruch \u2013 dodaje \u0141ukasz Sus\u0142o z NDI. &#8211;<em> <\/em>Bardzo zale\u017cy nam na jak najszybszym wykonaniu prac, bo od tego zale\u017cy mo\u017cliwo\u015b\u0107 rozpocz\u0119cia rob\u00f3t na kolejnym skrzy\u017cowaniu z al. Jana Paw\u0142a II.<\/p>\n\n\n\n<p> Prace w \u015ar\u00f3dmie\u015bciu Cz\u0119stochowy trwaj\u0105 od zimy. Prowadzone s\u0105, jak ca\u0142a inwestycja etapami. Skrzy\u017cowanie w Alejach zamkni\u0119to na pocz\u0105tku marca. Ca\u0142a inwestycja, nazywana przez MPK historyczn\u0105, prowadzona jest ju\u017c od wiosny 2019 roku i mia\u0142a by\u0107 zamkni\u0119ta do ko\u0144ca 2020 roku. Niestety, gdy nadszed\u0142 rok pandemii, harmonogram prac zacz\u0105\u0142 si\u0119 sypa\u0107 i co chwil\u0119 pojawia\u0142y si\u0119 komunikaty o przesuni\u0119ciu tego czy innego etapu, a tak\u017ce o zmianie daty uko\u0144czenia prac. <\/p>\n\n\n\n<p>Przebudowa torowiska odbywa si\u0119 w ramach programu \u201eLepsza Komunikacja w Cz\u0119stochowie\u201d. Zadanie to obejmuje modernizacj\u0119 torowiska i kupno nowych tramwaj\u00f3w dla MPK.<\/p>\n\n\n\n<p>Cz\u0119stochowa pozyska\u0142a na te cel 144 mln z\u0142 dofinansowania z UE. \u0141\u0105cznie modernizacja torowiska i zakup dziesi\u0119ciu tramwaj\u00f3w Twist drugiej generacji to koszt 204 mln z\u0142otych. Przebudowa linii tramwajowej poch\u0142onie w sumie 115 mln z\u0142otych.<\/p>\n\n\n\n<p>(Tekst i fot IBS)<\/p>\n","protected":false},"excerpt":{"rendered":"<p>Nie b\u0119dzie planowanego na najbli\u017csz\u0105 sobot\u0119 otwarcia dla samochod\u00f3w skrzy\u017cowania al. Wolno\u015bci z Alejami. Wykonawca inwestycji przeprasza, t\u0142umaczy op\u00f3\u017anienia problemami z dostaw\u0105 materia\u0142\u00f3w budowlanych,<\/p>\n","protected":false},"author":7,"featured_media":41471,"comment_status":"open","ping_status":"open","sticky":false,"template":"","format":"standard","meta":{"_monsterinsights_skip_tracking":false,"_monsterinsights_sitenote_active":false,"_monsterinsights_sitenote_note":"","_monsterinsights_sitenote_category":0,"_uf_show_specific_survey":0,"_uf_disable_surveys":false,"footnotes":""},"categories":[94,3,2],"tags":[],"class_list":["post-41398","post","type-post","status-publish","format-standard","has-post-thumbnail","hentry","category-polecane","category-czestochowa-informacje","category-wiadomosci"],"_links":{"self":[{"href":"https:\/\/gazetaregionalna.com\/index.php?rest_route=\/wp\/v2\/posts\/41398","targetHints":{"allow":["GET"]}}],"collection":[{"href":"https:\/\/gazetaregionalna.com\/index.php?rest_route=\/wp\/v2\/posts"}],"about":[{"href":"https:\/\/gazetaregionalna.com\/index.php?rest_route=\/wp\/v2\/types\/post"}],"author":[{"embeddable":true,"href":"https:\/\/gazetaregionalna.com\/index.php?rest_route=\/wp\/v2\/users\/7"}],"replies":[{"embeddable":true,"href":"https:\/\/gazetaregionalna.com\/index.php?rest_route=%2Fwp%2Fv2%2Fcomments&post=41398"}],"version-history":[{"count":9,"href":"https:\/\/gazetaregionalna.com\/index.php?rest_route=\/wp\/v2\/posts\/41398\/revisions"}],"predecessor-version":[{"id":41484,"href":"https:\/\/gazetaregionalna.com\/index.php?rest_route=\/wp\/v2\/posts\/41398\/revisions\/41484"}],"wp:featuredmedia":[{"embeddable":true,"href":"https:\/\/gazetaregionalna.com\/index.php?rest_route=\/wp\/v2\/media\/41471"}],"wp:attachment":[{"href":"https:\/\/gazetaregionalna.com\/index.php?rest_route=%2Fwp%2Fv2%2Fmedia&parent=41398"}],"wp:term":[{"taxonomy":"category","embeddable":true,"href":"https:\/\/gazetaregionalna.com\/index.php?rest_route=%2Fwp%2Fv2%2Fcategories&post=41398"},{"taxonomy":"post_tag","embeddable":true,"href":"https:\/\/gazetaregionalna.com\/index.php?rest_route=%2Fwp%2Fv2%2Ftags&post=41398"}],"curies":[{"name":"wp","href":"https:\/\/api.w.org\/{rel}","templated":true}]}}