{"id":41287,"date":"2021-05-12T07:06:35","date_gmt":"2021-05-12T07:06:35","guid":{"rendered":"https:\/\/gazetaregionalna.com\/?p=41287"},"modified":"2021-05-12T07:06:36","modified_gmt":"2021-05-12T07:06:36","slug":"czestochowska-policja-opublikowala-nagranie-brawurowej-jazdy-pijanego-kierowcy","status":"publish","type":"post","link":"https:\/\/gazetaregionalna.com\/?p=41287","title":{"rendered":"Cz\u0119stochowska policja opublikowa\u0142a nagranie brawurowej jazdy pijanego kierowcy"},"content":{"rendered":"\n<h3 class=\"wp-block-heading\">Chodzi o film pokazuj\u0105cy jazd\u0119 kierowcy volkswagena, kt\u00f3ry z nadmiern\u0105 pr\u0119dko\u015bci\u0105 porusza\u0142 si\u0119 drog\u0105 krajow\u0105 91. M\u0119\u017cczyzna ma\u0142o, \u017ce znacznie przekracza\u0142 dozwolon\u0105 pr\u0119dko\u015b\u0107, to do tego by\u0142 kompletnie pijany.<\/h3>\n\n\n\n<figure class=\"wp-block-video\"><video controls src=\"https:\/\/gazetaregionalna.com\/wp-content\/uploads\/2021\/05\/42-655255.mp4\"><\/video><\/figure>\n\n\n\n<p>Zdarzenie, kt\u00f3re nagrali policjanci z tzw. grupy Speed, czyli zajmuj\u0105cej si\u0119 wy\u0142apywaniem pirat\u00f3w drogowych, pochodzi z 17 kwietnia. Policja opublikowa\u0142a je teraz, aby pokaza\u0107, jakie mog\u0105 by\u0107 skutki jazdy z nadmiern\u0105 szybko\u015bci i do tego po pijanemu. Niestety, \u0142adna pogoda sprzyja nadmiernej szybko\u015bci rozwijanej na drogach, st\u0105d apel policji o reakcj\u0119 na podobne zachowania kierowc\u00f3w.<\/p>\n\n\n\n<p>Zarejestrowane zdarzenie mia\u0142o miejsce w al. Wojska Polskiego w Cz\u0119stochowie.<\/p>\n\n\n\n<p>&#8211; Patrol cz\u0119stochowskiej drog\u00f3wki wyje\u017cd\u017ca\u0142 z terenu stacji benzynowej, gdy zauwa\u017cy\u0142 p\u0119dz\u0105cego lewym pasem po Alei Wojska Polskiego osobowego volkswagena \u2013 informuje Sabina Chyra-Giere\u015b, oficer prasowy cz\u0119stochowskiej komendy. &#8211; Policjanci zdecydowali, \u017ce zmierz\u0105 pr\u0119dko\u015b\u0107, z jak\u0105 porusza si\u0119 pojazd, jednak kierowca nerwowo zmienia\u0142 pasy ruchu. W ko\u0144cu zjecha\u0142 na prawy skrajny pas i kontynuowa\u0142 jazd\u0119. Po przejechaniu kilkudziesi\u0119ciu metr\u00f3w, zamiast na \u0142uku drogi zjecha\u0107 w prawo, kieruj\u0105cy utraci\u0142 panowanie nad pojazdem i wjecha\u0142 wprost na pas zieleni, uderzaj\u0105c w znak drogowy.<\/p>\n\n\n\n<p> Za kierownic\u0105 volkswagena siedzia\u0142 36-latek. M\u0119\u017cczyzna by\u0142 kompletnie pijany, tak jak podr\u00f3\u017cuj\u0105cy z nim pasa\u017cer. Badanie wykaza\u0142o, \u017ce wsiad\u0142 za kierownic\u0119, maj\u0105c ponad 3 promile alkoholu w organizmie. Tym razem na szcz\u0119\u015bcie nikomu nic si\u0119 nie sta\u0142o, ale policja przypomina, \u017ce podobne zdarzenia cz\u0119sto ko\u0144cz\u0105 si\u0119 tragedi\u0105. <\/p>\n\n\n\n<p>&#8211; Reagujmy, kiedy widzimy, gdy za kierownic\u0119 wsiada nietrze\u017awy \u2013 apeluje policja. &#8211; Czasami wystarczy jeden telefon, aby wyeliminowa\u0107 z ruchu pijanego kierowc\u0119 i nie dopu\u015bci\u0107 tym samym do tragedii, w kt\u00f3rej mog\u0105 ucierpie\u0107 niewinne osoby.<\/p>\n","protected":false},"excerpt":{"rendered":"<p>Chodzi o film pokazuj\u0105cy jazd\u0119 kierowcy volkswagena, kt\u00f3ry z nadmiern\u0105 pr\u0119dko\u015bci\u0105 porusza\u0142 si\u0119 drog\u0105 krajow\u0105 91. M\u0119\u017cczyzna ma\u0142o, \u017ce znacznie przekracza\u0142 dozwolon\u0105 pr\u0119dko\u015b\u0107, to<\/p>\n","protected":false},"author":7,"featured_media":41294,"comment_status":"open","ping_status":"open","sticky":false,"template":"","format":"standard","meta":{"_monsterinsights_skip_tracking":false,"_monsterinsights_sitenote_active":false,"_monsterinsights_sitenote_note":"","_monsterinsights_sitenote_category":0,"_uf_show_specific_survey":0,"_uf_disable_surveys":false,"footnotes":""},"categories":[94,3,2],"tags":[],"class_list":["post-41287","post","type-post","status-publish","format-standard","has-post-thumbnail","hentry","category-polecane","category-czestochowa-informacje","category-wiadomosci"],"_links":{"self":[{"href":"https:\/\/gazetaregionalna.com\/index.php?rest_route=\/wp\/v2\/posts\/41287","targetHints":{"allow":["GET"]}}],"collection":[{"href":"https:\/\/gazetaregionalna.com\/index.php?rest_route=\/wp\/v2\/posts"}],"about":[{"href":"https:\/\/gazetaregionalna.com\/index.php?rest_route=\/wp\/v2\/types\/post"}],"author":[{"embeddable":true,"href":"https:\/\/gazetaregionalna.com\/index.php?rest_route=\/wp\/v2\/users\/7"}],"replies":[{"embeddable":true,"href":"https:\/\/gazetaregionalna.com\/index.php?rest_route=%2Fwp%2Fv2%2Fcomments&post=41287"}],"version-history":[{"count":6,"href":"https:\/\/gazetaregionalna.com\/index.php?rest_route=\/wp\/v2\/posts\/41287\/revisions"}],"predecessor-version":[{"id":41297,"href":"https:\/\/gazetaregionalna.com\/index.php?rest_route=\/wp\/v2\/posts\/41287\/revisions\/41297"}],"wp:featuredmedia":[{"embeddable":true,"href":"https:\/\/gazetaregionalna.com\/index.php?rest_route=\/wp\/v2\/media\/41294"}],"wp:attachment":[{"href":"https:\/\/gazetaregionalna.com\/index.php?rest_route=%2Fwp%2Fv2%2Fmedia&parent=41287"}],"wp:term":[{"taxonomy":"category","embeddable":true,"href":"https:\/\/gazetaregionalna.com\/index.php?rest_route=%2Fwp%2Fv2%2Fcategories&post=41287"},{"taxonomy":"post_tag","embeddable":true,"href":"https:\/\/gazetaregionalna.com\/index.php?rest_route=%2Fwp%2Fv2%2Ftags&post=41287"}],"curies":[{"name":"wp","href":"https:\/\/api.w.org\/{rel}","templated":true}]}}