{"id":41282,"date":"2021-05-11T19:53:57","date_gmt":"2021-05-11T19:53:57","guid":{"rendered":"https:\/\/gazetaregionalna.com\/?p=41282"},"modified":"2021-05-11T19:53:58","modified_gmt":"2021-05-11T19:53:58","slug":"juniorzy-bocar-wlokniarz-wygrali-zawody-dmpj-w-czestochowie","status":"publish","type":"post","link":"https:\/\/gazetaregionalna.com\/?p=41282","title":{"rendered":"Juniorzy Bocar W\u0142\u00f3kniarz wygrali zawody DMPJ w Cz\u0119stochowie"},"content":{"rendered":"\n<p>We wtorek na torze w Cz\u0119stochowie odby\u0142a si\u0119 runda Dru\u017cynowych Mistrzostw Polski Junior\u00f3w. Wygrali cz\u0119stochowianie z 10 punktami przewagi nad Betard Spart\u0105 Wroc\u0142aw.<\/p>\n\n\n\n<p>W dru\u017cynie gospodarzy wyst\u0105pili: Mateusz \u015awidnicki, Bart\u0142omiej Kowalski, Franciszek Karczewski, Kajetan Kupiec i Kamil Kr\u00f3l. Najlepszym zawodnikiem na torze by\u0142 \u015bwidnicki, kt\u00f3ry zdoby\u0142 komplet 15 punkt\u00f3w. Kowalski wygra\u0142 4 biegi i raz zanotowa\u0142 defekt co da\u0142o mu 12 punkt\u00f3w. Komplet 12 punkt\u00f3w, ale w 4 startach wywalczy\u0142 Karczewski. Kupiec w 5 biegach zdoby\u0142 10 punkt\u00f3w (2,2,1,2,3), a Kr\u00f3l na torze pojawi\u0142 si\u0119 raz i zanotowa\u0142 upadek.<\/p>\n\n\n\n<p>Bocar W\u0142\u00f3kniarz zdoby\u0142 49 punkt\u00f3w. Na 2. miejscu w zawodach byli m\u0142odzie\u017cowcy Betard Sparty Wtoc\u0142aw, w\u015br\u00f3d kt\u00f3rych najlepiej Micha\u0142 Curzytek (11 punkt\u00f3w). 3. miejsce zaj\u0119li juniorzy ROW Rybnik (23 punkty), a 4. pozycja przypad\u0142a Kolejarzowi Opole (8 punkt\u00f3w).<\/p>\n\n\n\n<p>Foto: Gazeta Regionalna\/AK<\/p>\n\n\n\n<figure class=\"wp-block-image size-large\"><img decoding=\"async\" width=\"1024\" height=\"579\" data-src=\"https:\/\/gazetaregionalna.com\/wp-content\/uploads\/2021\/05\/CKM-Sparta-36-1024x579.jpg\" alt=\"\" class=\"wp-image-41026 lazyload\" data-srcset=\"https:\/\/gazetaregionalna.com\/wp-content\/uploads\/2021\/05\/CKM-Sparta-36-1024x579.jpg 1024w, https:\/\/gazetaregionalna.com\/wp-content\/uploads\/2021\/05\/CKM-Sparta-36-300x170.jpg 300w, https:\/\/gazetaregionalna.com\/wp-content\/uploads\/2021\/05\/CKM-Sparta-36-768x434.jpg 768w, https:\/\/gazetaregionalna.com\/wp-content\/uploads\/2021\/05\/CKM-Sparta-36-1536x869.jpg 1536w, https:\/\/gazetaregionalna.com\/wp-content\/uploads\/2021\/05\/CKM-Sparta-36-2048x1158.jpg 2048w, https:\/\/gazetaregionalna.com\/wp-content\/uploads\/2021\/05\/CKM-Sparta-36-696x394.jpg 696w, https:\/\/gazetaregionalna.com\/wp-content\/uploads\/2021\/05\/CKM-Sparta-36-1068x604.jpg 1068w, https:\/\/gazetaregionalna.com\/wp-content\/uploads\/2021\/05\/CKM-Sparta-36-1920x1086.jpg 1920w, https:\/\/gazetaregionalna.com\/wp-content\/uploads\/2021\/05\/CKM-Sparta-36-743x420.jpg 743w, https:\/\/gazetaregionalna.com\/wp-content\/uploads\/2021\/05\/CKM-Sparta-36-scaled.jpg 1200w\" data-sizes=\"(max-width: 1024px) 100vw, 1024px\" src=\"data:image\/svg+xml;base64,PHN2ZyB3aWR0aD0iMSIgaGVpZ2h0PSIxIiB4bWxucz0iaHR0cDovL3d3dy53My5vcmcvMjAwMC9zdmciPjwvc3ZnPg==\" style=\"--smush-placeholder-width: 1024px; --smush-placeholder-aspect-ratio: 1024\/579;\" \/><\/figure>\n\n\n\n<figure class=\"wp-block-image size-large\"><img decoding=\"async\" width=\"1024\" height=\"450\" data-src=\"https:\/\/gazetaregionalna.com\/wp-content\/uploads\/2021\/05\/CKM-Sparta-62-1024x450.jpg\" alt=\"\" class=\"wp-image-41029 lazyload\" data-srcset=\"https:\/\/gazetaregionalna.com\/wp-content\/uploads\/2021\/05\/CKM-Sparta-62-1024x450.jpg 1024w, https:\/\/gazetaregionalna.com\/wp-content\/uploads\/2021\/05\/CKM-Sparta-62-300x132.jpg 300w, https:\/\/gazetaregionalna.com\/wp-content\/uploads\/2021\/05\/CKM-Sparta-62-768x337.jpg 768w, https:\/\/gazetaregionalna.com\/wp-content\/uploads\/2021\/05\/CKM-Sparta-62-1536x675.jpg 1536w, https:\/\/gazetaregionalna.com\/wp-content\/uploads\/2021\/05\/CKM-Sparta-62-2048x899.jpg 2048w, https:\/\/gazetaregionalna.com\/wp-content\/uploads\/2021\/05\/CKM-Sparta-62-696x306.jpg 696w, https:\/\/gazetaregionalna.com\/wp-content\/uploads\/2021\/05\/CKM-Sparta-62-1068x469.jpg 1068w, https:\/\/gazetaregionalna.com\/wp-content\/uploads\/2021\/05\/CKM-Sparta-62-1920x843.jpg 1920w, https:\/\/gazetaregionalna.com\/wp-content\/uploads\/2021\/05\/CKM-Sparta-62-956x420.jpg 956w, https:\/\/gazetaregionalna.com\/wp-content\/uploads\/2021\/05\/CKM-Sparta-62-scaled.jpg 1200w\" data-sizes=\"(max-width: 1024px) 100vw, 1024px\" src=\"data:image\/svg+xml;base64,PHN2ZyB3aWR0aD0iMSIgaGVpZ2h0PSIxIiB4bWxucz0iaHR0cDovL3d3dy53My5vcmcvMjAwMC9zdmciPjwvc3ZnPg==\" style=\"--smush-placeholder-width: 1024px; --smush-placeholder-aspect-ratio: 1024\/450;\" \/><\/figure>\n\n\n\n<figure class=\"wp-block-image size-large\"><img decoding=\"async\" width=\"1024\" height=\"683\" data-src=\"https:\/\/gazetaregionalna.com\/wp-content\/uploads\/2021\/05\/CKM-Sparta-27-1024x683.jpg\" alt=\"\" class=\"wp-image-41019 lazyload\" data-srcset=\"https:\/\/gazetaregionalna.com\/wp-content\/uploads\/2021\/05\/CKM-Sparta-27-1024x683.jpg 1024w, https:\/\/gazetaregionalna.com\/wp-content\/uploads\/2021\/05\/CKM-Sparta-27-300x200.jpg 300w, https:\/\/gazetaregionalna.com\/wp-content\/uploads\/2021\/05\/CKM-Sparta-27-768x512.jpg 768w, https:\/\/gazetaregionalna.com\/wp-content\/uploads\/2021\/05\/CKM-Sparta-27-1536x1024.jpg 1536w, https:\/\/gazetaregionalna.com\/wp-content\/uploads\/2021\/05\/CKM-Sparta-27-2048x1365.jpg 2048w, https:\/\/gazetaregionalna.com\/wp-content\/uploads\/2021\/05\/CKM-Sparta-27-696x464.jpg 696w, https:\/\/gazetaregionalna.com\/wp-content\/uploads\/2021\/05\/CKM-Sparta-27-1068x712.jpg 1068w, https:\/\/gazetaregionalna.com\/wp-content\/uploads\/2021\/05\/CKM-Sparta-27-1920x1280.jpg 1920w, https:\/\/gazetaregionalna.com\/wp-content\/uploads\/2021\/05\/CKM-Sparta-27-630x420.jpg 630w, https:\/\/gazetaregionalna.com\/wp-content\/uploads\/2021\/05\/CKM-Sparta-27-scaled.jpg 1200w\" data-sizes=\"(max-width: 1024px) 100vw, 1024px\" src=\"data:image\/svg+xml;base64,PHN2ZyB3aWR0aD0iMSIgaGVpZ2h0PSIxIiB4bWxucz0iaHR0cDovL3d3dy53My5vcmcvMjAwMC9zdmciPjwvc3ZnPg==\" style=\"--smush-placeholder-width: 1024px; --smush-placeholder-aspect-ratio: 1024\/683;\" \/><\/figure>\n","protected":false},"excerpt":{"rendered":"<p>We wtorek na torze w Cz\u0119stochowie odby\u0142a si\u0119 runda Dru\u017cynowych Mistrzostw Polski Junior\u00f3w. Wygrali cz\u0119stochowianie z 10 punktami przewagi nad Betard Spart\u0105 Wroc\u0142aw. W<\/p>\n","protected":false},"author":15,"featured_media":41025,"comment_status":"open","ping_status":"open","sticky":false,"template":"","format":"standard","meta":{"_monsterinsights_skip_tracking":false,"_monsterinsights_sitenote_active":false,"_monsterinsights_sitenote_note":"","_monsterinsights_sitenote_category":0,"_uf_show_specific_survey":0,"_uf_disable_surveys":false,"footnotes":""},"categories":[5,7],"tags":[],"class_list":["post-41282","post","type-post","status-publish","format-standard","has-post-thumbnail","hentry","category-sport","category-zuzel"],"_links":{"self":[{"href":"https:\/\/gazetaregionalna.com\/index.php?rest_route=\/wp\/v2\/posts\/41282","targetHints":{"allow":["GET"]}}],"collection":[{"href":"https:\/\/gazetaregionalna.com\/index.php?rest_route=\/wp\/v2\/posts"}],"about":[{"href":"https:\/\/gazetaregionalna.com\/index.php?rest_route=\/wp\/v2\/types\/post"}],"author":[{"embeddable":true,"href":"https:\/\/gazetaregionalna.com\/index.php?rest_route=\/wp\/v2\/users\/15"}],"replies":[{"embeddable":true,"href":"https:\/\/gazetaregionalna.com\/index.php?rest_route=%2Fwp%2Fv2%2Fcomments&post=41282"}],"version-history":[{"count":1,"href":"https:\/\/gazetaregionalna.com\/index.php?rest_route=\/wp\/v2\/posts\/41282\/revisions"}],"predecessor-version":[{"id":41283,"href":"https:\/\/gazetaregionalna.com\/index.php?rest_route=\/wp\/v2\/posts\/41282\/revisions\/41283"}],"wp:featuredmedia":[{"embeddable":true,"href":"https:\/\/gazetaregionalna.com\/index.php?rest_route=\/wp\/v2\/media\/41025"}],"wp:attachment":[{"href":"https:\/\/gazetaregionalna.com\/index.php?rest_route=%2Fwp%2Fv2%2Fmedia&parent=41282"}],"wp:term":[{"taxonomy":"category","embeddable":true,"href":"https:\/\/gazetaregionalna.com\/index.php?rest_route=%2Fwp%2Fv2%2Fcategories&post=41282"},{"taxonomy":"post_tag","embeddable":true,"href":"https:\/\/gazetaregionalna.com\/index.php?rest_route=%2Fwp%2Fv2%2Ftags&post=41282"}],"curies":[{"name":"wp","href":"https:\/\/api.w.org\/{rel}","templated":true}]}}