{"id":40919,"date":"2021-05-08T05:56:55","date_gmt":"2021-05-08T05:56:55","guid":{"rendered":"https:\/\/gazetaregionalna.com\/?p=40919"},"modified":"2021-05-08T05:56:56","modified_gmt":"2021-05-08T05:56:56","slug":"leslaw-walaszczyk-z-exact-systems-norwida-to-dla-nas-fantastyczny-sezon","status":"publish","type":"post","link":"https:\/\/gazetaregionalna.com\/?p=40919","title":{"rendered":"Les\u0142aw Walaszczyk z Exact Systems Norwida: To dla nas fantastyczny sezon"},"content":{"rendered":"\n<p>Siatkarze Exact Systems Norwida zaj\u0119li w zako\u0144czonym sezonie Tauron 1 Ligi bardzo wysokie 5. miejsce na 15 dru\u017cyn. To najlepszy wynik w historii klubu. &#8211; Teraz ju\u017c po sezonie mo\u017cna powiedzie\u0107, \u017ce by\u0142 to dla nas fantastyczny sezon i najlepszy \u2013 m\u00f3wi w wywiadzie dla Gazety Regionalenj cz\u0142onek zarz\u0105du klubu i g\u0142\u00f3wny sponsor Les\u0142aw Walaszczyk.<\/p>\n\n\n\n<p><strong>Gazeta Regionalna: Jak zarz\u0105d Exact Systems Norwid Cz\u0119stochowa ocenia gr\u0119 i obecny sezon w Tauron 1 Lidze? Wiemy ju\u017c, \u017ce to najlepszy wynik w historii klubu czyli 4. miejsce w rundzie zasadniczej i 5. na zako\u0144czenie sezonu&#8230;<\/strong><\/p>\n\n\n\n<p>Les\u0142aw Walaszczyk: Ka\u017cdy sezon jest inny, do tego podchodzili\u015bmy z du\u017ca niepewno\u015bci\u0105 czy si\u0119 odb\u0119dzie, czy b\u0119d\u0105 kibice, jak wypadniemy na tle innych zespo\u0142\u00f3w. Teraz ju\u017c po sezonie mo\u017cna powiedzie\u0107, \u017ce by\u0142 to dla nas fantastyczny sezon i najlepszy.<\/p>\n\n\n\n<p><strong>Przed sezonem wasz klub typowa\u0142o si\u0119 do walki o gr\u0119 w czo\u0142owej \u00f3semce, a tymczasem otarli\u015bcie si\u0119 o stref\u0119 medalow\u0105&#8230; Czy zgadza si\u0119 Pan, \u017ce byli\u015bcie rewelacj\u0105 sezonu i \u201eczarnym koniem\u201d?<\/strong><\/p>\n\n\n\n<p><strong>2. <\/strong>Zdecydowanie tak. Ch\u0142opaki pod wodz\u0105 Tomka Kowalskiego, kt\u00f3ry przecie\u017c rozgrywa\u0142 ju\u017c w Plus Lidze i mia\u0142 najwi\u0119ksze do\u015bwiadczenie w naszej m\u0142odej dru\u017cynie, zanotowali najlepsze miejsce w historii Exact Systems Norwida w 1 lidze, czego im naprawd\u0119 gratuluj\u0119 i si\u0119 bardzo ciesz\u0119.<\/p>\n\n\n\n<p><strong>Wiadomo, \u017ce apetyty rosn\u0105 w miar\u0119 jedzenia. Ale chyba ta 5. pozycja jest adekwatna do waszej&#8230;<\/strong><\/p>\n\n\n\n<p>Nie ma co ukrywa\u0107. My\u015bl\u0119, \u017ce wszyscy przed sezonem wiedzieli, \u017ce s\u0105 cztery wyr\u00f3\u017cniaj\u0105ce si\u0119 zespo\u0142y (Bielsko-Bia\u0142a, Bydgoszcz, Lublin i Wroc\u0142aw) i one b\u0119d\u0105 rozdawa\u0107 karty w Tauron 1 Lidze. Natomiast z naszego punktu widzenia wygrali\u015bmy wszystkie mecze z dru\u017cynami poni\u017cej. Zaliczyli\u015bmy tylko jedna wpadk\u0119 u siebie z Bia\u0142ymstokiem. Ta nasza bardzo dobra gra z pozosta\u0142ymi zespo\u0142ami i te wszystkie zwyci\u0119stwa z ni\u017cej notowanymi rywalami ni\u017c wymieniona przez mniej czo\u0142owa czw\u00f3rka by\u0142o kluczem do zako\u0144czenia rundy zasadniczej nawet przed Wroc\u0142awiem, kt\u00f3ry by\u0142 5. po rundzie zasadniczej.<\/p>\n\n\n\n<p><strong>W obecnym sezonie wida\u0107 by\u0142o du\u017cy profesjonalizm w klubie. Zamawiali\u015bcie profesjonalne transmisje ze swoich spotka\u0144, widoczni byli\u015bcie w social mediach. Wiele artyku\u0142\u00f3w o waszych meczach mo\u017cna by\u0142o przeczyta\u0107 w lokalnej prasie i serwisach internetowych. Do tego siatkarze, kt\u00f3rzy podpisali nowe umowy z Exact Systems Norwid podkre\u015blaj\u0105, \u017ce panuje u was bardzo dobra atmosfera i du\u017cy profesjonalizm&#8230;<\/strong><\/p>\n\n\n\n<p>&#8211; Mi\u0142o to s\u0142ysze\u0107. Tak, jeste\u015bmy \u015bwiadomi, \u017ce klub to nie tylko zesp\u00f3\u0142. W zasadzie zesp\u00f3\u0142 jest dodatkiem. Najwa\u017cniejsi s\u0105 kibice i to o nich staramy si\u0119 najbardziej my\u015ble\u0107. Mieli\u015bmy \u015bwiadomo\u015b\u0107, \u017ce nie mogli by\u0107 z zespo\u0142em na \u017cywo w naszej hali. Dlatego k\u0142adli\u015bmy du\u017cy nacisk na komunikacj\u0119 i transmisj\u0119 na \u017cywo z mecz\u00f3w, czy relacje w naszych mediach spo\u0142eczno\u015bciowych.<\/p>\n\n\n\n<p><strong>Wiadomo ju\u017c, \u017ce trudno b\u0119dzie zatrzyma\u0107 Damiana Koguta, kt\u00f3ry by\u0142 wysoko w rankingach indywidualnych i chce gra\u0107 w Plus Lidze. Czy mo\u017ce Pan zdradzi\u0107 nazwiska siatkarzy, kt\u00f3rzy przyjd\u0105 do Cz\u0119stochowy?<\/strong><\/p>\n\n\n\n<p>&#8211; Kogiego nie da si\u0119 zast\u0105pi\u0107. Mo\u017ce jedynie wr\u00f3ci\u0107 kiedy\u015b do nas. Jest z nami od 7 lat i szczerze mu gratuluj\u0119 takiego rozwoju i zaproszenia do elity siatkarskiej jak\u0105 tworzy Plus Liga, czyli najlepsza liga mistrz\u00f3w \u015bwiata. Nowych zawodnik\u00f3w b\u0119dziemy starali si\u0119 jak najszybciej przedstawia\u0107 naszym kibicom, ale Damiana Koguta nie umiemy sklonowa\u0107&#8230; Wi\u0119kszo\u015b\u0107 siatkarzy pozostaje, b\u0119d\u0105 zmiany g\u0142ownie na przyj\u0119ciu&#8230;<\/p>\n\n\n\n<p><strong>Jak b\u0119d\u0105 wygl\u0105da\u0107 najbli\u017csze tygodnie w klubie? Siatkarze dostali wolne na upragnione urlopy? Kiedy rozpoczynacie przygotowania do nowego sezonu?<\/strong><\/p>\n\n\n\n<p>&#8211; Zawodnicy, kt\u00f3rzy zostaj\u0105 na kolejny sezon, wchodz\u0105 w tryb wakacyjny przygotowany przez Miko\u0142aja Szewczyka. Miko\u0142aj odpowiada za przygotowanie fizyczne zespo\u0142u, a w mi\u0119dzyczasie b\u0119d\u0105 pomaga\u0107 w zaj\u0119ciach z m\u0142odszymi grupami. Wiemy, \u017ce fajnie dzia\u0142a to na dzieci i m\u0142odzie\u017c jak popracuj\u0105 z \u201egwiazdami\u201d. Start przygotowa\u0144 do nowego sezonu, tak jak zawsze, planowany jest pod koniec wakacji.<\/p>\n\n\n\n<p><strong>Na koniec zapytam o Akademi\u0119 Norwidziaka. Prosz\u0119 co\u015b wi\u0119cej powiedzie\u0107 w tym temacie. Od jakiego wieku mo\u017cna przyprowadzi\u0107 dziecko na treningi? Czy trenujecie tylko ch\u0142opc\u00f3w czy dziewczynki te\u017c?<\/strong><\/p>\n\n\n\n<p><strong>&#8211; <\/strong>Jeste\u015bmy klubem m\u0119skim dlatego skupiamy si\u0119 na ch\u0142opcach. Zapraszamy wszystkich ch\u0119tnych od momentu rozpocz\u0119cia nauki, czyli od pierwszej klasy. Trening dla tych dzieci to zabawa przez sport z elementami siatk\u00f3wki. Zaj\u0119cia prowadz\u0105 byli i obecni zawodnicy i robi\u0105 to naprawd\u0119 \u015bwietnie. Zaj\u0119cia prowadzone s\u0105 w naszych salach w Norwidzie.<\/p>\n\n\n\n<p><strong>Dzi\u0119kujemy za rozmow\u0119<\/strong><\/p>\n\n\n\n<p>Foto: Gazeta Regionalna\/AK<\/p>\n\n\n\n<figure class=\"wp-block-image size-large\"><img decoding=\"async\" width=\"1024\" height=\"683\" data-src=\"https:\/\/gazetaregionalna.com\/wp-content\/uploads\/2021\/05\/Nor-Visla-23-1-1024x683.jpg\" alt=\"\" class=\"wp-image-40921 lazyload\" data-srcset=\"https:\/\/gazetaregionalna.com\/wp-content\/uploads\/2021\/05\/Nor-Visla-23-1-1024x683.jpg 1024w, https:\/\/gazetaregionalna.com\/wp-content\/uploads\/2021\/05\/Nor-Visla-23-1-300x200.jpg 300w, https:\/\/gazetaregionalna.com\/wp-content\/uploads\/2021\/05\/Nor-Visla-23-1-768x512.jpg 768w, https:\/\/gazetaregionalna.com\/wp-content\/uploads\/2021\/05\/Nor-Visla-23-1-1536x1024.jpg 1536w, https:\/\/gazetaregionalna.com\/wp-content\/uploads\/2021\/05\/Nor-Visla-23-1-2048x1365.jpg 2048w, https:\/\/gazetaregionalna.com\/wp-content\/uploads\/2021\/05\/Nor-Visla-23-1-696x464.jpg 696w, https:\/\/gazetaregionalna.com\/wp-content\/uploads\/2021\/05\/Nor-Visla-23-1-1068x712.jpg 1068w, https:\/\/gazetaregionalna.com\/wp-content\/uploads\/2021\/05\/Nor-Visla-23-1-1920x1280.jpg 1920w, https:\/\/gazetaregionalna.com\/wp-content\/uploads\/2021\/05\/Nor-Visla-23-1-630x420.jpg 630w, https:\/\/gazetaregionalna.com\/wp-content\/uploads\/2021\/05\/Nor-Visla-23-1-scaled.jpg 1200w\" data-sizes=\"(max-width: 1024px) 100vw, 1024px\" src=\"data:image\/svg+xml;base64,PHN2ZyB3aWR0aD0iMSIgaGVpZ2h0PSIxIiB4bWxucz0iaHR0cDovL3d3dy53My5vcmcvMjAwMC9zdmciPjwvc3ZnPg==\" style=\"--smush-placeholder-width: 1024px; --smush-placeholder-aspect-ratio: 1024\/683;\" \/><\/figure>\n\n\n\n<figure class=\"wp-block-image size-large\"><img decoding=\"async\" width=\"1024\" height=\"656\" data-src=\"https:\/\/gazetaregionalna.com\/wp-content\/uploads\/2021\/04\/ESN-Avia-97-1024x656.jpg\" alt=\"\" class=\"wp-image-39290 lazyload\" data-srcset=\"https:\/\/gazetaregionalna.com\/wp-content\/uploads\/2021\/04\/ESN-Avia-97-1024x656.jpg 1024w, https:\/\/gazetaregionalna.com\/wp-content\/uploads\/2021\/04\/ESN-Avia-97-300x192.jpg 300w, https:\/\/gazetaregionalna.com\/wp-content\/uploads\/2021\/04\/ESN-Avia-97-768x492.jpg 768w, https:\/\/gazetaregionalna.com\/wp-content\/uploads\/2021\/04\/ESN-Avia-97-1536x984.jpg 1536w, https:\/\/gazetaregionalna.com\/wp-content\/uploads\/2021\/04\/ESN-Avia-97-2048x1313.jpg 2048w, https:\/\/gazetaregionalna.com\/wp-content\/uploads\/2021\/04\/ESN-Avia-97-696x446.jpg 696w, https:\/\/gazetaregionalna.com\/wp-content\/uploads\/2021\/04\/ESN-Avia-97-1068x685.jpg 1068w, https:\/\/gazetaregionalna.com\/wp-content\/uploads\/2021\/04\/ESN-Avia-97-1920x1231.jpg 1920w, https:\/\/gazetaregionalna.com\/wp-content\/uploads\/2021\/04\/ESN-Avia-97-655x420.jpg 655w, https:\/\/gazetaregionalna.com\/wp-content\/uploads\/2021\/04\/ESN-Avia-97-scaled.jpg 1200w\" data-sizes=\"(max-width: 1024px) 100vw, 1024px\" src=\"data:image\/svg+xml;base64,PHN2ZyB3aWR0aD0iMSIgaGVpZ2h0PSIxIiB4bWxucz0iaHR0cDovL3d3dy53My5vcmcvMjAwMC9zdmciPjwvc3ZnPg==\" style=\"--smush-placeholder-width: 1024px; --smush-placeholder-aspect-ratio: 1024\/656;\" \/><\/figure>\n","protected":false},"excerpt":{"rendered":"<p>Siatkarze Exact Systems Norwida zaj\u0119li w zako\u0144czonym sezonie Tauron 1 Ligi bardzo wysokie 5. miejsce na 15 dru\u017cyn. To najlepszy wynik w historii klubu.<\/p>\n","protected":false},"author":15,"featured_media":39290,"comment_status":"open","ping_status":"open","sticky":false,"template":"","format":"standard","meta":{"_monsterinsights_skip_tracking":false,"_monsterinsights_sitenote_active":false,"_monsterinsights_sitenote_note":"","_monsterinsights_sitenote_category":0,"_uf_show_specific_survey":0,"_uf_disable_surveys":false,"footnotes":""},"categories":[5,8],"tags":[],"class_list":["post-40919","post","type-post","status-publish","format-standard","has-post-thumbnail","hentry","category-sport","category-siatkowka"],"_links":{"self":[{"href":"https:\/\/gazetaregionalna.com\/index.php?rest_route=\/wp\/v2\/posts\/40919","targetHints":{"allow":["GET"]}}],"collection":[{"href":"https:\/\/gazetaregionalna.com\/index.php?rest_route=\/wp\/v2\/posts"}],"about":[{"href":"https:\/\/gazetaregionalna.com\/index.php?rest_route=\/wp\/v2\/types\/post"}],"author":[{"embeddable":true,"href":"https:\/\/gazetaregionalna.com\/index.php?rest_route=\/wp\/v2\/users\/15"}],"replies":[{"embeddable":true,"href":"https:\/\/gazetaregionalna.com\/index.php?rest_route=%2Fwp%2Fv2%2Fcomments&post=40919"}],"version-history":[{"count":1,"href":"https:\/\/gazetaregionalna.com\/index.php?rest_route=\/wp\/v2\/posts\/40919\/revisions"}],"predecessor-version":[{"id":40922,"href":"https:\/\/gazetaregionalna.com\/index.php?rest_route=\/wp\/v2\/posts\/40919\/revisions\/40922"}],"wp:featuredmedia":[{"embeddable":true,"href":"https:\/\/gazetaregionalna.com\/index.php?rest_route=\/wp\/v2\/media\/39290"}],"wp:attachment":[{"href":"https:\/\/gazetaregionalna.com\/index.php?rest_route=%2Fwp%2Fv2%2Fmedia&parent=40919"}],"wp:term":[{"taxonomy":"category","embeddable":true,"href":"https:\/\/gazetaregionalna.com\/index.php?rest_route=%2Fwp%2Fv2%2Fcategories&post=40919"},{"taxonomy":"post_tag","embeddable":true,"href":"https:\/\/gazetaregionalna.com\/index.php?rest_route=%2Fwp%2Fv2%2Ftags&post=40919"}],"curies":[{"name":"wp","href":"https:\/\/api.w.org\/{rel}","templated":true}]}}