{"id":40895,"date":"2021-05-07T18:19:35","date_gmt":"2021-05-07T18:19:35","guid":{"rendered":"https:\/\/gazetaregionalna.com\/?p=40895"},"modified":"2021-05-07T18:45:31","modified_gmt":"2021-05-07T18:45:31","slug":"policjanci-straznicy-miejscy-i-strazacy-pozegnali-w-czestochowie-zastrzelonego-w-raciborzu-policjanta","status":"publish","type":"post","link":"https:\/\/gazetaregionalna.com\/?p=40895","title":{"rendered":"Policjanci, stra\u017cnicy miejscy i stra\u017cacy po\u017cegnali w Cz\u0119stochowie zastrzelonego w Raciborzu policjanta"},"content":{"rendered":"\n<h2 class=\"wp-block-heading\">Punktualnie w samo po\u0142udnie policjanci z Komendy Miejskiej Policji w Cz\u0119stochowie uczcili pami\u0119\u0107 aspiranta Micha\u0142a K\u0119dzierskiego z Raciborza, kt\u00f3ry 4 maja zgin\u0105\u0142 w trakcie pe\u0142nienia s\u0142u\u017cby. Policjant zosta\u0142 zastrzelony przez bandyt\u0119. <\/h2>\n\n\n\n<p>Dzi\u015b o godzinie 12 rozpocz\u0119\u0142y si\u0119 uroczysto\u015bci pogrzebowe  Micha\u0142a K\u0119dzierskiego. W tym samym czasie Jego koledzy z ca\u0142ej Polski postanowili odda\u0107 mu honoru.<\/p>\n\n\n\n<p>Punktualnie w samo po\u0142udnie policjanci z Komendy Miejskiej Policji w Cz\u0119stochowie, funkcjonariusze Pa\u0144stwowej Stra\u017cy Po\u017carnej i Stra\u017cy Miejskiej z Cz\u0119stochowy oddali cze\u015b\u0107 Micha\u0142owi w\u0142\u0105czaj\u0105c sygna\u0142y \u015bwietlne i d\u017awi\u0119kowe w pojazdach s\u0142u\u017cbowych. <\/p>\n\n\n\n<figure class=\"wp-block-gallery columns-3 is-cropped wp-block-gallery-1 is-layout-flex wp-block-gallery-is-layout-flex\"><ul class=\"blocks-gallery-grid\"><li class=\"blocks-gallery-item\"><figure><a href=\"https:\/\/gazetaregionalna.com\/wp-content\/uploads\/2021\/05\/42-654918.jpg\"><img decoding=\"async\" width=\"970\" height=\"546\" data-src=\"https:\/\/gazetaregionalna.com\/wp-content\/uploads\/2021\/05\/42-654918.jpg\" alt=\"\" data-id=\"40899\" data-full-url=\"https:\/\/gazetaregionalna.com\/wp-content\/uploads\/2021\/05\/42-654918.jpg\" data-link=\"https:\/\/gazetaregionalna.com\/?attachment_id=40899\" class=\"wp-image-40899 lazyload\" data-srcset=\"https:\/\/gazetaregionalna.com\/wp-content\/uploads\/2021\/05\/42-654918.jpg 970w, https:\/\/gazetaregionalna.com\/wp-content\/uploads\/2021\/05\/42-654918-300x169.jpg 300w, https:\/\/gazetaregionalna.com\/wp-content\/uploads\/2021\/05\/42-654918-768x432.jpg 768w, https:\/\/gazetaregionalna.com\/wp-content\/uploads\/2021\/05\/42-654918-696x392.jpg 696w, https:\/\/gazetaregionalna.com\/wp-content\/uploads\/2021\/05\/42-654918-746x420.jpg 746w\" data-sizes=\"(max-width: 970px) 100vw, 970px\" src=\"data:image\/svg+xml;base64,PHN2ZyB3aWR0aD0iMSIgaGVpZ2h0PSIxIiB4bWxucz0iaHR0cDovL3d3dy53My5vcmcvMjAwMC9zdmciPjwvc3ZnPg==\" style=\"--smush-placeholder-width: 970px; --smush-placeholder-aspect-ratio: 970\/546;\" \/><\/a><\/figure><\/li><li class=\"blocks-gallery-item\"><figure><a href=\"https:\/\/gazetaregionalna.com\/wp-content\/uploads\/2021\/05\/42-654919.jpg\"><img decoding=\"async\" width=\"970\" height=\"728\" data-src=\"https:\/\/gazetaregionalna.com\/wp-content\/uploads\/2021\/05\/42-654919.jpg\" alt=\"\" data-id=\"40900\" data-full-url=\"https:\/\/gazetaregionalna.com\/wp-content\/uploads\/2021\/05\/42-654919.jpg\" data-link=\"https:\/\/gazetaregionalna.com\/?attachment_id=40900\" class=\"wp-image-40900 lazyload\" data-srcset=\"https:\/\/gazetaregionalna.com\/wp-content\/uploads\/2021\/05\/42-654919.jpg 970w, https:\/\/gazetaregionalna.com\/wp-content\/uploads\/2021\/05\/42-654919-300x225.jpg 300w, https:\/\/gazetaregionalna.com\/wp-content\/uploads\/2021\/05\/42-654919-768x576.jpg 768w, https:\/\/gazetaregionalna.com\/wp-content\/uploads\/2021\/05\/42-654919-696x522.jpg 696w, https:\/\/gazetaregionalna.com\/wp-content\/uploads\/2021\/05\/42-654919-560x420.jpg 560w, https:\/\/gazetaregionalna.com\/wp-content\/uploads\/2021\/05\/42-654919-80x60.jpg 80w, https:\/\/gazetaregionalna.com\/wp-content\/uploads\/2021\/05\/42-654919-265x198.jpg 265w\" data-sizes=\"(max-width: 970px) 100vw, 970px\" src=\"data:image\/svg+xml;base64,PHN2ZyB3aWR0aD0iMSIgaGVpZ2h0PSIxIiB4bWxucz0iaHR0cDovL3d3dy53My5vcmcvMjAwMC9zdmciPjwvc3ZnPg==\" style=\"--smush-placeholder-width: 970px; --smush-placeholder-aspect-ratio: 970\/728;\" \/><\/a><\/figure><\/li><li class=\"blocks-gallery-item\"><figure><a href=\"https:\/\/gazetaregionalna.com\/wp-content\/uploads\/2021\/05\/42-654920.jpg\"><img decoding=\"async\" width=\"970\" height=\"728\" data-src=\"https:\/\/gazetaregionalna.com\/wp-content\/uploads\/2021\/05\/42-654920.jpg\" alt=\"\" data-id=\"40901\" data-full-url=\"https:\/\/gazetaregionalna.com\/wp-content\/uploads\/2021\/05\/42-654920.jpg\" data-link=\"https:\/\/gazetaregionalna.com\/?attachment_id=40901\" class=\"wp-image-40901 lazyload\" data-srcset=\"https:\/\/gazetaregionalna.com\/wp-content\/uploads\/2021\/05\/42-654920.jpg 970w, https:\/\/gazetaregionalna.com\/wp-content\/uploads\/2021\/05\/42-654920-300x225.jpg 300w, https:\/\/gazetaregionalna.com\/wp-content\/uploads\/2021\/05\/42-654920-768x576.jpg 768w, https:\/\/gazetaregionalna.com\/wp-content\/uploads\/2021\/05\/42-654920-696x522.jpg 696w, https:\/\/gazetaregionalna.com\/wp-content\/uploads\/2021\/05\/42-654920-560x420.jpg 560w, https:\/\/gazetaregionalna.com\/wp-content\/uploads\/2021\/05\/42-654920-80x60.jpg 80w, https:\/\/gazetaregionalna.com\/wp-content\/uploads\/2021\/05\/42-654920-265x198.jpg 265w\" data-sizes=\"(max-width: 970px) 100vw, 970px\" src=\"data:image\/svg+xml;base64,PHN2ZyB3aWR0aD0iMSIgaGVpZ2h0PSIxIiB4bWxucz0iaHR0cDovL3d3dy53My5vcmcvMjAwMC9zdmciPjwvc3ZnPg==\" style=\"--smush-placeholder-width: 970px; --smush-placeholder-aspect-ratio: 970\/728;\" \/><\/a><\/figure><\/li><li class=\"blocks-gallery-item\"><figure><a href=\"https:\/\/gazetaregionalna.com\/wp-content\/uploads\/2021\/05\/42-654921.jpg\"><img decoding=\"async\" width=\"970\" height=\"728\" data-src=\"https:\/\/gazetaregionalna.com\/wp-content\/uploads\/2021\/05\/42-654921.jpg\" alt=\"\" data-id=\"40902\" data-full-url=\"https:\/\/gazetaregionalna.com\/wp-content\/uploads\/2021\/05\/42-654921.jpg\" data-link=\"https:\/\/gazetaregionalna.com\/?attachment_id=40902\" class=\"wp-image-40902 lazyload\" data-srcset=\"https:\/\/gazetaregionalna.com\/wp-content\/uploads\/2021\/05\/42-654921.jpg 970w, https:\/\/gazetaregionalna.com\/wp-content\/uploads\/2021\/05\/42-654921-300x225.jpg 300w, https:\/\/gazetaregionalna.com\/wp-content\/uploads\/2021\/05\/42-654921-768x576.jpg 768w, https:\/\/gazetaregionalna.com\/wp-content\/uploads\/2021\/05\/42-654921-696x522.jpg 696w, https:\/\/gazetaregionalna.com\/wp-content\/uploads\/2021\/05\/42-654921-560x420.jpg 560w, https:\/\/gazetaregionalna.com\/wp-content\/uploads\/2021\/05\/42-654921-80x60.jpg 80w, https:\/\/gazetaregionalna.com\/wp-content\/uploads\/2021\/05\/42-654921-265x198.jpg 265w\" data-sizes=\"(max-width: 970px) 100vw, 970px\" src=\"data:image\/svg+xml;base64,PHN2ZyB3aWR0aD0iMSIgaGVpZ2h0PSIxIiB4bWxucz0iaHR0cDovL3d3dy53My5vcmcvMjAwMC9zdmciPjwvc3ZnPg==\" style=\"--smush-placeholder-width: 970px; --smush-placeholder-aspect-ratio: 970\/728;\" \/><\/a><\/figure><\/li><li class=\"blocks-gallery-item\"><figure><a href=\"https:\/\/gazetaregionalna.com\/wp-content\/uploads\/2021\/05\/42-654922.jpg\"><img decoding=\"async\" width=\"970\" height=\"628\" data-src=\"https:\/\/gazetaregionalna.com\/wp-content\/uploads\/2021\/05\/42-654922.jpg\" alt=\"\" data-id=\"40903\" data-full-url=\"https:\/\/gazetaregionalna.com\/wp-content\/uploads\/2021\/05\/42-654922.jpg\" data-link=\"https:\/\/gazetaregionalna.com\/?attachment_id=40903\" class=\"wp-image-40903 lazyload\" data-srcset=\"https:\/\/gazetaregionalna.com\/wp-content\/uploads\/2021\/05\/42-654922.jpg 970w, https:\/\/gazetaregionalna.com\/wp-content\/uploads\/2021\/05\/42-654922-300x194.jpg 300w, https:\/\/gazetaregionalna.com\/wp-content\/uploads\/2021\/05\/42-654922-768x497.jpg 768w, https:\/\/gazetaregionalna.com\/wp-content\/uploads\/2021\/05\/42-654922-696x451.jpg 696w, https:\/\/gazetaregionalna.com\/wp-content\/uploads\/2021\/05\/42-654922-649x420.jpg 649w\" data-sizes=\"(max-width: 970px) 100vw, 970px\" src=\"data:image\/svg+xml;base64,PHN2ZyB3aWR0aD0iMSIgaGVpZ2h0PSIxIiB4bWxucz0iaHR0cDovL3d3dy53My5vcmcvMjAwMC9zdmciPjwvc3ZnPg==\" style=\"--smush-placeholder-width: 970px; --smush-placeholder-aspect-ratio: 970\/628;\" \/><\/a><\/figure><\/li><li class=\"blocks-gallery-item\"><figure><a href=\"https:\/\/gazetaregionalna.com\/wp-content\/uploads\/2021\/05\/42-654926.jpg\"><img decoding=\"async\" width=\"970\" height=\"546\" data-src=\"https:\/\/gazetaregionalna.com\/wp-content\/uploads\/2021\/05\/42-654926.jpg\" alt=\"\" data-id=\"40904\" data-full-url=\"https:\/\/gazetaregionalna.com\/wp-content\/uploads\/2021\/05\/42-654926.jpg\" data-link=\"https:\/\/gazetaregionalna.com\/?attachment_id=40904\" class=\"wp-image-40904 lazyload\" data-srcset=\"https:\/\/gazetaregionalna.com\/wp-content\/uploads\/2021\/05\/42-654926.jpg 970w, https:\/\/gazetaregionalna.com\/wp-content\/uploads\/2021\/05\/42-654926-300x169.jpg 300w, https:\/\/gazetaregionalna.com\/wp-content\/uploads\/2021\/05\/42-654926-768x432.jpg 768w, https:\/\/gazetaregionalna.com\/wp-content\/uploads\/2021\/05\/42-654926-696x392.jpg 696w, https:\/\/gazetaregionalna.com\/wp-content\/uploads\/2021\/05\/42-654926-746x420.jpg 746w\" data-sizes=\"(max-width: 970px) 100vw, 970px\" src=\"data:image\/svg+xml;base64,PHN2ZyB3aWR0aD0iMSIgaGVpZ2h0PSIxIiB4bWxucz0iaHR0cDovL3d3dy53My5vcmcvMjAwMC9zdmciPjwvc3ZnPg==\" style=\"--smush-placeholder-width: 970px; --smush-placeholder-aspect-ratio: 970\/546;\" \/><\/a><\/figure><\/li><\/ul><\/figure>\n\n\n\n<figure class=\"wp-block-video\"><video controls src=\"https:\/\/gazetaregionalna.com\/wp-content\/uploads\/2021\/05\/42-654931.mp4\"><\/video><\/figure>\n","protected":false},"excerpt":{"rendered":"<p>Punktualnie w samo po\u0142udnie policjanci z Komendy Miejskiej Policji w Cz\u0119stochowie uczcili pami\u0119\u0107 aspiranta Micha\u0142a K\u0119dzierskiego z Raciborza, kt\u00f3ry 4 maja zgin\u0105\u0142 w trakcie<\/p>\n","protected":false},"author":7,"featured_media":40899,"comment_status":"open","ping_status":"open","sticky":false,"template":"","format":"standard","meta":{"_monsterinsights_skip_tracking":false,"_monsterinsights_sitenote_active":false,"_monsterinsights_sitenote_note":"","_monsterinsights_sitenote_category":0,"_uf_show_specific_survey":0,"_uf_disable_surveys":false,"footnotes":""},"categories":[94,3,2],"tags":[],"class_list":["post-40895","post","type-post","status-publish","format-standard","has-post-thumbnail","hentry","category-polecane","category-czestochowa-informacje","category-wiadomosci"],"_links":{"self":[{"href":"https:\/\/gazetaregionalna.com\/index.php?rest_route=\/wp\/v2\/posts\/40895","targetHints":{"allow":["GET"]}}],"collection":[{"href":"https:\/\/gazetaregionalna.com\/index.php?rest_route=\/wp\/v2\/posts"}],"about":[{"href":"https:\/\/gazetaregionalna.com\/index.php?rest_route=\/wp\/v2\/types\/post"}],"author":[{"embeddable":true,"href":"https:\/\/gazetaregionalna.com\/index.php?rest_route=\/wp\/v2\/users\/7"}],"replies":[{"embeddable":true,"href":"https:\/\/gazetaregionalna.com\/index.php?rest_route=%2Fwp%2Fv2%2Fcomments&post=40895"}],"version-history":[{"count":12,"href":"https:\/\/gazetaregionalna.com\/index.php?rest_route=\/wp\/v2\/posts\/40895\/revisions"}],"predecessor-version":[{"id":40917,"href":"https:\/\/gazetaregionalna.com\/index.php?rest_route=\/wp\/v2\/posts\/40895\/revisions\/40917"}],"wp:featuredmedia":[{"embeddable":true,"href":"https:\/\/gazetaregionalna.com\/index.php?rest_route=\/wp\/v2\/media\/40899"}],"wp:attachment":[{"href":"https:\/\/gazetaregionalna.com\/index.php?rest_route=%2Fwp%2Fv2%2Fmedia&parent=40895"}],"wp:term":[{"taxonomy":"category","embeddable":true,"href":"https:\/\/gazetaregionalna.com\/index.php?rest_route=%2Fwp%2Fv2%2Fcategories&post=40895"},{"taxonomy":"post_tag","embeddable":true,"href":"https:\/\/gazetaregionalna.com\/index.php?rest_route=%2Fwp%2Fv2%2Ftags&post=40895"}],"curies":[{"name":"wp","href":"https:\/\/api.w.org\/{rel}","templated":true}]}}